{"id":14810,"date":"2023-09-05T00:05:02","date_gmt":"2023-09-04T21:05:02","guid":{"rendered":"https:\/\/marmarayerelhizmet.com\/?p=14810"},"modified":"2023-09-04T22:56:39","modified_gmt":"2023-09-04T19:56:39","slug":"63-kurtdereli-yagli-guresleri-sona-erdi","status":"publish","type":"post","link":"https:\/\/marmarayerelhizmet.com\/index.php\/2023\/09\/05\/63-kurtdereli-yagli-guresleri-sona-erdi\/","title":{"rendered":"63. Kurtdereli Ya\u011fl\u0131 G\u00fcre\u015fleri Sona Erdi"},"content":{"rendered":"<p><strong><span style=\"font-family: arial, helvetica, sans-serif; font-size: 14px;\">Bal\u0131kesir B\u00fcy\u00fck\u015fehir Belediyesi ve Karesi Belediyesi taraf\u0131ndan \u201cCihan Pehlivan\u0131\u201d Kurtdereli Mehmet Pehlivan an\u0131s\u0131na bu y\u0131l 63\u2019\u00fcnc\u00fcs\u00fc d\u00fczenlenen Kurtdereli Ya\u011fl\u0131 G\u00fcre\u015fleri\u2019nde ba\u015fpehlivanl\u0131\u011f\u0131, Ali G\u00fcrb\u00fcz kazand\u0131. Kurtdere\u2019de CW Enerji Ya\u011fl\u0131 G\u00fcre\u015f Ligi de sona ermi\u015f oldu.<\/span><\/strong><\/p>\n<p><span style=\"font-family: arial, helvetica, sans-serif; font-size: 14px;\">\u201cCihan Pehlivan\u0131\u201d Kurtdereli Mehmet Pehlivan an\u0131s\u0131na bu y\u0131l 63\u2019\u00fcnc\u00fcs\u00fc d\u00fczenlenen Kurtdereli Ya\u011fl\u0131 G\u00fcre\u015fleri\u2019 2 bin 500\u2019\u00fcn \u00fczerinde pehlivan\u0131n kat\u0131l\u0131m\u0131yla yap\u0131ld\u0131. Bal\u0131kesir B\u00fcy\u00fck\u015fehir Belediyesi ve Karesi Belediyesi taraf\u0131ndan d\u00fczenlenen g\u00fcre\u015flerde ba\u015fpehlivan Ali G\u00fcrb\u00fcz oldu. G\u00fcre\u015fseverlerin ilgiyle takip etti\u011fi etkinlik, Ya\u011fl\u0131 G\u00fcre\u015f Birli\u011fi ve B\u00fcy\u00fck\u015fehir Belediye Ba\u015fkan\u0131 Y\u00fccel Y\u0131lmaz ile Karesi Belediye Ba\u015fkan\u0131 Din\u00e7er Orkan\u2019\u0131n ev sahipli\u011finde ger\u00e7ekle\u015ftirildi.<br \/>\n<\/span><br \/>\n<strong><span style=\"font-family: arial, helvetica, sans-serif; font-size: 14px;\">YEN\u0130 BA\u015ePEHL\u0130VAN AL\u0130 G\u00dcRB\u00dcZ<\/span><\/strong><br \/>\n<span style=\"font-family: arial, helvetica, sans-serif; font-size: 14px;\">\u00c7eki\u015fmeli ge\u00e7en m\u00fcsabakalar\u0131n \u00e7eyrek finalinde rakiplerini ma\u011flup eden Ali G\u00fcrb\u00fcz, H\u00fcseyin G\u00fcm\u00fc\u015falan, Orhan Okulu ve Yusuf Can Zeybek adlar\u0131n\u0131 yar\u0131 finale yazd\u0131ran isimler oldu. Yar\u0131 finalde rakiplerini yenen Ali G\u00fcrb\u00fcz ile H\u00fcseyin G\u00fcm\u00fc\u015falan, final m\u00fcsabakas\u0131na \u00e7\u0131kt\u0131. Ali G\u00fcrb\u00fcz, final m\u00fcsabakas\u0131nda rakibi H\u00fcseyin G\u00fcm\u00fc\u015falan\u2019\u0131 puanlama b\u00f6l\u00fcm\u00fcnde \u201ck\u0131l\u00e7\u0131k\u201d yaparak alt\u0131n kemerin sahibi oldu ve Kurtdereli Ya\u011fl\u0131 G\u00fcre\u015fleri\u2019nde ba\u015fpehlivanl\u0131\u011f\u0131 kazand\u0131. Ba\u015fpehlivanl\u0131k g\u00fcre\u015flerinde Ali G\u00fcrb\u00fcz 1., H\u00fcseyin G\u00fcm\u00fc\u015falan 2., Yusuf Can Zeybek ve Orhan Okulu 3.l\u00fc\u011f\u00fc elde etti. <\/span><br \/>\n<span style=\"font-family: arial, helvetica, sans-serif; font-size: 14px;\">Ayr\u0131ca Kurtdere G\u00fcre\u015flerinde, bir ilk ya\u015fand\u0131 ve CW Enerji Ya\u011fl\u0131 G\u00fcre\u015f Ligi finalleri oynand\u0131. Finallerde ilk 24\u2019e giren g\u00fcre\u015f\u00e7iler gelecek y\u0131l K\u0131r\u0131kp\u0131nar G\u00fcre\u015flerinde ba\u015fphelivanl\u0131k g\u00fcre\u015flerine kat\u0131lma hakk\u0131 elde etti. <\/span><br \/>\n<span style=\"font-family: arial, helvetica, sans-serif; font-size: 14px;\">G\u00fcre\u015flerde 2024 y\u0131l\u0131 G\u00fcre\u015f A\u011fal\u0131\u011f\u0131n\u0131 ise Karesi Belediyesi Meclis \u00dcyesi Kemal Ayd\u0131n, 2 milyon 761 bin liral\u0131k a\u00e7\u0131k artt\u0131rma ile kazand\u0131 ve g\u00f6revi Abdullah Alt\u0131nta\u015f\u2019tan devrald\u0131.<br \/>\n<\/span><br \/>\n<strong><span style=\"font-family: arial, helvetica, sans-serif; font-size: 14px;\">G\u00dcRE\u015eLER PROTOKOL GE\u00c7\u0130D\u0130NE SAHNE OLDU<\/span><\/strong><br \/>\n<span style=\"font-family: arial, helvetica, sans-serif; font-size: 14px;\">Etkinli\u011fe kat\u0131lan D\u00fcnya Etnospor Konfederasyonu Ba\u015fkan\u0131 Bilal Erdo\u011fan ve Milli Savunma eski bakan\u0131 Hulusi Akar, final kar\u015f\u0131la\u015fmas\u0131 \u00f6ncesi g\u00fcre\u015f\u00e7ilerin yan\u0131na giderek ba\u015far\u0131 dilediler. <\/span><br \/>\n<span style=\"font-family: arial, helvetica, sans-serif; font-size: 14px;\">G\u00fcre\u015flerde ilk 3\u2019e giren ba\u015fpehlivanlara \u00f6d\u00fcllerini D\u00fcnya Etnospor Konfederasyonu Ba\u015fkan\u0131 Bilal Erdo\u011fan ve Milli Savunma eski bakan\u0131 Hulusi Akar, Tar\u0131m ve Orman eski Bakan\u0131 Vahit Kiri\u015f\u00e7i, Bal\u0131kesir Valisi \u0130smail Ustao\u011flu, Ya\u011fl\u0131 G\u00fcre\u015f D\u00fczenleyen Kentler Birli\u011fi ve Bal\u0131kesir B\u00fcy\u00fck\u015fehir Belediye Ba\u015fkan\u0131 Y\u00fccel Y\u0131lmaz ve Karesi Belediye Ba\u015fkan\u0131 Din\u00e7er Orkan ve T\u00fcrkiye Geleneksel G\u00fcre\u015fler Federasyonu Ba\u015fkan\u0131 \u0130brahim T\u00fcrki\u015f verdi.<\/span><br \/>\n<span style=\"font-family: arial, helvetica, sans-serif; font-size: 14px;\">Milli Savunma eski Bakan\u0131 Hulusi Akar, Tar\u0131m ve Orman eski Bakan\u0131 Vahit Kiri\u015f\u00e7i, Bal\u0131kesir Valisi \u0130smail Ustao\u011flu, D\u00fcnya Etnospor Konfederasyonu Ba\u015fkan\u0131 Bilal Erdo\u011fan, TOBB Ba\u015fkan\u0131 Rifat Hisarc\u0131kl\u0131o\u011flu, T\u00fcrk-\u0130\u015f Sendikas\u0131 Genel Ba\u015fkan\u0131 Erg\u00fcn Atalay, Bal\u0131kesir B\u00fcy\u00fck\u015fehir Belediye Ba\u015fkan\u0131 ve Ya\u011fl\u0131 G\u00fcre\u015f D\u00fczenleyen Kentler Birli\u011fi Ba\u015fkan\u0131 Y\u00fccel Y\u0131lmaz, AK Parti Bal\u0131kesir Milletvekilleri \u0130smail Ok, Mustafa Canbey, MHP Milletvekili Ekrem G\u00f6kay Y\u00fcksel, Demokrat Parti \u0130zmir Milletvekili Haydar Alt\u0131nta\u015f, CHP Milletvekili Serkan Sar\u0131, \u0130Y\u0130 Parti Milletvekili Turhan \u00c7\u00f6mez, Karesi Kaymakam\u0131 Metin Arslanba\u015f, Karesi Belediye Ba\u015fkan\u0131 Din\u00e7er Orkan, belediye ba\u015fkanlar\u0131 ve \u00e7ok say\u0131da vatanda\u015f\u0131n izledi\u011fi g\u00fcre\u015flerde dereceye girenlere kupa, madalya ve para \u00f6d\u00fcl\u00fc verildi.<\/span><br \/>\n<span style=\"font-family: arial, helvetica, sans-serif; font-size: 14px;\">Organizasyon sonras\u0131 Karesi Belediye Ba\u015fkan\u0131 Din\u00e7er Orkan, g\u00fcre\u015flere kat\u0131lan pehlivanlara, hakemlere, davetlilere ve g\u00fcre\u015f organizasyonunda yer alan belediye personeline te\u015fekk\u00fcr etti. Orkan, organizasyonda yer alan belediye personeli ile hat\u0131ra foto\u011fraf\u0131 \u00e7ektirdi.<\/span><\/p>\n<p>&nbsp;<\/p>\n","protected":false},"excerpt":{"rendered":"<p>Bal\u0131kesir B\u00fcy\u00fck\u015fehir Belediyesi ve Karesi Belediyesi taraf\u0131ndan \u201cCihan Pehlivan\u0131\u201d Kurtdereli Mehmet Pehlivan an\u0131s\u0131na bu y\u0131l 63\u2019\u00fcnc\u00fcs\u00fc d\u00fczenlenen Kurtdereli Ya\u011fl\u0131 G\u00fcre\u015fleri\u2019nde<\/p>\n","protected":false},"author":3,"featured_media":14812,"comment_status":"open","ping_status":"open","sticky":false,"template":"","format":"standard","meta":{"colormag_page_container_layout":"default_layout","colormag_page_sidebar_layout":"default_layout","footnotes":""},"categories":[1,5,8,9],"tags":[],"class_list":["post-14810","post","type-post","status-publish","format-standard","has-post-thumbnail","hentry","category-genel","category-gundem","category-siyaset","category-spor"],"_links":{"self":[{"href":"https:\/\/marmarayerelhizmet.com\/index.php\/wp-json\/wp\/v2\/posts\/14810","targetHints":{"allow":["GET"]}}],"collection":[{"href":"https:\/\/marmarayerelhizmet.com\/index.php\/wp-json\/wp\/v2\/posts"}],"about":[{"href":"https:\/\/marmarayerelhizmet.com\/index.php\/wp-json\/wp\/v2\/types\/post"}],"author":[{"embeddable":true,"href":"https:\/\/marmarayerelhizmet.com\/index.php\/wp-json\/wp\/v2\/users\/3"}],"replies":[{"embeddable":true,"href":"https:\/\/marmarayerelhizmet.com\/index.php\/wp-json\/wp\/v2\/comments?post=14810"}],"version-history":[{"count":0,"href":"https:\/\/marmarayerelhizmet.com\/index.php\/wp-json\/wp\/v2\/posts\/14810\/revisions"}],"wp:featuredmedia":[{"embeddable":true,"href":"https:\/\/marmarayerelhizmet.com\/index.php\/wp-json\/wp\/v2\/media\/14812"}],"wp:attachment":[{"href":"https:\/\/marmarayerelhizmet.com\/index.php\/wp-json\/wp\/v2\/media?parent=14810"}],"wp:term":[{"taxonomy":"category","embeddable":true,"href":"https:\/\/marmarayerelhizmet.com\/index.php\/wp-json\/wp\/v2\/categories?post=14810"},{"taxonomy":"post_tag","embeddable":true,"href":"https:\/\/marmarayerelhizmet.com\/index.php\/wp-json\/wp\/v2\/tags?post=14810"}],"curies":[{"name":"wp","href":"https:\/\/api.w.org\/{rel}","templated":true}]}}