{"id":14806,"date":"2023-09-04T22:51:16","date_gmt":"2023-09-04T19:51:16","guid":{"rendered":"https:\/\/marmarayerelhizmet.com\/?p=14806"},"modified":"2023-09-04T22:51:16","modified_gmt":"2023-09-04T19:51:16","slug":"filenin-sultanlari-taraftarlarla-bulustu","status":"publish","type":"post","link":"https:\/\/marmarayerelhizmet.com\/index.php\/2023\/09\/04\/filenin-sultanlari-taraftarlarla-bulustu\/","title":{"rendered":"Filenin Sultanlar\u0131 Taraftarlarla Bulu\u015ftu"},"content":{"rendered":"<p><strong><span style=\"font-family: arial, helvetica, sans-serif; font-size: 14px;\">2023 CEV Avrupa \u015eampiyonas\u0131 finalinde S\u0131rbistan&#8217;\u0131 3-2\u2019lik skorla yenerek tarihinde ilk kez \u015fampiyon olan A Milli Kad\u0131n Voleybol Tak\u0131m\u0131, \u0130stanbul\u2019da taraftarlarla bir araya geldi.<br \/>\n<\/span><\/strong><br \/>\n<span style=\"font-family: arial, helvetica, sans-serif; font-size: 14px;\">2023 CEV Avrupa \u015eampiyonas\u0131 finalinde S\u0131rbistan&#8217;\u0131 3-2\u2019lik skorla yenerek tarihinde ilk kez zafere ula\u015fan A Milli Kad\u0131n Voleybol Tak\u0131m\u0131, \u015fampiyonluk co\u015fkusunu ya\u015famaya devam ediyor. Filenin Sultanlar\u0131, \u0130stanbul&#8217;da bir al\u0131\u015fveri\u015f merkezinde d\u00fczenlenen organizasyonda taraftarlarla bir araya geldi. Ay-y\u0131ld\u0131zl\u0131 oyuncular, se\u00e7tikleri \u015fark\u0131larla sahneye \u00e7\u0131karak taraftarlar\u0131 selamlad\u0131. Oyuncular, gelenek haline gelen \u2018Erik Dal\u0131\u2019 par\u00e7as\u0131yla da \u015fampiyonlu\u011fu co\u015fkuyla kutlad\u0131.<\/span><br \/>\n<span style=\"font-family: arial, helvetica, sans-serif; font-size: 14px;\">Kutlamaya A Milli Kad\u0131n Voleybol Tak\u0131m\u0131 oyuncular\u0131, T\u00fcrkiye Voleybol Federasyonu Ba\u015fkan\u0131 Mehmet Akif \u00dcst\u00fcnda\u011f, Ba\u015fantren\u00f6r Daniele Santarelli, taraftarlar ve bas\u0131n mensuplar\u0131 kat\u0131ld\u0131. Organizasyonun ba\u015flang\u0131c\u0131nda FIVB Milletler Ligi ve CEV Avrupa \u015eampiyonas\u0131&#8217;nda kazan\u0131lan kupalar sahnede sergilendi.<\/span><\/p>\n<p><strong><span style=\"font-family: arial, helvetica, sans-serif; font-size: 14px;\">Mehmet Akif \u00dcst\u00fcnda\u011f: &#8220;Hep birlikte daha b\u00fcy\u00fck ba\u015far\u0131lara imza ataca\u011f\u0131z&#8221;<\/span><\/strong><br \/>\n<span style=\"font-family: arial, helvetica, sans-serif; font-size: 14px;\">T\u00fcrkiye\u2019nin tarihinde ilk kez bir tak\u0131m sporunda Avrupa \u015fampiyonlu\u011fu kazand\u0131\u011f\u0131n\u0131n alt\u0131n\u0131 \u00e7izen T\u00fcrkiye Voleybol Federasyonu Ba\u015fkan\u0131 Mehmet Akif \u00dcst\u00fcnda\u011f, &#8220;\u0130yi ki vars\u0131n\u0131z. Onlar olmazsa bu g\u00fczel tablo olmazd\u0131. Cumhuriyet&#8217;in 100. y\u0131l\u0131nda tarihte al\u0131nmam\u0131\u015f iki kupayla huzurlar\u0131n\u0131za geldik. Ne kadar gurur duysak azd\u0131r. Bu evlatlar bizim evlatlar\u0131m\u0131z. Hep birlikte daha b\u00fcy\u00fck ba\u015far\u0131lara imza ataca\u011f\u0131z. S\u0131rada ne varsa o var. S\u0131rada olimpiyatsa olimpiyat var. \u015eimdi Malatya \u015fark\u0131s\u0131 \u00e7alarken de \u015f\u00f6yle hissettim. 11 ilimizde deprem ya\u015fad\u0131k. Depremde hayat\u0131n\u0131 kaybedenlere rahmet diliyorum. Bu \u015fampiyonluk depremzedelere moral olsun istiyorum. Depremi ya\u015fayanlara arma\u011fan ediyorum. Siz destek verdik\u00e7e daha g\u00fczel i\u015flere imza ataca\u011f\u0131z&#8221; diye konu\u015ftu.<\/span><br \/>\n<span style=\"font-family: arial, helvetica, sans-serif; font-size: 14px;\">Cumhuriyet\u2019in 100. y\u0131l\u0131nda b\u00fcy\u00fck zaferler elde ettiklerini belirten tak\u0131m kaptan\u0131 Eda Erdem D\u00fcndar, &#8220;Sahneden \u00e7ok g\u00fczel g\u00f6r\u00fcn\u00fcyorsunuz. Enerjiniz \u00e7ok iyi, iyi ki vars\u0131n\u0131z. Dev ekranlarda bizi desteklediniz, \u00e7ok g\u00fczel g\u00f6r\u00fcnt\u00fcler izledik. Cumhuriyetin 100. y\u0131l\u0131nda b\u00f6yle b\u00fcy\u00fck zaferler getirdi\u011fimiz i\u00e7in \u00e7ok mutluyuz. \u0130yi ki vars\u0131n\u0131z&#8221; ifadelerini kulland\u0131.<\/span><br \/>\n<span style=\"font-family: arial, helvetica, sans-serif; font-size: 14px;\">A Milli Kad\u0131n Voleybol Tak\u0131m\u0131 Ba\u015fantren\u00f6r\u00fc Daniele Santarelli ise &#8220;Harika bir g\u00fcn. Tak\u0131m\u0131mla ve ekibimle gurur duyuyorum. \u00c7ok b\u00fcy\u00fck bir ba\u015far\u0131ya imza att\u0131k. Destekleriniz i\u00e7in te\u015fekk\u00fcr ederiz&#8221; dedi.<\/span><\/p>\n","protected":false},"excerpt":{"rendered":"<p>2023 CEV Avrupa \u015eampiyonas\u0131 finalinde S\u0131rbistan&#8217;\u0131 3-2\u2019lik skorla yenerek tarihinde ilk kez \u015fampiyon olan A Milli Kad\u0131n Voleybol Tak\u0131m\u0131, \u0130stanbul\u2019da<\/p>\n","protected":false},"author":3,"featured_media":14808,"comment_status":"open","ping_status":"open","sticky":false,"template":"","format":"standard","meta":{"colormag_page_container_layout":"default_layout","colormag_page_sidebar_layout":"default_layout","footnotes":""},"categories":[1,5,9],"tags":[],"class_list":["post-14806","post","type-post","status-publish","format-standard","has-post-thumbnail","hentry","category-genel","category-gundem","category-spor"],"_links":{"self":[{"href":"https:\/\/marmarayerelhizmet.com\/index.php\/wp-json\/wp\/v2\/posts\/14806","targetHints":{"allow":["GET"]}}],"collection":[{"href":"https:\/\/marmarayerelhizmet.com\/index.php\/wp-json\/wp\/v2\/posts"}],"about":[{"href":"https:\/\/marmarayerelhizmet.com\/index.php\/wp-json\/wp\/v2\/types\/post"}],"author":[{"embeddable":true,"href":"https:\/\/marmarayerelhizmet.com\/index.php\/wp-json\/wp\/v2\/users\/3"}],"replies":[{"embeddable":true,"href":"https:\/\/marmarayerelhizmet.com\/index.php\/wp-json\/wp\/v2\/comments?post=14806"}],"version-history":[{"count":0,"href":"https:\/\/marmarayerelhizmet.com\/index.php\/wp-json\/wp\/v2\/posts\/14806\/revisions"}],"wp:featuredmedia":[{"embeddable":true,"href":"https:\/\/marmarayerelhizmet.com\/index.php\/wp-json\/wp\/v2\/media\/14808"}],"wp:attachment":[{"href":"https:\/\/marmarayerelhizmet.com\/index.php\/wp-json\/wp\/v2\/media?parent=14806"}],"wp:term":[{"taxonomy":"category","embeddable":true,"href":"https:\/\/marmarayerelhizmet.com\/index.php\/wp-json\/wp\/v2\/categories?post=14806"},{"taxonomy":"post_tag","embeddable":true,"href":"https:\/\/marmarayerelhizmet.com\/index.php\/wp-json\/wp\/v2\/tags?post=14806"}],"curies":[{"name":"wp","href":"https:\/\/api.w.org\/{rel}","templated":true}]}}