{"id":14798,"date":"2023-09-04T17:39:27","date_gmt":"2023-09-04T14:39:27","guid":{"rendered":"https:\/\/marmarayerelhizmet.com\/?p=14798"},"modified":"2023-09-04T17:39:27","modified_gmt":"2023-09-04T14:39:27","slug":"bursa-sahillerinde-son-durum","status":"publish","type":"post","link":"https:\/\/marmarayerelhizmet.com\/index.php\/2023\/09\/04\/bursa-sahillerinde-son-durum\/","title":{"rendered":"Bursa Sahillerinde Son Durum"},"content":{"rendered":"<p><strong><span style=\"font-family: arial, helvetica, sans-serif; font-size: 14px;\">Bursa&#8217;da Mudanya, Karacabey ve Gemlik il\u00e7elerinin Marmara Denizi\u2019ne olan k\u0131y\u0131lar\u0131 ile \u0130znik G\u00f6l\u00fc k\u0131y\u0131s\u0131ndaki plaj ve kamplarda yap\u0131lan A\u011fustos ay\u0131 ikinci tur \u00f6l\u00e7\u00fcmlerinde 24 plaj\u0131n sonu\u00e7lar\u0131 a\u00e7\u0131kland\u0131. \u0130l Sa\u011fl\u0131k M\u00fcd\u00fcrl\u00fc\u011f\u00fc&#8217;n\u00fcn a\u00e7\u0131klad\u0131\u011f\u0131 tahlil sonu\u00e7lar\u0131na g\u00f6re Bursa&#8217;da bulunan 24 plajdan 18&#8217;nin su kalitesi iyi \u00e7\u0131karken, 5\u2019i orta, 1\u2019i ise k\u00f6t\u00fc olarak belirlendi.<br \/>\n<\/span><\/strong><br \/>\n<span style=\"font-family: arial, helvetica, sans-serif; font-size: 14px;\">Bursa \u0130l Sa\u011fl\u0131k M\u00fcd\u00fcrl\u00fc\u011f\u00fc taraf\u0131ndan Marmara Denizi\u2019ne k\u0131y\u0131s\u0131 bulunan Gemlik\u2019te 8, Mudanya\u2019da 9 ve Karacabey\u2019de 3, \u0130znik G\u00f6l\u00fc k\u0131y\u0131s\u0131nda ise 4 olmak \u00fczere 24 kamp ve plajda tespitler yap\u0131ld\u0131.<\/span><br \/>\n<span style=\"font-family: arial, helvetica, sans-serif; font-size: 14px;\">100 mililitrede bulunan bakteri say\u0131s\u0131n\u0131n \u201ck\u0131lavuz de\u011ferler\u201d olarak dikkate al\u0131nd\u0131\u011f\u0131 \u00f6l\u00e7\u00fcmlerde, parametreler 18 plajda de\u011ferlerin alt\u0131nda, 5 plajda k\u0131lavuz de\u011ferle zorunlu de\u011fer aral\u0131\u011f\u0131nda, 1 plajda ise zorunlu de\u011ferin \u00fczerinde oldu\u011fu tespit edildi.<\/span><br \/>\n<span style=\"font-family: arial, helvetica, sans-serif; font-size: 14px;\">\u00d6l\u00e7\u00fcmlerde sonu\u00e7lar k\u0131lavuz de\u011ferlerin alt\u0131ndaysa \u201ciyi kalitede su (girilebilir)\u201d, k\u0131lavuz de\u011ferle zorunlu de\u011fer aras\u0131ndaysa \u201corta kalitede su (girilebilir)\u201d, zorunlu de\u011ferlerin \u00fczerindeyse \u201ck\u00f6t\u00fc kalitede su (girilemez)\u201d de\u011ferlendirmesinde bulunuyor.<\/span><br \/>\n<span style=\"font-family: arial, helvetica, sans-serif; font-size: 14px;\">Bursa\u2019n\u0131n \u201ciyi, orta ve k\u00f6t\u00fc\u201d deniz suyuna sahip sahil ve plajlar \u015f\u00f6yle:<\/span><br \/>\n<span style=\"font-family: arial, helvetica, sans-serif; font-size: 14px;\">Gemlik: Karacaali Gen\u00e7lik Kamp\u0131, B.B.B. K\u00fc\u00e7\u00fckkumla Halk Plaj\u0131, Hasana\u011fa Kad\u0131nlar Plaj\u0131, Gemsaz Halk Plaj\u0131, B.B.B Kur\u015funlu Kad\u0131nlar Plaj\u0131 \u2018iyi kalite su\u2019 olarak tespit edilirken, Narl\u0131 Halk Plaj\u0131, B\u00fcy\u00fckkumla Halk Plaj\u0131 ve B.B.B. Kumsaz Halk Plaj\u2019\u0131 \u2018orta kalite su\u2019<\/span><br \/>\n<span style=\"font-family: arial, helvetica, sans-serif; font-size: 14px;\">Mudanya: Alt\u0131nta\u015f Halk Plaj\u0131, Co\u015fkun\u00f6z Halk Plaj\u0131, Kumyaka Halk Plaj\u0131, Zeytinba\u011f\u0131 Halk Plaj\u0131, B.B.B. E\u011ferce, B.B.B. Mesudiye Halk Plaj\u0131, B.B.B. E\u015fkel Halk Plaj\u2019lar\u0131nda \u2018iyi kalite su\u2019, Burgaz Halk Plaj\u0131, \u2018orta kalite su\u2019 olarak tespit edilirken Burgaz Alt\u0131nkum Halk Plaj\u0131 ise \u2018k\u00f6t\u00fc kalite su\u2019<\/span><br \/>\n<span style=\"font-family: arial, helvetica, sans-serif; font-size: 14px;\">Karacabey: Yenik\u00f6y Halk Plaj\u0131, Malkara Halk Plaj\u0131, Kur\u015funlu Halk Plajlar\u0131nda \u2018iyi kalite su\u2019<\/span><br \/>\n<span style=\"font-family: arial, helvetica, sans-serif; font-size: 14px;\">\u0130znik G\u00f6l\u00fc: G\u00f6ll\u00fcce Halk Plaj\u0131, \u0130nciralt\u0131 Mevki Halk Plaj\u0131, Darka Tatil K\u00f6y\u00fc, \u2018iyi kalite su\u2019 olarak tespit edilirken, Orhangazi Halk Plaj\u0131nda ise \u2018orta kalite su\u2019.<\/span><\/p>\n","protected":false},"excerpt":{"rendered":"<p>Bursa&#8217;da Mudanya, Karacabey ve Gemlik il\u00e7elerinin Marmara Denizi\u2019ne olan k\u0131y\u0131lar\u0131 ile \u0130znik G\u00f6l\u00fc k\u0131y\u0131s\u0131ndaki plaj ve kamplarda yap\u0131lan A\u011fustos ay\u0131<\/p>\n","protected":false},"author":3,"featured_media":14800,"comment_status":"open","ping_status":"open","sticky":false,"template":"","format":"standard","meta":{"colormag_page_container_layout":"default_layout","colormag_page_sidebar_layout":"default_layout","footnotes":""},"categories":[1,5],"tags":[],"class_list":["post-14798","post","type-post","status-publish","format-standard","has-post-thumbnail","hentry","category-genel","category-gundem"],"_links":{"self":[{"href":"https:\/\/marmarayerelhizmet.com\/index.php\/wp-json\/wp\/v2\/posts\/14798","targetHints":{"allow":["GET"]}}],"collection":[{"href":"https:\/\/marmarayerelhizmet.com\/index.php\/wp-json\/wp\/v2\/posts"}],"about":[{"href":"https:\/\/marmarayerelhizmet.com\/index.php\/wp-json\/wp\/v2\/types\/post"}],"author":[{"embeddable":true,"href":"https:\/\/marmarayerelhizmet.com\/index.php\/wp-json\/wp\/v2\/users\/3"}],"replies":[{"embeddable":true,"href":"https:\/\/marmarayerelhizmet.com\/index.php\/wp-json\/wp\/v2\/comments?post=14798"}],"version-history":[{"count":0,"href":"https:\/\/marmarayerelhizmet.com\/index.php\/wp-json\/wp\/v2\/posts\/14798\/revisions"}],"wp:featuredmedia":[{"embeddable":true,"href":"https:\/\/marmarayerelhizmet.com\/index.php\/wp-json\/wp\/v2\/media\/14800"}],"wp:attachment":[{"href":"https:\/\/marmarayerelhizmet.com\/index.php\/wp-json\/wp\/v2\/media?parent=14798"}],"wp:term":[{"taxonomy":"category","embeddable":true,"href":"https:\/\/marmarayerelhizmet.com\/index.php\/wp-json\/wp\/v2\/categories?post=14798"},{"taxonomy":"post_tag","embeddable":true,"href":"https:\/\/marmarayerelhizmet.com\/index.php\/wp-json\/wp\/v2\/tags?post=14798"}],"curies":[{"name":"wp","href":"https:\/\/api.w.org\/{rel}","templated":true}]}}