{"id":14794,"date":"2023-09-04T17:37:03","date_gmt":"2023-09-04T14:37:03","guid":{"rendered":"https:\/\/marmarayerelhizmet.com\/?p=14794"},"modified":"2023-09-04T17:37:03","modified_gmt":"2023-09-04T14:37:03","slug":"uyum-egitimleri-basladi","status":"publish","type":"post","link":"https:\/\/marmarayerelhizmet.com\/index.php\/2023\/09\/04\/uyum-egitimleri-basladi\/","title":{"rendered":"Uyum E\u011fitimleri Ba\u015flad\u0131"},"content":{"rendered":"<p><strong><span style=\"font-family: arial, helvetica, sans-serif; font-size: 14px;\">Okul \u00f6ncesi e\u011fitime ve 1. s\u0131n\u0131fa ba\u015flayan minik \u00f6\u011frenciler, Milli E\u011fitim Bakanl\u0131\u011f\u0131nca hayata ge\u00e7irilen okula uyum e\u011fitimlerinin ilk g\u00fcn\u00fcnde okula ba\u015flaman\u0131n heyecan\u0131n\u0131 ya\u015fad\u0131.<br \/>\n<\/span><\/strong><br \/>\n<span style=\"font-family: arial, helvetica, sans-serif; font-size: 14px;\">Milli E\u011fitim Bakanl\u0131\u011f\u0131nca bu y\u0131l ger\u00e7ekle\u015ftirilen okula uyum e\u011fitimleri \u00e7er\u00e7evesinde okul \u00f6ncesi, ilkokul birinci s\u0131n\u0131f ve lise 9&#8217;uncu s\u0131n\u0131f \u00f6\u011frencilerine yeni uyum e\u011fitimi program\u0131 uygulanmaya ba\u015fland\u0131. Bu \u00e7er\u00e7evede ilk g\u00fcn velilere bilgilendirme yap\u0131l\u0131rken okula yeni ba\u015flayan okul \u00f6ncesi e\u011fitim ve 1. s\u0131n\u0131f \u00f6\u011frencileri hem uyum e\u011fitimine dahil oldu hem de okul heyecan\u0131 ya\u015fad\u0131.<\/span><br \/>\n<span style=\"font-family: arial, helvetica, sans-serif; font-size: 14px;\">Bu \u00e7er\u00e7evede Ankara\u2019n\u0131n Yenimahalle il\u00e7esindeki Ostim \u0130lkokuluna velileriyle birlikte gelen minik \u00f6\u011frenciler okul s\u0131ralar\u0131n\u0131 doldurdu. Uyum e\u011fitimi program\u0131 kapsam\u0131nda okul y\u00f6netimi ve s\u0131n\u0131f \u00f6\u011fretmenlerinin kat\u0131l\u0131m\u0131yla \u00e7ocuklar\u0131yla birlikte ailelere gruplar halinde okulun i\u00e7 ve d\u0131\u015f ortam\u0131 tan\u0131t\u0131ld\u0131.<\/span><\/p>\n<p><strong><span style=\"font-family: arial, helvetica, sans-serif; font-size: 14px;\">\u201cB\u00fct\u00fcn \u00e7ocuklara yeni e\u011fitim-\u00f6\u011fretim y\u0131l\u0131nda ba\u015far\u0131lar diliyoruz\u201d<\/span><\/strong><br \/>\n<span style=\"font-family: arial, helvetica, sans-serif; font-size: 14px;\">Birinci s\u0131n\u0131f \u00f6\u011frencisi olan \u00e7ocu\u011funu okula getiren velilerden Sefa Cat, heyecanl\u0131 olduklar\u0131n\u0131 belirterek, \u201c\u00c7ocu\u011fumuzdan daha heyecanl\u0131y\u0131z. B\u00fct\u00fcn \u00e7ocuklara yeni e\u011fitim-\u00f6\u011fretim y\u0131l\u0131nda ba\u015far\u0131lar diliyoruz. Bizim de ilk deneyimimiz. Ondan dolay\u0131 heyecanl\u0131y\u0131z tabi, ilk \u00e7ocu\u011fumuz oldu\u011fu i\u00e7in. \u0130n\u015fallah g\u00fczel bir y\u0131l ge\u00e7iririz. B\u00fct\u00fcn \u00f6\u011frencilerimiz ad\u0131na da g\u00fczel bir y\u0131l ge\u00e7irmelerini dileriz\u201d dedi.<\/span><\/p>\n<p><strong><span style=\"font-family: arial, helvetica, sans-serif; font-size: 14px;\">\u201cAyn\u0131 heyecan\u0131 tekrar ya\u015f\u0131yoruz\u201d<\/span><\/strong><br \/>\n<span style=\"font-family: arial, helvetica, sans-serif; font-size: 14px;\">Velilerden G\u00fcnn\u00fcr Bilgin ise \u00e7ocu\u011funun ad\u0131na \u00e7ok heyecanl\u0131 oldu\u011funu ifade ederek, \u201cBug\u00fcn ilk g\u00fcn. Beraber geldik. \u0130n\u015fallah hay\u0131rl\u0131 u\u011furlu olsun t\u00fcm \u00e7ocuklara ve velilere. Ge\u00e7en y\u0131l anaokulundayd\u0131 iki tane de \u00e7ocu\u011fum var biri \u00fcniversite de biri de lise de. Ayn\u0131 heyecan\u0131 tekrar ya\u015f\u0131yoruz\u201d diye konu\u015ftu.<\/span><br \/>\n<span style=\"font-family: arial, helvetica, sans-serif; font-size: 14px;\">\u00d6te yandan, ortaokul 5&#8217;inci s\u0131n\u0131fa ba\u015flayacak \u00f6\u011frenciler ve ailelerin kat\u0131laca\u011f\u0131 rehberlik uygulamalar\u0131 11-15 Eyl\u00fcl&#8217;de ger\u00e7ekle\u015ftirilecek. Velilere y\u00f6nelik okula uyum rehberi sunumu 11 Eyl\u00fcl Pazartesi yap\u0131lacak, ikinci g\u00fcn aile ve \u00e7ocuklara okulun i\u00e7 ve d\u0131\u015f ortam\u0131 tan\u0131t\u0131lacak, kalan \u00fc\u00e7 g\u00fcnde ise rehberlik uygulamalar\u0131na y\u00f6nelik \u00e7ocuklarla etkinlikler yap\u0131lacak. Ayr\u0131ca bu bir haftal\u0131k d\u00f6nemde, \u00f6\u011frencilerin yeni girdikleri okul ortam\u0131na k\u0131sa s\u00fcrede uyum sa\u011flamalar\u0131na katk\u0131da bulunacak becerilerin kazand\u0131r\u0131lmas\u0131 ve okula aidiyet duygusunun geli\u015ftirilmesi hedeflenecek.<\/span><\/p>\n","protected":false},"excerpt":{"rendered":"<p>Okul \u00f6ncesi e\u011fitime ve 1. s\u0131n\u0131fa ba\u015flayan minik \u00f6\u011frenciler, Milli E\u011fitim Bakanl\u0131\u011f\u0131nca hayata ge\u00e7irilen okula uyum e\u011fitimlerinin ilk g\u00fcn\u00fcnde okula<\/p>\n","protected":false},"author":3,"featured_media":14796,"comment_status":"open","ping_status":"open","sticky":false,"template":"","format":"standard","meta":{"colormag_page_container_layout":"default_layout","colormag_page_sidebar_layout":"default_layout","footnotes":""},"categories":[45,1,5],"tags":[],"class_list":["post-14794","post","type-post","status-publish","format-standard","has-post-thumbnail","hentry","category-egitim","category-genel","category-gundem"],"_links":{"self":[{"href":"https:\/\/marmarayerelhizmet.com\/index.php\/wp-json\/wp\/v2\/posts\/14794","targetHints":{"allow":["GET"]}}],"collection":[{"href":"https:\/\/marmarayerelhizmet.com\/index.php\/wp-json\/wp\/v2\/posts"}],"about":[{"href":"https:\/\/marmarayerelhizmet.com\/index.php\/wp-json\/wp\/v2\/types\/post"}],"author":[{"embeddable":true,"href":"https:\/\/marmarayerelhizmet.com\/index.php\/wp-json\/wp\/v2\/users\/3"}],"replies":[{"embeddable":true,"href":"https:\/\/marmarayerelhizmet.com\/index.php\/wp-json\/wp\/v2\/comments?post=14794"}],"version-history":[{"count":0,"href":"https:\/\/marmarayerelhizmet.com\/index.php\/wp-json\/wp\/v2\/posts\/14794\/revisions"}],"wp:featuredmedia":[{"embeddable":true,"href":"https:\/\/marmarayerelhizmet.com\/index.php\/wp-json\/wp\/v2\/media\/14796"}],"wp:attachment":[{"href":"https:\/\/marmarayerelhizmet.com\/index.php\/wp-json\/wp\/v2\/media?parent=14794"}],"wp:term":[{"taxonomy":"category","embeddable":true,"href":"https:\/\/marmarayerelhizmet.com\/index.php\/wp-json\/wp\/v2\/categories?post=14794"},{"taxonomy":"post_tag","embeddable":true,"href":"https:\/\/marmarayerelhizmet.com\/index.php\/wp-json\/wp\/v2\/tags?post=14794"}],"curies":[{"name":"wp","href":"https:\/\/api.w.org\/{rel}","templated":true}]}}