{"id":14790,"date":"2023-09-04T17:35:32","date_gmt":"2023-09-04T14:35:32","guid":{"rendered":"https:\/\/marmarayerelhizmet.com\/?p=14790"},"modified":"2023-09-04T17:35:32","modified_gmt":"2023-09-04T14:35:32","slug":"iphone-15-icin-nefesler-tutuldu","status":"publish","type":"post","link":"https:\/\/marmarayerelhizmet.com\/index.php\/2023\/09\/04\/iphone-15-icin-nefesler-tutuldu\/","title":{"rendered":"iPhone 15 i\u00e7in Nefesler Tutuldu"},"content":{"rendered":"<p><strong><span style=\"font-family: arial, helvetica, sans-serif; font-size: 14px;\">Apple&#8217;\u0131n iPhone 15 modelini tan\u0131tmas\u0131na say\u0131l\u0131 g\u00fcnler kald\u0131. Kullan\u0131c\u0131lar geri say\u0131ma ge\u00e7ti. Apple yeni iPhone modelini 12 Eyl\u00fcl&#8217;de d\u00fcnyaya tan\u0131tacak.<\/span><\/strong><\/p>\n<p><span style=\"font-family: arial, helvetica, sans-serif; font-size: 14px;\">Apple yeni modelini tan\u0131tmak i\u00e7in yine Eyl\u00fcl ay\u0131n\u0131 se\u00e7ti. Etkinli\u011fe say\u0131l\u0131 g\u00fcnler kala nefesler tutuldu. Merakla beklenen iPhone 15&#8217;in tan\u0131t\u0131m\u0131 d\u00fcnyayla e\u015f zamanl\u0131 12 Eyl\u00fcl&#8217;de T\u00fcrkiye saati ile 20.00\u2019da ger\u00e7ekle\u015ftirilecek. Yeni seride bir \u00f6nceki seriye g\u00f6re, yeni model h\u0131z, kamera ve donan\u0131m olarak 14&#8217;e g\u00f6re geli\u015ftirilmi\u015f \u015fekilde piyasaya \u00e7\u0131kacak. Yeni modelde 8 GB ram ve 8K video kayd\u0131 yapabilmesi \u00f6ne \u00e7\u0131kan \u00f6zellikleri aras\u0131nda yer al\u0131yor. Yeni modelde arka kameran\u0131n 4 mercekli olaca\u011f\u0131 tahmin ediliyor.<\/span><\/p>\n<p><span style=\"font-family: arial, helvetica, sans-serif; font-size: 14px;\">Apple, siyah, pembe, sar\u0131, mavi, ye\u015fil temalar\u0131 baz model iPhone 15 ve 15 Plus&#8217;da kullan\u0131rken, Pro modelleri sat\u0131n almak isteyen kullan\u0131c\u0131lara g\u00fcm\u00fc\u015f, gri, siyah ve mavi olmak \u00fczere 4 farkl\u0131 renk se\u00e7ene\u011fi sunacak.<\/span><\/p>\n<p><span style=\"font-family: arial, helvetica, sans-serif; font-size: 14px;\">A17 i\u015flemci, 8K video \u00e7ekme, 8GB ram gibi \u00f6zellikler \u00f6n plana \u00e7\u0131k\u0131yor. Yeni modelin piyasaya 72 bin 200 TL\u2019den sat\u0131\u015fa sunulmas\u0131 bekleniliyor.<\/span><\/p>\n","protected":false},"excerpt":{"rendered":"<p>Apple&#8217;\u0131n iPhone 15 modelini tan\u0131tmas\u0131na say\u0131l\u0131 g\u00fcnler kald\u0131. Kullan\u0131c\u0131lar geri say\u0131ma ge\u00e7ti. Apple yeni iPhone modelini 12 Eyl\u00fcl&#8217;de d\u00fcnyaya tan\u0131tacak.<\/p>\n","protected":false},"author":3,"featured_media":14792,"comment_status":"open","ping_status":"open","sticky":false,"template":"","format":"standard","meta":{"colormag_page_container_layout":"default_layout","colormag_page_sidebar_layout":"default_layout","footnotes":""},"categories":[3,1,5],"tags":[],"class_list":["post-14790","post","type-post","status-publish","format-standard","has-post-thumbnail","hentry","category-ekonomi","category-genel","category-gundem"],"_links":{"self":[{"href":"https:\/\/marmarayerelhizmet.com\/index.php\/wp-json\/wp\/v2\/posts\/14790","targetHints":{"allow":["GET"]}}],"collection":[{"href":"https:\/\/marmarayerelhizmet.com\/index.php\/wp-json\/wp\/v2\/posts"}],"about":[{"href":"https:\/\/marmarayerelhizmet.com\/index.php\/wp-json\/wp\/v2\/types\/post"}],"author":[{"embeddable":true,"href":"https:\/\/marmarayerelhizmet.com\/index.php\/wp-json\/wp\/v2\/users\/3"}],"replies":[{"embeddable":true,"href":"https:\/\/marmarayerelhizmet.com\/index.php\/wp-json\/wp\/v2\/comments?post=14790"}],"version-history":[{"count":0,"href":"https:\/\/marmarayerelhizmet.com\/index.php\/wp-json\/wp\/v2\/posts\/14790\/revisions"}],"wp:featuredmedia":[{"embeddable":true,"href":"https:\/\/marmarayerelhizmet.com\/index.php\/wp-json\/wp\/v2\/media\/14792"}],"wp:attachment":[{"href":"https:\/\/marmarayerelhizmet.com\/index.php\/wp-json\/wp\/v2\/media?parent=14790"}],"wp:term":[{"taxonomy":"category","embeddable":true,"href":"https:\/\/marmarayerelhizmet.com\/index.php\/wp-json\/wp\/v2\/categories?post=14790"},{"taxonomy":"post_tag","embeddable":true,"href":"https:\/\/marmarayerelhizmet.com\/index.php\/wp-json\/wp\/v2\/tags?post=14790"}],"curies":[{"name":"wp","href":"https:\/\/api.w.org\/{rel}","templated":true}]}}