{"id":14786,"date":"2023-09-04T17:33:02","date_gmt":"2023-09-04T14:33:02","guid":{"rendered":"https:\/\/marmarayerelhizmet.com\/?p=14786"},"modified":"2023-09-04T17:33:02","modified_gmt":"2023-09-04T14:33:02","slug":"ikinci-el-otomobil-fiyatlari-dustu","status":"publish","type":"post","link":"https:\/\/marmarayerelhizmet.com\/index.php\/2023\/09\/04\/ikinci-el-otomobil-fiyatlari-dustu\/","title":{"rendered":"\u0130kinci El Otomobil Fiyatlar\u0131 D\u00fc\u015ft\u00fc"},"content":{"rendered":"<p><strong><span style=\"font-family: arial, helvetica, sans-serif; font-size: 14px;\">\u0130kinci el otomobil piyasas\u0131nda sekt\u00f6r d\u0131\u015f\u0131 al\u0131m sat\u0131mlar\u0131n azalmas\u0131yla ara\u00e7 fiyatlar\u0131 y\u00fczde 10 d\u00fc\u015ft\u00fc.<br \/>\n<\/span><\/strong><br \/>\n<span style=\"font-family: arial, helvetica, sans-serif; font-size: 14px;\">\u0130kinci el otomobil piyasas\u0131nda ya\u015fanan sekt\u00f6r d\u0131\u015f\u0131 al\u0131m sat\u0131mlarla ikinci el otomobil fiyatlar\u0131 y\u00fcksek seviyelere \u00e7\u0131km\u0131\u015ft\u0131. Bakanl\u0131klar\u0131n ald\u0131\u011f\u0131 tedbirlerle bu y\u00fckseli\u015fin \u00f6n\u00fcne ge\u00e7ildi. Sekt\u00f6r d\u0131\u015f\u0131 al\u0131m sat\u0131mlar\u0131n azalmas\u0131yla ikinci el otomobil piyasas\u0131nda fiyatlar y\u00fczde 10 geriledi. Yat\u0131r\u0131m arac\u0131 olarak g\u00f6renlerin piyasadan \u00e7ekilmesiyle fiyatlar\u0131n daha da geri gidece\u011fi belirtiliyor. Art\u0131k ikinci el ve s\u0131f\u0131r otomobillerin yat\u0131r\u0131m arac\u0131 olmaktan \u00e7\u0131kt\u0131\u011f\u0131 s\u00f6yleniyor. \u015euanda dura\u011fan bir d\u00f6nem ya\u015fayan otomobil sekt\u00f6r\u00fcn\u00fcn \u00f6n\u00fcm\u00fczdeki d\u00f6nemde hareketlenece\u011fi \u00f6n g\u00f6r\u00fcl\u00fcyor.<br \/>\n<\/span><br \/>\n<strong><span style=\"font-family: arial, helvetica, sans-serif; font-size: 14px;\">\u201cSekt\u00f6r d\u0131\u015f\u0131 sat\u0131mlar azald\u0131 fiyatlar y\u00fczde 10 geriledi\u201d<\/span><\/strong><br \/>\n<span style=\"font-family: arial, helvetica, sans-serif; font-size: 14px;\">Sekt\u00f6r d\u0131\u015f\u0131nda al sat durumunun yava\u015flad\u0131\u011f\u0131n\u0131 ve fiyatlar\u0131n y\u00fczde 10 geriledi\u011fini belirten Yavuz \u00c7ift\u00e7i, \u201c\u0130kinci el otomobillerle ilgili son geli\u015fmeler var. Al\u0131nan tedbirler ile beraber ikinci el ve s\u0131f\u0131r ara\u00e7lar art\u0131k yat\u0131r\u0131m arac\u0131 olmaktan \u00e7\u0131kt\u0131. \u00d6zellikle sekt\u00f6r d\u0131\u015f\u0131nda bu ara\u00e7lara yo\u011fun bir talep vard\u0131. \u0130nsanlar araba al\u0131p daha y\u00fckse\u011fe satmak i\u00e7in bekliyordu. Bu nedenle sekt\u00f6r d\u0131\u015f\u0131nda al\u0131m sat\u0131m \u00e7ok fazlayd\u0131 buda fiyatlar\u0131 etkiliyordu. \u00d6nleyici tedbirler ile beraber bu talep d\u00fc\u015ft\u00fc. Art\u0131k m\u00fc\u015fteriler ikinci el veya s\u0131f\u0131r olan istedi\u011fi bir arac\u0131 bulabilecek. Sekt\u00f6r\u00fcm\u00fczde genelde bu aylarda bir durgunluk zaten oluyordu. \u015euanda da bu durgunlu\u011fu ya\u015f\u0131yoruz. Otomotiv piyasas\u0131 b\u00f6yledir baz\u0131 d\u00f6nemler durgun olur baz\u0131 d\u00f6nemler \u00e7ok hareketli olur ama \u00f6n\u00fcm\u00fczdeki aylarda tekrardan hareketlenece\u011fini d\u00fc\u015f\u00fcn\u00fcyorum. \u015euanda ikinci el otomobil fiyatlar\u0131nda y\u00fczde 10 gerileme s\u00f6z konusu. Yat\u0131r\u0131m arac\u0131 olarak g\u00f6renlerin piyasadan \u00e7ekilmesiyle fiyatlar\u0131nda geri gitti\u011fine tan\u0131kl\u0131k ettik\u201d dedi.<br \/>\n<\/span><br \/>\n<strong><span style=\"font-family: arial, helvetica, sans-serif; font-size: 14px;\">\u201cElektrikli ara\u00e7larda ilerleyen d\u00f6nemlerde garajlar\u0131m\u0131zda olacak\u201d<\/span><\/strong><br \/>\n<span style=\"font-family: arial, helvetica, sans-serif; font-size: 14px;\">Elektrikli ara\u00e7lar\u0131nda ikinci el piyasas\u0131na zamanla d\u00fc\u015fece\u011fini belirten \u00c7ift\u00e7i, \u201cSekt\u00f6rde beklentilerimizden bir tanesi de elektrikli ara\u00e7lar. Fakat \u015fuanda ikinci elde bulunabilecek bir d\u00fczeyde de\u011fil. Ara\u00e7lar yeni oldu\u011fundan tabi ki satanda yok. Fakat ilerleyen d\u00f6nemlerde kullan\u0131m artt\u0131k\u00e7a illaki ikinci ele de bu ara\u00e7lar d\u00fc\u015fecek. Bizde \u015fimdiden kendimizi buna adapte etmeye haz\u0131rlan\u0131yoruz. 2025 y\u0131l\u0131nda \u00e7o\u011fu otomobil firmas\u0131 i\u00e7ten yanmal\u0131 ara\u00e7lar yerine elektrikli ara\u00e7lara ge\u00e7ecek. Tabi ki yerli elektrikli arac\u0131m\u0131z Togg\u2019u da garaj\u0131m\u0131zda g\u00f6rmek isteriz. S\u0131f\u0131r ara\u00e7lardaki gibi ikinci el otomobil piyasas\u0131nda da elektrikli ara\u00e7lara talep olaca\u011f\u0131n\u0131 d\u00fc\u015f\u00fcn\u00fcyorum. Tabi ki bu tercih meselesi ama elektrikli ara\u00e7lar hem par\u00e7a olarak hem donan\u0131m olarak \u00e7ok fazla ustal\u0131k i\u015fi gerektirecek bir ar\u0131zas\u0131 olmaz. Bu ara\u00e7lar genelde ekonomik, yayg\u0131nla\u015ft\u0131k\u00e7a \u00e7ok fazla tercih edilecekler\u201d ifadelerini kulland\u0131.<\/span><\/p>\n","protected":false},"excerpt":{"rendered":"<p>\u0130kinci el otomobil piyasas\u0131nda sekt\u00f6r d\u0131\u015f\u0131 al\u0131m sat\u0131mlar\u0131n azalmas\u0131yla ara\u00e7 fiyatlar\u0131 y\u00fczde 10 d\u00fc\u015ft\u00fc. \u0130kinci el otomobil piyasas\u0131nda ya\u015fanan sekt\u00f6r<\/p>\n","protected":false},"author":3,"featured_media":14788,"comment_status":"open","ping_status":"open","sticky":false,"template":"","format":"standard","meta":{"colormag_page_container_layout":"default_layout","colormag_page_sidebar_layout":"default_layout","footnotes":""},"categories":[3,1,5],"tags":[],"class_list":["post-14786","post","type-post","status-publish","format-standard","has-post-thumbnail","hentry","category-ekonomi","category-genel","category-gundem"],"_links":{"self":[{"href":"https:\/\/marmarayerelhizmet.com\/index.php\/wp-json\/wp\/v2\/posts\/14786","targetHints":{"allow":["GET"]}}],"collection":[{"href":"https:\/\/marmarayerelhizmet.com\/index.php\/wp-json\/wp\/v2\/posts"}],"about":[{"href":"https:\/\/marmarayerelhizmet.com\/index.php\/wp-json\/wp\/v2\/types\/post"}],"author":[{"embeddable":true,"href":"https:\/\/marmarayerelhizmet.com\/index.php\/wp-json\/wp\/v2\/users\/3"}],"replies":[{"embeddable":true,"href":"https:\/\/marmarayerelhizmet.com\/index.php\/wp-json\/wp\/v2\/comments?post=14786"}],"version-history":[{"count":0,"href":"https:\/\/marmarayerelhizmet.com\/index.php\/wp-json\/wp\/v2\/posts\/14786\/revisions"}],"wp:featuredmedia":[{"embeddable":true,"href":"https:\/\/marmarayerelhizmet.com\/index.php\/wp-json\/wp\/v2\/media\/14788"}],"wp:attachment":[{"href":"https:\/\/marmarayerelhizmet.com\/index.php\/wp-json\/wp\/v2\/media?parent=14786"}],"wp:term":[{"taxonomy":"category","embeddable":true,"href":"https:\/\/marmarayerelhizmet.com\/index.php\/wp-json\/wp\/v2\/categories?post=14786"},{"taxonomy":"post_tag","embeddable":true,"href":"https:\/\/marmarayerelhizmet.com\/index.php\/wp-json\/wp\/v2\/tags?post=14786"}],"curies":[{"name":"wp","href":"https:\/\/api.w.org\/{rel}","templated":true}]}}