{"id":14778,"date":"2023-09-04T17:29:02","date_gmt":"2023-09-04T14:29:02","guid":{"rendered":"https:\/\/marmarayerelhizmet.com\/?p=14778"},"modified":"2023-09-04T17:29:02","modified_gmt":"2023-09-04T14:29:02","slug":"yillik-enflasyon-yuzde-5894-oldu","status":"publish","type":"post","link":"https:\/\/marmarayerelhizmet.com\/index.php\/2023\/09\/04\/yillik-enflasyon-yuzde-5894-oldu\/","title":{"rendered":"Y\u0131ll\u0131k Enflasyon Y\u00fczde 58,94 Oldu"},"content":{"rendered":"<p><strong><span style=\"font-family: arial, helvetica, sans-serif; font-size: 14px;\">T\u00fcketici fiyat endeksi (T\u00dcFE) A\u011fustos\u2019ta y\u0131ll\u0131k y\u00fczde 58,94, ayl\u0131k y\u00fczde 9,09 oldu.<br \/>\n<\/span><\/strong><br \/>\n<span style=\"font-family: arial, helvetica, sans-serif; font-size: 14px;\">T\u00fcrkiye \u0130statistik Kurumu (T\u00dc\u0130K), 2023 y\u0131l\u0131 A\u011fustos ay\u0131 enflasyon verilerini a\u00e7\u0131klad\u0131. Buna g\u00f6re, t\u00fcketici fiyat endeksindeki (T\u00dcFE) de\u011fi\u015fim 2023 y\u0131l\u0131 A\u011fustos ay\u0131nda bir \u00f6nceki aya g\u00f6re y\u00fczde 9,09, bir \u00f6nceki y\u0131l\u0131n Aral\u0131k ay\u0131na g\u00f6re y\u00fczde 43,06, bir \u00f6nceki y\u0131l\u0131n ayn\u0131 ay\u0131na g\u00f6re y\u00fczde 58,94 ve on iki ayl\u0131k ortalamalara g\u00f6re y\u00fczde 56,28 olarak ger\u00e7ekle\u015fti.<\/span><br \/>\n<span style=\"font-family: arial, helvetica, sans-serif; font-size: 14px;\">Bir \u00f6nceki y\u0131l\u0131n ayn\u0131 ay\u0131na g\u00f6re en az art\u0131\u015f g\u00f6steren ana grup y\u00fczde 24,97 ile konut oldu. Buna kar\u015f\u0131l\u0131k, bir \u00f6nceki y\u0131l\u0131n ayn\u0131 ay\u0131na g\u00f6re art\u0131\u015f\u0131n en y\u00fcksek oldu\u011fu ana grup ise y\u00fczde 89,31 ile lokanta ve oteller oldu.<\/span><br \/>\n<span style=\"font-family: arial, helvetica, sans-serif; font-size: 14px;\">Ana harcama gruplar\u0131 itibar\u0131yla 2023 y\u0131l\u0131 A\u011fustos ay\u0131nda bir \u00f6nceki aya g\u00f6re en az art\u0131\u015f g\u00f6steren ana grup y\u00fczde 3,11 ile e\u011fitim oldu. Buna kar\u015f\u0131l\u0131k, 2023 y\u0131l\u0131 A\u011fustos ay\u0131nda bir \u00f6nceki aya g\u00f6re art\u0131\u015f\u0131n en y\u00fcksek oldu\u011fu ana grup ise y\u00fczde 16,61 ile ula\u015ft\u0131rma oldu.<\/span><br \/>\n<span style=\"font-family: arial, helvetica, sans-serif; font-size: 14px;\">Endekste kapsanan 143 temel ba\u015fl\u0131ktan (Amaca G\u00f6re Bireysel T\u00fcketim S\u0131n\u0131flamas\u0131-COICOP 5&#8217;li D\u00fczey) 2023 y\u0131l\u0131 A\u011fustos ay\u0131 itibar\u0131yla, 1 temel ba\u015fl\u0131\u011f\u0131n endeksinde d\u00fc\u015f\u00fc\u015f ger\u00e7ekle\u015firken, 4 temel ba\u015fl\u0131\u011f\u0131n endeksinde de\u011fi\u015fim olmad\u0131. 138 temel ba\u015fl\u0131\u011f\u0131n endeksinde ise art\u0131\u015f ger\u00e7ekle\u015fti.<br \/>\n<\/span><br \/>\n<strong><span style=\"font-family: arial, helvetica, sans-serif; font-size: 14px;\">\u00d6zel kapsaml\u0131 T\u00dcFE g\u00f6stergesi y\u0131ll\u0131k y\u00fczde 63,52, ayl\u0131k y\u00fczde 9,32 oldu<\/span><\/strong><br \/>\n<span style=\"font-family: arial, helvetica, sans-serif; font-size: 14px;\">\u0130\u015flenmemi\u015f g\u0131da \u00fcr\u00fcnleri, enerji, alkoll\u00fc i\u00e7kiler ve t\u00fct\u00fcn ile alt\u0131n hari\u00e7 T\u00dcFE&#8217;deki de\u011fi\u015fim, 2023 y\u0131l\u0131 A\u011fustos ay\u0131nda bir \u00f6nceki aya g\u00f6re y\u00fczde 9,32, bir \u00f6nceki y\u0131l\u0131n Aral\u0131k ay\u0131na g\u00f6re y\u00fczde 47,21, bir \u00f6nceki y\u0131l\u0131n ayn\u0131 ay\u0131na g\u00f6re y\u00fczde 63,52 ve on iki ayl\u0131k ortalamalara g\u00f6re y\u00fczde 57,77 olarak ger\u00e7ekle\u015fti.<br \/>\n<\/span><br \/>\n<strong><span style=\"font-family: arial, helvetica, sans-serif; font-size: 14px;\">Yurt \u0130\u00e7i \u00dcretici Fiyat Endeksi (Y\u0130-\u00dcFE)<\/span><\/strong><br \/>\n<span style=\"font-family: arial, helvetica, sans-serif; font-size: 14px;\">Y\u0130-\u00dcFE, A\u011fustos ay\u0131nda bir \u00f6nceki aya g\u00f6re y\u00fczde 5,89, bir \u00f6nceki y\u0131l\u0131n Aral\u0131k ay\u0131na g\u00f6re y\u00fczde 31,59, bir \u00f6nceki y\u0131l\u0131n ayn\u0131 ay\u0131na g\u00f6re y\u00fczde 49,41 ve on iki ayl\u0131k ortalamalara g\u00f6re y\u00fczde 71,97 art\u0131\u015f g\u00f6sterdi.<br \/>\n<\/span><br \/>\n<strong><span style=\"font-family: arial, helvetica, sans-serif; font-size: 14px;\">Sanayinin d\u00f6rt ana sekt\u00f6r\u00fcnden imalat endeksi y\u0131ll\u0131k y\u00fczde 54,41 artt\u0131<\/span><\/strong><br \/>\n<span style=\"font-family: arial, helvetica, sans-serif; font-size: 14px;\">Sanayinin d\u00f6rt sekt\u00f6r\u00fcn\u00fcn y\u0131ll\u0131k de\u011fi\u015fimleri; madencilik ve ta\u015f ocak\u00e7\u0131l\u0131\u011f\u0131nda y\u00fczde 66,42 art\u0131\u015f, imalatta y\u00fczde 54,41 art\u0131\u015f, elektrik, gaz \u00fcretimi ve da\u011f\u0131t\u0131m\u0131nda y\u00fczde 8,21 azal\u0131\u015f, ve su temininde y\u00fczde 67,09 art\u0131\u015f olarak ger\u00e7ekle\u015fti.<\/span><br \/>\n<span style=\"font-family: arial, helvetica, sans-serif; font-size: 14px;\">Ana sanayi gruplar\u0131n\u0131n y\u0131ll\u0131k de\u011fi\u015fimleri; ara mal\u0131nda y\u00fczde 46,41, dayan\u0131kl\u0131 t\u00fcketim mal\u0131nda y\u00fczde 61,05, dayan\u0131ks\u0131z t\u00fcketim mal\u0131nda y\u00fczde 66,46, enerjide y\u00fczde 20,70 ve sermaye mal\u0131nda y\u00fczde 64,88 art\u0131\u015f olarak ger\u00e7ekle\u015fti.<\/p>\n<p><\/span><strong><span style=\"font-family: arial, helvetica, sans-serif; font-size: 14px;\">Sanayinin d\u00f6rt ana sekt\u00f6r\u00fcnden imalat endeksi ayl\u0131k y\u00fczde 5,41 artt\u0131<\/span><\/strong><br \/>\n<span style=\"font-family: arial, helvetica, sans-serif; font-size: 14px;\">Sanayinin d\u00f6rt sekt\u00f6r\u00fcn\u00fcn ayl\u0131k de\u011fi\u015fimleri; madencilik ve ta\u015f ocak\u00e7\u0131l\u0131\u011f\u0131nda y\u00fczde 9,99, imalatta y\u00fczde 5,41, elektrik, gaz \u00fcretimi ve da\u011f\u0131t\u0131m\u0131nda y\u00fczde 10,16 ve su temininde y\u00fczde 6,88 art\u0131\u015f olarak ger\u00e7ekle\u015fti.<\/span><br \/>\n<span style=\"font-family: arial, helvetica, sans-serif; font-size: 14px;\">Ana sanayi gruplar\u0131n\u0131n ayl\u0131k de\u011fi\u015fimleri; ara mal\u0131nda y\u00fczde 3,83, dayan\u0131kl\u0131 t\u00fcketim mal\u0131nda y\u00fczde 8,74, dayan\u0131ks\u0131z t\u00fcketim mal\u0131nda y\u00fczde 5,67, enerjide y\u00fczde 14,27 ve sermaye mal\u0131nda y\u00fczde 4,04 art\u0131\u015f olarak ger\u00e7ekle\u015fti.<br \/>\n<\/span><br \/>\n<strong><span style=\"font-family: arial, helvetica, sans-serif; font-size: 14px;\">Y\u0131ll\u0131k Y\u0130-\u00dcFE&#8217;ye g\u00f6re 12 alt sekt\u00f6r daha d\u00fc\u015f\u00fck, 17 alt sekt\u00f6r daha y\u00fcksek de\u011fi\u015fim g\u00f6sterdi<\/span><\/strong><br \/>\n<span style=\"font-family: arial, helvetica, sans-serif; font-size: 14px;\">Y\u0131ll\u0131k azal\u0131\u015f g\u00f6steren tek alt sekt\u00f6r y\u00fczde 8,21 ile elektrik, gaz, buhar ve iklimlendirme oldu. Buna kar\u015f\u0131l\u0131k temel eczac\u0131l\u0131k \u00fcr\u00fcnleri ve m\u00fcstahzarlar\u0131 y\u00fczde 99,44, di\u011fer madencilik ve ta\u015f ocak\u00e7\u0131l\u0131\u011f\u0131 \u00fcr\u00fcnleri y\u00fczde 91,41, i\u00e7ecekler y\u00fczde 81,79 ile endekslerin en fazla artt\u0131\u011f\u0131 alt sekt\u00f6rler oldu.<br \/>\n<\/span><br \/>\n<strong><span style=\"font-family: arial, helvetica, sans-serif; font-size: 14px;\">Ayl\u0131k Y\u0130-\u00dcFE&#8217;ye g\u00f6re 19 alt sekt\u00f6r daha d\u00fc\u015f\u00fck, 10 alt sekt\u00f6r daha y\u00fcksek de\u011fi\u015fim g\u00f6sterdi<\/span><\/strong><br \/>\n<span style=\"font-family: arial, helvetica, sans-serif; font-size: 14px;\">Ayl\u0131k en d\u00fc\u015f\u00fck art\u0131\u015f; y\u00fczde 1,06 ile t\u00fct\u00fcn \u00fcr\u00fcnleri, y\u00fczde 1,39 ile ana metaller, y\u00fczde 1,79 ile metal cevherleri alt sekt\u00f6rlerinde ger\u00e7ekle\u015fti. Buna kar\u015f\u0131l\u0131k ham petrol ve do\u011fal gaz y\u00fczde 21,85, kok ve rafine petrol \u00fcr\u00fcnleri y\u00fczde 18,93, temel eczac\u0131l\u0131k \u00fcr\u00fcnleri ve m\u00fcstahzarlar\u0131 y\u00fczde 18,06 ile endekslerin en fazla artt\u0131\u011f\u0131 alt sekt\u00f6rler oldu.<\/span><\/p>\n","protected":false},"excerpt":{"rendered":"<p>T\u00fcketici fiyat endeksi (T\u00dcFE) A\u011fustos\u2019ta y\u0131ll\u0131k y\u00fczde 58,94, ayl\u0131k y\u00fczde 9,09 oldu. T\u00fcrkiye \u0130statistik Kurumu (T\u00dc\u0130K), 2023 y\u0131l\u0131 A\u011fustos ay\u0131<\/p>\n","protected":false},"author":3,"featured_media":14780,"comment_status":"open","ping_status":"open","sticky":false,"template":"","format":"standard","meta":{"colormag_page_container_layout":"default_layout","colormag_page_sidebar_layout":"default_layout","footnotes":""},"categories":[3,1,5],"tags":[],"class_list":["post-14778","post","type-post","status-publish","format-standard","has-post-thumbnail","hentry","category-ekonomi","category-genel","category-gundem"],"_links":{"self":[{"href":"https:\/\/marmarayerelhizmet.com\/index.php\/wp-json\/wp\/v2\/posts\/14778","targetHints":{"allow":["GET"]}}],"collection":[{"href":"https:\/\/marmarayerelhizmet.com\/index.php\/wp-json\/wp\/v2\/posts"}],"about":[{"href":"https:\/\/marmarayerelhizmet.com\/index.php\/wp-json\/wp\/v2\/types\/post"}],"author":[{"embeddable":true,"href":"https:\/\/marmarayerelhizmet.com\/index.php\/wp-json\/wp\/v2\/users\/3"}],"replies":[{"embeddable":true,"href":"https:\/\/marmarayerelhizmet.com\/index.php\/wp-json\/wp\/v2\/comments?post=14778"}],"version-history":[{"count":0,"href":"https:\/\/marmarayerelhizmet.com\/index.php\/wp-json\/wp\/v2\/posts\/14778\/revisions"}],"wp:featuredmedia":[{"embeddable":true,"href":"https:\/\/marmarayerelhizmet.com\/index.php\/wp-json\/wp\/v2\/media\/14780"}],"wp:attachment":[{"href":"https:\/\/marmarayerelhizmet.com\/index.php\/wp-json\/wp\/v2\/media?parent=14778"}],"wp:term":[{"taxonomy":"category","embeddable":true,"href":"https:\/\/marmarayerelhizmet.com\/index.php\/wp-json\/wp\/v2\/categories?post=14778"},{"taxonomy":"post_tag","embeddable":true,"href":"https:\/\/marmarayerelhizmet.com\/index.php\/wp-json\/wp\/v2\/tags?post=14778"}],"curies":[{"name":"wp","href":"https:\/\/api.w.org\/{rel}","templated":true}]}}