{"id":14774,"date":"2023-09-04T17:26:19","date_gmt":"2023-09-04T14:26:19","guid":{"rendered":"https:\/\/marmarayerelhizmet.com\/?p=14774"},"modified":"2023-09-04T17:26:19","modified_gmt":"2023-09-04T14:26:19","slug":"2023-2024-egitim-ogretim-yili-basladi","status":"publish","type":"post","link":"https:\/\/marmarayerelhizmet.com\/index.php\/2023\/09\/04\/2023-2024-egitim-ogretim-yili-basladi\/","title":{"rendered":"2023-2024 E\u011fitim \u00d6\u011fretim Y\u0131l\u0131 Ba\u015flad\u0131"},"content":{"rendered":"<p><strong><span style=\"font-family: arial, helvetica, sans-serif; font-size: 14px;\">2023-2024 e\u011fitim \u00f6\u011fretim y\u0131l\u0131 \u00e7al\u0131\u015fma takvimine g\u00f6re \u00f6\u011fretmenlerin mesleki \u00e7al\u0131\u015fmalar\u0131 ba\u015flad\u0131.<br \/>\n<\/span><\/strong><br \/>\n<span style=\"font-family: arial, helvetica, sans-serif; font-size: 14px;\">2023-2024 e\u011fitim \u00f6\u011fretim y\u0131l\u0131 ba\u015flad\u0131. E\u011fitim \u00f6\u011fretim y\u0131l\u0131nda birinci d\u00f6nem, 19 Ocak 2024 Cuma g\u00fcn\u00fc sona erecek. 6 \u015eubat 2023&#8217;te Kahramanmara\u015f&#8217;ta meydana gelen ve 11 ili etkileyen deprem sebebiyle afet b\u00f6lgesi illeri olarak belirlenen Adana, Ad\u0131yaman, Diyarbak\u0131r, Elaz\u0131\u011f, Gaziantep, Hatay, Kahramanmara\u015f, Kilis, Malatya, Osmaniye ve \u015eanl\u0131urfa illerindeki resmi ve \u00f6zel okullarda 2022-2023 e\u011fitim \u00f6\u011fretim y\u0131l\u0131n\u0131n ikinci d\u00f6nemine y\u00f6nelik \u00f6\u011frenme kay\u0131plar\u0131n\u0131n giderilmesi amac\u0131yla bakanl\u0131k taraf\u0131ndan haz\u0131rlanan program, 11 Eyl\u00fcl ile 6 Ekim aras\u0131nda e\u011fitim \u00f6\u011fretim faaliyetleri ile uygulanacak.<\/span><br \/>\n<span style=\"font-family: arial, helvetica, sans-serif; font-size: 14px;\">2023-2024 e\u011fitim \u00f6\u011fretim y\u0131l\u0131nda okul \u00f6ncesi e\u011fitim ile ilkokul 1. s\u0131n\u0131fa ba\u015flayacak \u00f6\u011frenciler i\u00e7in uyum e\u011fitimleri ba\u015flad\u0131. E\u011fitimler, 4-8 Eyl\u00fcl 2023 tarihleri aras\u0131nda ger\u00e7ekle\u015ftirilecek. Birinci d\u00f6nem ara tatili, 13 Kas\u0131m 2023 Pazartesi ba\u015flayacak ve 17 Kas\u0131m 2023 Cuma sona erecek. Yar\u0131y\u0131l tatili, 22 Ocak 2024 Pazartesi ba\u015flay\u0131p 2 \u015eubat 2024 Cuma tamamlanacak.<\/span><br \/>\n<span style=\"font-family: arial, helvetica, sans-serif; font-size: 14px;\">Takvime g\u00f6re, ikinci d\u00f6nem, 5 \u015eubat 2024 Pazartesi ba\u015flayacak ve 14 Haziran 2024 Cuma sona erecek. \u0130kinci d\u00f6nem ara tatili ise 8 Nisan 2024 Pazartesi ile 12 Nisan 2024 Cuma tarihleri aras\u0131nda yap\u0131lacak. Ortaokul ve imam hatip ortaokullar\u0131n\u0131n 5. s\u0131n\u0131flar\u0131, orta\u00f6\u011fretim kurumlar\u0131n\u0131n haz\u0131rl\u0131k ve 9. s\u0131n\u0131flar\u0131 ile pansiyonda kalacak \u00f6\u011frencilere y\u00f6nelik okul hakk\u0131nda bilgilendirme, akademik ve mesleki geli\u015fimlerini destekleme, yeni girdikleri e\u011fitim ortam\u0131na k\u0131sa s\u00fcrede uyum sa\u011flama amac\u0131yla gerekli rehberlik \u00e7al\u0131\u015fmalar\u0131 yap\u0131lacak.<\/span><br \/>\n<span style=\"font-family: arial, helvetica, sans-serif; font-size: 14px;\">\u00d6te yandan, takvime g\u00f6re, 2024-2025 e\u011fitim \u00f6\u011fretim y\u0131l\u0131 ise 9 Eyl\u00fcl 2024&#8217;te ba\u015flayacak.<\/span><\/p>\n","protected":false},"excerpt":{"rendered":"<p>2023-2024 e\u011fitim \u00f6\u011fretim y\u0131l\u0131 \u00e7al\u0131\u015fma takvimine g\u00f6re \u00f6\u011fretmenlerin mesleki \u00e7al\u0131\u015fmalar\u0131 ba\u015flad\u0131. 2023-2024 e\u011fitim \u00f6\u011fretim y\u0131l\u0131 ba\u015flad\u0131. E\u011fitim \u00f6\u011fretim y\u0131l\u0131nda birinci<\/p>\n","protected":false},"author":3,"featured_media":14776,"comment_status":"open","ping_status":"open","sticky":false,"template":"","format":"standard","meta":{"colormag_page_container_layout":"default_layout","colormag_page_sidebar_layout":"default_layout","footnotes":""},"categories":[45,1,5],"tags":[],"class_list":["post-14774","post","type-post","status-publish","format-standard","has-post-thumbnail","hentry","category-egitim","category-genel","category-gundem"],"_links":{"self":[{"href":"https:\/\/marmarayerelhizmet.com\/index.php\/wp-json\/wp\/v2\/posts\/14774","targetHints":{"allow":["GET"]}}],"collection":[{"href":"https:\/\/marmarayerelhizmet.com\/index.php\/wp-json\/wp\/v2\/posts"}],"about":[{"href":"https:\/\/marmarayerelhizmet.com\/index.php\/wp-json\/wp\/v2\/types\/post"}],"author":[{"embeddable":true,"href":"https:\/\/marmarayerelhizmet.com\/index.php\/wp-json\/wp\/v2\/users\/3"}],"replies":[{"embeddable":true,"href":"https:\/\/marmarayerelhizmet.com\/index.php\/wp-json\/wp\/v2\/comments?post=14774"}],"version-history":[{"count":0,"href":"https:\/\/marmarayerelhizmet.com\/index.php\/wp-json\/wp\/v2\/posts\/14774\/revisions"}],"wp:featuredmedia":[{"embeddable":true,"href":"https:\/\/marmarayerelhizmet.com\/index.php\/wp-json\/wp\/v2\/media\/14776"}],"wp:attachment":[{"href":"https:\/\/marmarayerelhizmet.com\/index.php\/wp-json\/wp\/v2\/media?parent=14774"}],"wp:term":[{"taxonomy":"category","embeddable":true,"href":"https:\/\/marmarayerelhizmet.com\/index.php\/wp-json\/wp\/v2\/categories?post=14774"},{"taxonomy":"post_tag","embeddable":true,"href":"https:\/\/marmarayerelhizmet.com\/index.php\/wp-json\/wp\/v2\/tags?post=14774"}],"curies":[{"name":"wp","href":"https:\/\/api.w.org\/{rel}","templated":true}]}}