{"id":14754,"date":"2023-09-03T01:17:09","date_gmt":"2023-09-02T22:17:09","guid":{"rendered":"https:\/\/marmarayerelhizmet.com\/?p=14754"},"modified":"2023-09-03T19:19:31","modified_gmt":"2023-09-03T16:19:31","slug":"turkiye-yuzyilina-damga-vuracak-mars","status":"publish","type":"post","link":"https:\/\/marmarayerelhizmet.com\/index.php\/2023\/09\/03\/turkiye-yuzyilina-damga-vuracak-mars\/","title":{"rendered":"T\u00fcrkiye Y\u00fczy\u0131l&#8217;\u0131na Damga Vuracak Mar\u015f"},"content":{"rendered":"<p><strong><span style=\"font-family: arial, helvetica, sans-serif; font-size: 14px;\">Cumhurba\u015fkanl\u0131\u011f\u0131 \u0130leti\u015fim Ba\u015fkanl\u0131\u011f\u0131 koordinasyonunda\u00a0\u00c7ekmek\u00f6y\u00a0Belediyesi\u2019nin 3 y\u0131ld\u0131r yapt\u0131\u011f\u0131 titiz \u00e7al\u0131\u015fmalar sonucunda ortaya \u00e7\u0131kan 100. Y\u0131l Mar\u015f\u0131, Cumhurba\u015fkanl\u0131\u011f\u0131 K\u00fclliyesi\u2019nde d\u00fczenlenen tan\u0131t\u0131m program\u0131ndan d\u00fcnyaya ilan edildi.<\/span><\/strong><\/p>\n<p><span style=\"font-family: arial, helvetica, sans-serif; font-size: 14px;\">2020 y\u0131l\u0131nda, Cumhuriyetimizin y\u00fcz\u00fcnc\u00fc y\u0131l\u0131na ili\u015fkin b\u00fct\u00fcn projelerin Cumhurba\u015fkanl\u0131\u011f\u0131 \u0130leti\u015fim Ba\u015fkanl\u0131\u011f\u0131\u2019n\u0131n koordinasyonunda d\u00fczenlenece\u011fi ilan edilmesinin ard\u0131ndan\u00a0\u00c7ekmek\u00f6y\u00a0Belediyesi \u201c100. Y\u0131l Mar\u015f\u0131 Yar\u0131\u015fmas\u0131\u201d Projesi&#8217;ni hayata ge\u00e7irdi.\u00a0Belediye\u00a0Ba\u015fkan\u0131 Ahmet Poyraz\u2019\u0131n liderli\u011finde olu\u015fan ekip taraf\u0131ndan T\u00fcrkiye Y\u00fczy\u0131l\u0131&#8217;na damga vuracak, s\u00f6z ve bestesi Do\u00e7. Dr. \u0130lker K\u00f6m\u00fcrc\u00fc\u2019ye ait mar\u015f, Cumhurba\u015fkanl\u0131\u011f\u0131 K\u00fclliyesi&#8217;nde 1071 ki\u015filik dev senfoni orkestras\u0131 taraf\u0131ndan ilk defa icra edilerek d\u00fcnyaya ilan edildi. Cumhurba\u015fkanl\u0131\u011f\u0131 K\u00fclliyesi\u2019nde tan\u0131t\u0131lan mar\u015f \u00f6ncesinde kat\u0131l\u0131mc\u0131lara ve ulusa seslenen Cumhurba\u015fkan\u0131 Erdo\u011fan; program\u0131n ikinci b\u00f6l\u00fcm\u00fcnde tan\u0131t\u0131m\u0131 yap\u0131lacak 100&#8217;\u00fcnc\u00fc Y\u0131l Mar\u015f\u0131&#8217;n\u0131n, t\u00fcm bu birikimi ve enerjiyi anlatan bir eser olarak milletin her bir ferdi taraf\u0131ndan sahiplenilece\u011fine inand\u0131\u011f\u0131n\u0131 belirterek, s\u00f6z\u00fcnden bestesine, j\u00fcrisinden icras\u0131na kadar bu eserin \u00fclkeye kazand\u0131r\u0131lmas\u0131nda eme\u011fi ge\u00e7enleri tebrik etti.<\/span><\/p>\n<p><span style=\"font-family: arial, helvetica, sans-serif; font-size: 14px;\">&#8220;Milletin mar\u015f\u0131n\u0131 millet yazacak&#8221; diyerek \u00e7\u0131kt\u0131\u011f\u0131m\u0131z yolda tarifsiz bir mutlulu\u011fa eri\u015ftik diyen\u00a0\u00c7ekmek\u00f6y\u00a0Belediye\u00a0Ba\u015fkan\u0131 Ahmet Poyraz \u201cBiz \u00fclkemize bir eser b\u0131rakmak istedik. Bu yolda da 3 sene \u00f6nce bu projeye ba\u015flad\u0131k. \u00d6n se\u00e7ici kurulumuz ve se\u00e7ici kurulumuzla bir araya gelerek s\u00fcreci ba\u015flatt\u0131k. \u00c7ok g\u00fczel bir \u00e7al\u0131\u015fma y\u00fcr\u00fct\u00fcld\u00fc. \u0130nce eleyip s\u0131k dokuduk. G\u00fczel bir sonuca ula\u015ft\u0131\u011f\u0131m\u0131za inan\u0131yorum. Birinci se\u00e7ilen eserimiz hem tarihimizi anlat\u0131yor hem de gelece\u011fe \u0131\u015f\u0131k tutuyor. Ama\u00e7lar\u0131m\u0131z\u0131, isteklerimizi, d\u00fc\u015f\u00fcncelerimizi do\u011fru bir \u015fekilde anlat\u0131yor.\u00a0\u00c7ekmek\u00f6y\u00a0Belediyesi olarak Cumhurba\u015fkanl\u0131\u011f\u0131m\u0131z ve \u0130leti\u015fim Ba\u015fkanl\u0131\u011f\u0131m\u0131zla birlikte g\u00fczel bir \u00e7al\u0131\u015fma ger\u00e7ekle\u015ftirdik. Amac\u0131m\u0131z tarihimize kal\u0131c\u0131 bir eser b\u0131rakmakt\u0131 ve bunu ba\u015fard\u0131k \u00e7ok \u015f\u00fck\u00fcr. Ortaya \u00e7ok g\u00fczel bir eser \u00e7\u0131kt\u0131. Hem eser sahibi \u0130lker K\u00f6m\u00fcrc\u00fc&#8217;ye hem de se\u00e7ici ve \u00f6n se\u00e7ici kurul \u00fcyelerimize ayr\u0131 ayr\u0131 te\u015fekk\u00fcrlerimi iletiyorum. Zor ve zahmetli bir s\u00fcreci aln\u0131m\u0131z\u0131n ak\u0131yla atlatt\u0131k. Y\u00fcz\u00fcnc\u00fc y\u0131l mar\u015f\u0131m\u0131z\u0131 milletimize, 30 A\u011fustos Zafer Bayram\u0131m\u0131zda arma\u011fan etmeyi ba\u015fard\u0131k. Eme\u011fi ge\u00e7en t\u00fcm arkada\u015flar\u0131m\u0131za te\u015fekk\u00fcr\u00fc bir bor\u00e7 biliyorum.\u201d dedi.<\/span><\/p>\n<p><strong><span style=\"font-family: arial, helvetica, sans-serif; font-size: 14px;\">Mar\u015f\u0131n s\u00f6z ve beste yazar\u0131ndan Ba\u015fkan Poyraz\u2019a te\u015fekk\u00fcr<\/span><\/strong><br \/>\n<span style=\"font-family: arial, helvetica, sans-serif; font-size: 14px;\">Mar\u015f\u0131n s\u00f6z ve beste yazar\u0131 olan Do\u00e7. Dr. \u0130lker K\u00f6m\u00fcrc\u00fc, \u201cBu eseri ortaya \u00e7\u0131kar\u0131rken yo\u011fun bir duygu hissettim. \u015eiirin ilk d\u00f6rtl\u00fc\u011f\u00fc bayra\u011f\u0131m\u0131za s\u00f6ylendi. \u0130kinci d\u00f6rtl\u00fckte Anadolu&#8217;ya bir sesleni\u015f var. \u00dc\u00e7\u00fcnc\u00fc d\u00f6rtl\u00fckte \u00fclkece ya\u015fad\u0131\u011f\u0131m\u0131z zor g\u00fcnleri ve bu g\u00fcnleri birlik olarak a\u015ft\u0131\u011f\u0131m\u0131za at\u0131fta bulundum. Son d\u00f6rtl\u00fckte ise \u00c7anakkale ve kurtulu\u015f m\u00fccadelemizi simgeleyen ifadeler var. \u015eiir T\u00fcrkiye&#8217;yi bug\u00fcnlere ta\u015f\u0131yan g\u00fcnleri anlat\u0131yor. Ba\u015far\u0131lar\u0131m\u0131z\u0131, zor g\u00fcnleri, aya\u011fa kalk\u0131\u015f\u0131m\u0131z\u0131 ve umutlar\u0131m\u0131z\u0131 simgeliyor. \u0130\u00e7ime sinerek ve b\u00fcy\u00fck bir co\u015fkuyla yazd\u0131\u011f\u0131m bir \u015fiir oldu. \u0130lk \u00e7\u0131k\u0131\u015f noktas\u0131 ise evimin kar\u015f\u0131s\u0131ndaki bayra\u011fa bakarak akl\u0131mdan ge\u00e7irdi\u011fim, &#8216;Parlayan Y\u0131ld\u0131z\u0131 Anadolu&#8217;nun&#8217; dizeleri oldu. \u0130lk s\u00f6z buydu ve sonras\u0131 zamanla geldi. Son haline gelene kadar \u00e7ok zaman ge\u00e7ti. Ama son noktada i\u00e7ime sinen ve ger\u00e7ekten bizi anlatan bir eser ortaya \u00e7\u0131kt\u0131\u011f\u0131n\u0131 d\u00fc\u015f\u00fcn\u00fcyorum. Eseri tamamlad\u0131ktan sonra ba\u015fvuru s\u00fcrecinin son anlar\u0131nda kat\u0131l\u0131m sa\u011flayabildim. 1 saat daha ge\u00e7 kalsam belki de bu eser burada olmayacakt\u0131. \u00c7ok mutlu, heyecanl\u0131 ve en \u00f6nemlisi de \u00e7ok gururluyum. T\u00fcrkiye Cumhuriyeti&#8217;nin 100. y\u0131l mar\u015f\u0131n\u0131n alt\u0131nda imzam\u0131n olmas\u0131 b\u00fcy\u00fck bir onur kayna\u011f\u0131. Bu vesileyle Say\u0131n Cumhurba\u015fkan\u0131m\u0131z Recep Tayyip Erdo\u011fan&#8217;a da te\u015fekk\u00fcrlerimi ve sayg\u0131lar\u0131m\u0131 iletiyorum. Bu \u00e7al\u0131\u015fmay\u0131 ba\u015flatan\u00a0\u00c7ekmek\u00f6y\u00a0Belediyesi ve k\u0131ymetli ba\u015fkan\u0131 Say\u0131n Ahmet Poyraz&#8217;a da \u00e7ok te\u015fekk\u00fcr ediyorum. Eme\u011fi ge\u00e7en herkesin eline, y\u00fcre\u011fine sa\u011fl\u0131k. B\u00fcy\u00fck bir i\u015f ba\u015fard\u0131lar ve b\u00fcy\u00fck bir vizyon ortaya koydular. Cumhuriyetimizin 100. y\u0131l\u0131nda b\u00fcy\u00fck bir projeyi hayata ge\u00e7irerek gelece\u011fe b\u00fcy\u00fck bir eser b\u0131rakt\u0131lar. Cumhuriyetimiz 100 ya\u015f\u0131nda. Bir sanat\u00e7\u0131n\u0131n \u00fclkemize bu \u015fekilde bir eser b\u0131rakma \u015fans\u0131 bir kez ya gelir ya da gelmez. Bu bana nasip oldu. Bu y\u00fczden \u00e7ok \u015fansl\u0131 hissediyorum kendimi\u201d dedi.<\/span><\/p>\n<p><strong><span style=\"font-family: arial, helvetica, sans-serif; font-size: 14px;\">S\u00fcre\u00e7 Nas\u0131l Ba\u015flad\u0131?<\/span><\/strong><br \/>\n<span style=\"font-family: arial, helvetica, sans-serif; font-size: 14px;\">2020 y\u0131l\u0131nda fikir a\u015famalar\u0131n\u0131n ard\u0131ndan olu\u015fturulan yar\u0131\u015fma dan\u0131\u015fma kurulunda yer alan Y\u00fccel Arzen, Erol Erdo\u011fan ve \u0130stanbul \u0130l K\u00fclt\u00fcr M\u00fcd\u00fcr\u00fc Co\u015fkun Y\u0131lmaz\u2019la ger\u00e7ekle\u015ftirilen toplant\u0131larda; yar\u0131\u015fma s\u00fcreci olu\u015fturularak alan\u0131nda uzman isimlerden olu\u015fan se\u00e7ici kurul da belirlendi. Se\u00e7ici kurulda; T\u00fcrk m\u00fczi\u011finin \u00f6nde gelen isimleri Y\u00fccel Arzen, Garo Mafyan, \u00d6zdemir Erdo\u011fan, Cengiz Erdem, Sinan Ak\u00e7\u0131l, Azerin ve Tuluyhan U\u011furlu; sunucu Pelin \u00c7ift, tarih\u00e7i yazar Tufan G\u00fcnd\u00fcz, edebiyat\u00e7\u0131 Sibel Eraslan ve Cahit Koytak, Devlet Tiyatrolar\u0131 Genel M\u00fcd\u00fcr\u00fc Mustafa Kurt, Devlet Opera ve Balesi Genel M\u00fcd\u00fcr\u00fc Murat Karahan, yazar Hayati Develi, sosyolog Erol Erdo\u011fan yer ald\u0131. 1 Temmuz 2021 tarihinde K\u00fc\u00e7\u00fcksu Kasr\u0131\u2019nda ger\u00e7ekle\u015fen tan\u0131t\u0131m toplant\u0131s\u0131 ile resmen ba\u015flayan 100. Y\u0131l Mar\u015f\u0131 Yar\u0131\u015fmas\u0131; \u015eiir ve Beste olarak iki farkl\u0131 kategoriye ayr\u0131ld\u0131. Projenin ilk basama\u011f\u0131 olan \u015eiir Yar\u0131\u015fmas\u0131 i\u00e7in ba\u015fvurular 1 Temmuz 2021 ak\u015fam\u0131ndan itibaren al\u0131nmaya ba\u015fland\u0131 ve 29 Ekim 2021 tarihinde sona erdi. Bu s\u00fcre\u00e7te yar\u0131\u015fmam\u0131za 14 \u00fclkeden ve T\u00fcrkiye\u2019nin 81 ilinden toplamda 2 bini a\u015fk\u0131n \u015fiir kat\u0131ld\u0131. Ba\u015fvurular internet sitesinden online olarak al\u0131nd\u0131 ve ar\u015fivlendi. Ayr\u0131ca dereceye giren 100 \u015fiir bir \u015fiir kitab\u0131nda bir araya topland\u0131. \u015eiir etab\u0131nda ilk 100\u2019e giren \u015fairlere \u00f6d\u00fclleri 3 Mart 2022 tarihinde Atat\u00fcrk K\u00fclt\u00fcr Merkezi&#8217;nde d\u00fczenlenen bir t\u00f6renle verildi. Projenin ikinci a\u015famas\u0131nda Cumhuriyetimizin 100. y\u0131l\u0131 i\u00e7in bestelenen mar\u015flar yar\u0131\u015ft\u0131. Beste Yar\u0131\u015fmas\u0131n\u0131n son ba\u015fvuru tarihi olan 29 Ekim 2022 tarihine kadar yar\u0131\u015fmam\u0131za toplamda 147 beste ile ba\u015fvuru yap\u0131ld\u0131. Besteler se\u00e7ici kurul taraf\u0131ndan de\u011ferlendirilerek puanland\u0131 ve 10 beste se\u00e7ilerek \u0130leti\u015fim Ba\u015fkanl\u0131\u011f\u0131na g\u00f6nderildi. Se\u00e7ici kurulun birinci se\u00e7ti\u011fi beste \u0130leti\u015fim Ba\u015fkanl\u0131\u011f\u0131 taraf\u0131ndan da birinci se\u00e7ildi ve bu beste 30 A\u011fustos 2023 tarihinde Cumhurba\u015fkanl\u0131\u011f\u0131 K\u00fclliyesi&#8217;nde ger\u00e7ekle\u015ftirilen resepsiyonda devletimizin resmi 100. Y\u0131l Mar\u015f\u0131 olarak ilan edildi.<\/span><\/p>\n","protected":false},"excerpt":{"rendered":"<p>Cumhurba\u015fkanl\u0131\u011f\u0131 \u0130leti\u015fim Ba\u015fkanl\u0131\u011f\u0131 koordinasyonunda\u00a0\u00c7ekmek\u00f6y\u00a0Belediyesi\u2019nin 3 y\u0131ld\u0131r yapt\u0131\u011f\u0131 titiz \u00e7al\u0131\u015fmalar sonucunda ortaya \u00e7\u0131kan 100. Y\u0131l Mar\u015f\u0131, Cumhurba\u015fkanl\u0131\u011f\u0131 K\u00fclliyesi\u2019nde d\u00fczenlenen tan\u0131t\u0131m program\u0131ndan<\/p>\n","protected":false},"author":3,"featured_media":14756,"comment_status":"open","ping_status":"open","sticky":false,"template":"","format":"standard","meta":{"colormag_page_container_layout":"default_layout","colormag_page_sidebar_layout":"default_layout","footnotes":""},"categories":[1,5,6,8],"tags":[],"class_list":["post-14754","post","type-post","status-publish","format-standard","has-post-thumbnail","hentry","category-genel","category-gundem","category-kultur-sanat","category-siyaset"],"_links":{"self":[{"href":"https:\/\/marmarayerelhizmet.com\/index.php\/wp-json\/wp\/v2\/posts\/14754","targetHints":{"allow":["GET"]}}],"collection":[{"href":"https:\/\/marmarayerelhizmet.com\/index.php\/wp-json\/wp\/v2\/posts"}],"about":[{"href":"https:\/\/marmarayerelhizmet.com\/index.php\/wp-json\/wp\/v2\/types\/post"}],"author":[{"embeddable":true,"href":"https:\/\/marmarayerelhizmet.com\/index.php\/wp-json\/wp\/v2\/users\/3"}],"replies":[{"embeddable":true,"href":"https:\/\/marmarayerelhizmet.com\/index.php\/wp-json\/wp\/v2\/comments?post=14754"}],"version-history":[{"count":0,"href":"https:\/\/marmarayerelhizmet.com\/index.php\/wp-json\/wp\/v2\/posts\/14754\/revisions"}],"wp:featuredmedia":[{"embeddable":true,"href":"https:\/\/marmarayerelhizmet.com\/index.php\/wp-json\/wp\/v2\/media\/14756"}],"wp:attachment":[{"href":"https:\/\/marmarayerelhizmet.com\/index.php\/wp-json\/wp\/v2\/media?parent=14754"}],"wp:term":[{"taxonomy":"category","embeddable":true,"href":"https:\/\/marmarayerelhizmet.com\/index.php\/wp-json\/wp\/v2\/categories?post=14754"},{"taxonomy":"post_tag","embeddable":true,"href":"https:\/\/marmarayerelhizmet.com\/index.php\/wp-json\/wp\/v2\/tags?post=14754"}],"curies":[{"name":"wp","href":"https:\/\/api.w.org\/{rel}","templated":true}]}}