{"id":14750,"date":"2023-09-03T16:41:10","date_gmt":"2023-09-03T13:41:10","guid":{"rendered":"https:\/\/marmarayerelhizmet.com\/?p=14750"},"modified":"2023-09-03T16:41:10","modified_gmt":"2023-09-03T13:41:10","slug":"ismail-akcay-yol-kosusu","status":"publish","type":"post","link":"https:\/\/marmarayerelhizmet.com\/index.php\/2023\/09\/03\/ismail-akcay-yol-kosusu\/","title":{"rendered":"&#8216;\u0130smail Ak\u00e7ay Yol Ko\u015fusu&#8217;"},"content":{"rendered":"<p><strong><span style=\"font-family: arial, helvetica, sans-serif; font-size: 14px;\">Meksika 1968 Olimpiyatlar\u0131\u2019nda maraton d\u00f6rd\u00fcnc\u00fcs\u00fc olarak T\u00fcrk atletizm tarihine ge\u00e7en atlet \u0130smail Ak\u00e7ay ad\u0131na Alt\u0131eyl\u00fcl Belediyesi taraf\u0131ndan 15.\u2019si d\u00fczenlenen yol ko\u015fusu, Bal\u0131kesir\u2019de ger\u00e7ekle\u015ftirildi.<br \/>\n<\/span><\/strong><br \/>\n<span style=\"font-family: arial, helvetica, sans-serif; font-size: 14px;\">Alt\u0131eyl\u00fcl Belediyesi, T\u00fcrkiye Atletizm Federasyonu ve Gen\u00e7lik Spor \u0130l M\u00fcd\u00fcrl\u00fc\u011f\u00fc taraf\u0131ndan organize edilen ve 12 bin 500 metrelik parkurdan olu\u015fan 15. \u0130smail Ak\u00e7ay Yol Ko\u015fusu\u2019nun ba\u015flang\u0131\u00e7 noktas\u0131 Atat\u00fcrk Stadyumu\u2019ndan verildi. Kad\u0131nlarda 18-55 ve \u00fcst\u00fc ya\u015f, erkeklerde 18-80 ve \u00fcst\u00fc aral\u0131\u011f\u0131ndaki yerli ve yabanc\u0131 herkese a\u00e7\u0131k olan yar\u0131\u015fmaya kat\u0131l\u0131m yo\u011fun oldu.<\/span><br \/>\n<span style=\"font-family: arial, helvetica, sans-serif; font-size: 14px;\">Yar\u0131\u015f\u0131n ba\u015flang\u0131c\u0131n\u0131 AK Parti Bal\u0131kesir Milletvekili \u0130smail Ok yaparken, etkinli\u011fe; Alt\u0131eyl\u00fcl Belediye Ba\u015fkan\u0131 Hasan Avc\u0131, Karesi Belediyesi Ba\u015fkan Yard\u0131mc\u0131s\u0131 Muhiddin Diker, Gen\u00e7lik ve Spor \u0130l M\u00fcd\u00fcr\u00fc Adem \u00d6zalp, T\u00fcrkiye Atletizm Federasyonu yetkilileri, protokol \u00fcyeleri ve atletlerin yak\u0131nlar\u0131 kat\u0131ld\u0131.<\/span><br \/>\n<span style=\"font-family: arial, helvetica, sans-serif; font-size: 14px;\">\u0130smail Ak\u00e7ay ad\u0131na 15. kez d\u00fczenledikleri bu yar\u0131\u015f\u0131n hay\u0131rl\u0131 olmas\u0131n\u0131 dileyen Alt\u0131eyl\u00fcl Belediye Ba\u015fkan\u0131 Hasan Avc\u0131, &#8220;Gen\u00e7lerimize \u00f6rnek olmas\u0131 a\u00e7\u0131s\u0131ndan \u0130smail Ak\u00e7ay ad\u0131na uzun y\u0131llard\u0131r devam eden organizasyonu bu sene de ger\u00e7ekle\u015ftiriyoruz. 6 Eyl\u00fcl Bal\u0131kesir\u2019in kurtulu\u015funun 101. y\u0131l\u0131 etkinliklerinin ba\u015flang\u0131c\u0131 olarak her sene d\u00fczenlemi\u015f oldu\u011fumuz ve 15.\u2019sini ger\u00e7ekle\u015ftirdi\u011fimiz \u0130smail Ak\u00e7ay Yol Ko\u015fusu; Federasyonumuz ve Gen\u00e7lik ve Spor \u0130l M\u00fcd\u00fcrl\u00fc\u011f\u00fcm\u00fczle birlikte gen\u00e7lere \u00f6rnek olan bu yol ko\u015fusunun uzun y\u0131llar devam etmesini temenni ediyorum&#8221; ifadelerini kulland\u0131.<\/span><br \/>\n<span style=\"font-family: arial, helvetica, sans-serif; font-size: 14px;\">Gen\u00e7lik ve Spor \u0130l M\u00fcd\u00fcr\u00fc Adem \u00d6zalp ise, Kuva-y\u0131 Milliye \u015fehri Bal\u0131kesir&#8217;in kurtulu\u015funun 101. y\u0131l\u0131nda yap\u0131lan faaliyetlerden birisi olan \u0130smail Ak\u00e7ay yol ko\u015fusuna yo\u011fun bir kat\u0131l\u0131m oldu\u011funu s\u00f6yledi. \u00d6zalp, kat\u0131lan t\u00fcm atletlere ba\u015far\u0131lar dileyerek eme\u011fi ge\u00e7enlere te\u015fekk\u00fcr etti.<\/span><br \/>\n<span style=\"font-family: arial, helvetica, sans-serif; font-size: 14px;\">Yar\u0131\u015f\u0131 erkeklerde Fetene Alemu Regasa birinci kazan\u0131rken, \u00d6mer Alkano\u011flu ikinci, \u00dczeyir S\u00f6ylemez \u00fc\u00e7\u00fcnc\u00fc oldu. Kad\u0131nlarda ise Gamze Bulut Duvar birinci, Dilek \u00d6zt\u00fcrk ikinci, Ezgi Kaya \u00fc\u00e7\u00fcnc\u00fc s\u0131ray\u0131 ald\u0131. Etkinlik sonunda dereceye giren sporculara protokol taraf\u0131ndan \u00f6d\u00fclleri verdi.<\/span><\/p>\n","protected":false},"excerpt":{"rendered":"<p>Meksika 1968 Olimpiyatlar\u0131\u2019nda maraton d\u00f6rd\u00fcnc\u00fcs\u00fc olarak T\u00fcrk atletizm tarihine ge\u00e7en atlet \u0130smail Ak\u00e7ay ad\u0131na Alt\u0131eyl\u00fcl Belediyesi taraf\u0131ndan 15.\u2019si d\u00fczenlenen yol<\/p>\n","protected":false},"author":3,"featured_media":14752,"comment_status":"open","ping_status":"open","sticky":false,"template":"","format":"standard","meta":{"colormag_page_container_layout":"default_layout","colormag_page_sidebar_layout":"default_layout","footnotes":""},"categories":[1,5,8,9],"tags":[],"class_list":["post-14750","post","type-post","status-publish","format-standard","has-post-thumbnail","hentry","category-genel","category-gundem","category-siyaset","category-spor"],"_links":{"self":[{"href":"https:\/\/marmarayerelhizmet.com\/index.php\/wp-json\/wp\/v2\/posts\/14750","targetHints":{"allow":["GET"]}}],"collection":[{"href":"https:\/\/marmarayerelhizmet.com\/index.php\/wp-json\/wp\/v2\/posts"}],"about":[{"href":"https:\/\/marmarayerelhizmet.com\/index.php\/wp-json\/wp\/v2\/types\/post"}],"author":[{"embeddable":true,"href":"https:\/\/marmarayerelhizmet.com\/index.php\/wp-json\/wp\/v2\/users\/3"}],"replies":[{"embeddable":true,"href":"https:\/\/marmarayerelhizmet.com\/index.php\/wp-json\/wp\/v2\/comments?post=14750"}],"version-history":[{"count":0,"href":"https:\/\/marmarayerelhizmet.com\/index.php\/wp-json\/wp\/v2\/posts\/14750\/revisions"}],"wp:featuredmedia":[{"embeddable":true,"href":"https:\/\/marmarayerelhizmet.com\/index.php\/wp-json\/wp\/v2\/media\/14752"}],"wp:attachment":[{"href":"https:\/\/marmarayerelhizmet.com\/index.php\/wp-json\/wp\/v2\/media?parent=14750"}],"wp:term":[{"taxonomy":"category","embeddable":true,"href":"https:\/\/marmarayerelhizmet.com\/index.php\/wp-json\/wp\/v2\/categories?post=14750"},{"taxonomy":"post_tag","embeddable":true,"href":"https:\/\/marmarayerelhizmet.com\/index.php\/wp-json\/wp\/v2\/tags?post=14750"}],"curies":[{"name":"wp","href":"https:\/\/api.w.org\/{rel}","templated":true}]}}