{"id":14733,"date":"2023-09-03T15:59:48","date_gmt":"2023-09-03T12:59:48","guid":{"rendered":"https:\/\/marmarayerelhizmet.com\/?p=14733"},"modified":"2023-09-03T16:06:27","modified_gmt":"2023-09-03T13:06:27","slug":"sevgi-bulusmalari-dopdolu","status":"publish","type":"post","link":"https:\/\/marmarayerelhizmet.com\/index.php\/2023\/09\/03\/sevgi-bulusmalari-dopdolu\/","title":{"rendered":"Sevgi Bulu\u015fmalar\u0131 Dopdolu"},"content":{"rendered":"<p><strong><span style=\"font-family: arial, helvetica, sans-serif; font-size: 14px;\">Beylikd\u00fcz\u00fc&#8217;nde birbirinden renkli etkinliklerde vatanda\u015flar\u0131 bir araya getiren 10. Bar\u0131\u015f ve Sevgi Bulu\u015fmalar\u0131, d\u00f6rd\u00fcnc\u00fc g\u00fcn\u00fcnde de dopdolu ge\u00e7ti. Sahaf S\u00f6yle\u015fileri\u2019nde T\u00fcrkiye\u2019nin 90\u2019l\u0131 y\u0131llar\u0131 konu\u015fulurken, \u00c7ardak Alt\u0131 Sohbetleri\u2019nde e\u011fitim konusu ele al\u0131nd\u0131. S\u00f6yle\u015filerin ard\u0131ndan sevilen grup Y\u00fczy\u00fczeyken Konu\u015furuz sahnede yerini alarak dinleyicisiyle bulu\u015ftu.<br \/>\n<\/span><\/strong><br \/>\n<span style=\"font-family: arial, helvetica, sans-serif; font-size: 14px;\">10. Bar\u0131\u015f ve Sevgi Bulu\u015fmalar\u0131, d\u00f6rd\u00fcnc\u00fc g\u00fcn\u00fcnde de alan\u0131nda \u00f6nde gelen isimleri \u0130stanbullular ile bulu\u015fturdu. Sahaf Festivali kapsam\u0131nda d\u00fczenlenen Sahaf S\u00f6yle\u015fileri\u2019nin konuklar\u0131 Cengiz \u00d6zdemir, Ozan Sa\u011f\u00f6z ve Do\u011fan G\u00fcrp\u0131nar oldu. S\u00f6yle\u015fide yazar G\u00fcrp\u0131nar\u2019\u0131n \u201cK\u00fcstah ve C\u00fcretk\u00e2r: T\u00fcrkiye\u2019nin Doksanl\u0131 Y\u0131llar\u0131\u201d isimli kitab\u0131 \u00fczerine keyifli bir s\u00f6yle\u015fi ger\u00e7ekle\u015ftirildi. Ard\u0131ndan Pelin Batu moderat\u00f6rl\u00fc\u011f\u00fcnde ger\u00e7ekle\u015fen \u00c7ardak Alt\u0131 Sohbetleri\u2019nde \u201cCumhuriyetin 100.y\u0131l\u0131 E\u011fitim\u201d konusu konu\u015fuldu. Etkinlikler kapsam\u0131nda ayr\u0131ca b\u00fcy\u00fck ilgi g\u00f6ren Gece Mezat\u0131\u2019n\u0131n yan\u0131 s\u0131ra spor turnuvalar\u0131nda da k\u0131yas\u0131ya rekabet ya\u015fand\u0131.<br \/>\n<\/span><br \/>\n<strong><span style=\"font-family: arial, helvetica, sans-serif; font-size: 14px;\">E\u011fitim konusu masaya yat\u0131r\u0131ld\u0131<\/span><\/strong><br \/>\n<span style=\"font-family: arial, helvetica, sans-serif; font-size: 14px;\">Her g\u00fcn farkl\u0131 bir konunun ele al\u0131nd\u0131\u011f\u0131 \u00c7ardak Alt\u0131 Sohbetleri bu kez, Prof. Dr. Ahmet Y\u0131ld\u0131z, Hassa Anne olarak bilinen Ece Kumkale ve Prof. Dr. Ay\u015fe Y\u00fcksel\u2019i konuk etti. E\u011fitimin en \u00f6nemli sorununun niteliksizle\u015fme ile beraber s\u0131n\u0131fsalla\u015fma oldu\u011funu belirten Y\u0131ld\u0131z, \u201cAsl\u0131nda bizim cumhuriyetimiz bir e\u011fitim cumhuriyetidir. \u0130lk kurulu\u015f d\u00f6nemine bakt\u0131\u011f\u0131n\u0131zda K\u00f6y Enstit\u00fclerinden Millet Mekteplerine kadar e\u011fitim yoluyla bir \u00fclkenin in\u015fas\u0131 d\u00fc\u015f\u00fcn\u00fclm\u00fc\u015ft\u00fcr. Geldi\u011fimiz noktada ne yaz\u0131k ki yine e\u011fitim yoluyla Cumhuriyetin y\u0131k\u0131lma \u00e7abalar\u0131na tan\u0131kl\u0131k ediyoruz\u201d \u015feklinde konu\u015ftu. E\u011fitimin her \u015feyin temelinde oldu\u011funu belirten Ece Kumkale, \u201cBu konuyu konu\u015fmak \u00e7ok \u00f6nemli. Her zaman umut oldu\u011funu d\u00fc\u015f\u00fcn\u00fcyorum. Umudumuzu kaybetti\u011fimizde Atat\u00fcrk\u2019\u00fcn ba\u015fard\u0131klar\u0131na ve bize neler \u00f6\u011fretti\u011fine d\u00f6nmek gerekiyor\u201d dedi. \u00c7a\u011fda\u015f Ya\u015fam\u0131 Destekleme Derne\u011fi\u2019nin yapt\u0131\u011f\u0131 \u00e7al\u0131\u015fmalara da de\u011finen Y\u00fcksel ise \u201c17 k\u0131z \u00f6\u011frencisiyle ba\u015flad\u0131\u011f\u0131m\u0131z yolculu\u011fumuzda 105 bin k\u0131z \u00f6\u011frenciye burs verdik. Atat\u00fcrk\u2019\u00fcn bize emanet etti\u011fi Cumhuriyet devrimi ve onun ilkeleri sonsuza kadar ya\u015fas\u0131n diye \u00f6mr\u00fcm\u00fcz yetti\u011fince emek vermeye s\u00f6z veriyoruz\u201d ifadelerini kulland\u0131. S\u00f6yle\u015finin ard\u0131ndan \u00e7i\u00e7ek ve plaket takdimini Zehra \u00c7al\u0131k ger\u00e7ekle\u015ftirdi.<br \/>\n<\/span><br \/>\n<strong><span style=\"font-family: arial, helvetica, sans-serif; font-size: 14px;\">Y\u00fczy\u00fczeyken Konu\u015furuz\u2019un \u015fark\u0131lar\u0131 Beylikd\u00fcz\u00fc\u2019nde yank\u0131land\u0131<\/span><\/strong><br \/>\n<span style=\"font-family: arial, helvetica, sans-serif; font-size: 14px;\">Keyifli ge\u00e7en s\u00f6yle\u015filerin ard\u0131ndan DJ Hakan K\u00fcf\u00fcnd\u00fcr konser \u00f6ncesi sahnede yerini ald\u0131. Ard\u0131ndan g\u00fcn\u00fcn erken saatlerinden itibaren konseri bekleyen co\u015fkulu bir kalabal\u0131\u011f\u0131 selamlayan Y\u00fczy\u00fczeyken Konu\u015furuz, sevilen \u015fark\u0131lar\u0131n\u0131 seslendirdi. Olduk\u00e7a yo\u011fun bir ilginin oldu\u011fu konserde, \u015fark\u0131lara y\u00fczlerce ki\u015fi ayn\u0131 anda e\u015flik etti. Beylikd\u00fcz\u00fc Belediye Ba\u015fkan\u0131 Mehmet Murat \u00c7al\u0131k e\u015fi Zehra \u00c7al\u0131k ile birlikte gruba \u00e7i\u00e7ek ve plaket takdim ederek te\u015fekk\u00fcrlerini sundu.<\/span><\/p>\n","protected":false},"excerpt":{"rendered":"<p>Beylikd\u00fcz\u00fc&#8217;nde birbirinden renkli etkinliklerde vatanda\u015flar\u0131 bir araya getiren 10. Bar\u0131\u015f ve Sevgi Bulu\u015fmalar\u0131, d\u00f6rd\u00fcnc\u00fc g\u00fcn\u00fcnde de dopdolu ge\u00e7ti. Sahaf S\u00f6yle\u015fileri\u2019nde<\/p>\n","protected":false},"author":3,"featured_media":14735,"comment_status":"open","ping_status":"open","sticky":false,"template":"","format":"standard","meta":{"colormag_page_container_layout":"default_layout","colormag_page_sidebar_layout":"default_layout","footnotes":""},"categories":[1,5,6,8],"tags":[],"class_list":["post-14733","post","type-post","status-publish","format-standard","has-post-thumbnail","hentry","category-genel","category-gundem","category-kultur-sanat","category-siyaset"],"_links":{"self":[{"href":"https:\/\/marmarayerelhizmet.com\/index.php\/wp-json\/wp\/v2\/posts\/14733","targetHints":{"allow":["GET"]}}],"collection":[{"href":"https:\/\/marmarayerelhizmet.com\/index.php\/wp-json\/wp\/v2\/posts"}],"about":[{"href":"https:\/\/marmarayerelhizmet.com\/index.php\/wp-json\/wp\/v2\/types\/post"}],"author":[{"embeddable":true,"href":"https:\/\/marmarayerelhizmet.com\/index.php\/wp-json\/wp\/v2\/users\/3"}],"replies":[{"embeddable":true,"href":"https:\/\/marmarayerelhizmet.com\/index.php\/wp-json\/wp\/v2\/comments?post=14733"}],"version-history":[{"count":0,"href":"https:\/\/marmarayerelhizmet.com\/index.php\/wp-json\/wp\/v2\/posts\/14733\/revisions"}],"wp:featuredmedia":[{"embeddable":true,"href":"https:\/\/marmarayerelhizmet.com\/index.php\/wp-json\/wp\/v2\/media\/14735"}],"wp:attachment":[{"href":"https:\/\/marmarayerelhizmet.com\/index.php\/wp-json\/wp\/v2\/media?parent=14733"}],"wp:term":[{"taxonomy":"category","embeddable":true,"href":"https:\/\/marmarayerelhizmet.com\/index.php\/wp-json\/wp\/v2\/categories?post=14733"},{"taxonomy":"post_tag","embeddable":true,"href":"https:\/\/marmarayerelhizmet.com\/index.php\/wp-json\/wp\/v2\/tags?post=14733"}],"curies":[{"name":"wp","href":"https:\/\/api.w.org\/{rel}","templated":true}]}}