{"id":14719,"date":"2023-09-03T12:52:16","date_gmt":"2023-09-03T09:52:16","guid":{"rendered":"https:\/\/marmarayerelhizmet.com\/?p=14719"},"modified":"2023-09-03T12:52:16","modified_gmt":"2023-09-03T09:52:16","slug":"gaziantep-fk-0-galatasaray-3","status":"publish","type":"post","link":"https:\/\/marmarayerelhizmet.com\/index.php\/2023\/09\/03\/gaziantep-fk-0-galatasaray-3\/","title":{"rendered":"Gaziantep FK: 0 &#8211; Galatasaray: 3"},"content":{"rendered":"<p><strong><span style=\"font-family: arial, helvetica, sans-serif; font-size: 14px;\">Galatasaray, Trendyol S\u00fcper Lig\u2019in 4. haftas\u0131nda deplasmanda kar\u015f\u0131la\u015ft\u0131\u011f\u0131 Gaziantep FK&#8217;y\u0131 3-0 ma\u011flup etti.<\/span><\/strong><\/p>\n<p><span style=\"font-family: arial, helvetica, sans-serif; font-size: 14px;\"><strong>Ma\u00e7tan dakikalar<\/strong><br \/>\n2. dakikada Mertens&#8217;in sa\u011f kanattan kale \u00f6n\u00fcne ortas\u0131nda kaleci Batuhan&#8217;dan seken topu Kerem Akt\u00fcrko\u011flu a\u011flara g\u00f6nderdi ancak at\u0131lan gol VAR incelemesi sonras\u0131 ofsayt gerek\u00e7esiyle iptal edildi.<br \/>\n4. dakikada ceza sahas\u0131 i\u00e7i sa\u011f \u00e7apraz\u0131nda topla bulu\u015fan Riascoss\u2019un \u015futunda me\u015fin yuvarlak kalenin \u00fczerinden d\u0131\u015far\u0131ya \u00e7\u0131kt\u0131.<br \/>\n5. dakikada Tete\u2019nin ortas\u0131nda Kerem Demirbay\u2019\u0131n kafa vuru\u015funda savunmadan seken topu Kerem Akt\u00fcrko\u011flu geli\u015fine vuru\u015fla a\u011flara g\u00f6nderdi. 0-1<br \/>\n14. dakikada ceza sahas\u0131 i\u00e7i sol \u00e7apraz\u0131nda topla bulu\u015fan Angelino\u2019nun sert \u015futunda me\u015fin yuvarlak savunmadan d\u00f6nd\u00fc.<br \/>\n22. dakikada Galatasaray\u2019\u0131n sa\u011f kanattan kulland\u0131\u011f\u0131 kornerde ceza sahas\u0131 i\u00e7inde iyi y\u00fckselen Nelsson\u2019un kafa vuru\u015funda me\u015fin yuvarlak yerden sekerek dire\u011fin yan\u0131ndan d\u0131\u015far\u0131 \u00e7\u0131kt\u0131.<br \/>\n32. dakikada ceza sahas\u0131 sa\u011f \u00e7apraz\u0131nda topla bulu\u015fan \u00d6m\u00fcrcan\u2019\u0131n \u015futunda me\u015fin yuvarlak Muslera\u2019da kald\u0131.<br \/>\n45. dakikada Mustafa Eskihella\u00e7&#8217;\u0131n sa\u011f kanattan ortas\u0131nda kaleci Muslara me\u015fin yuvarla\u011f\u0131 iki hamlede kontrol etti.<br \/>\n<\/span><span style=\"font-family: arial, helvetica, sans-serif; font-size: 14px;\">64. dakikada dakikada sol kanattan geli\u015fen Galatasaray ata\u011f\u0131nda savunma arkas\u0131nda topla bulu\u015fan Kerem Akt\u00fcrko\u011flu&#8217;nun ceza sahas\u0131 i\u00e7ine girip verdi\u011fi pasta Mauro Icardi d\u00fczg\u00fcn bir vuru\u015fla me\u015fin yuvarla\u011f\u0131 a\u011falara g\u00f6nderdi. 0-2<\/span><br \/>\n<span style=\"font-family: arial, helvetica, sans-serif; font-size: 14px;\">71. dakikada ceza sahas\u0131 sol k\u00f6\u015fesinde \u00d6m\u00fcrcan&#8217;\u0131n m\u00fcdahalesiyle Mauro Icardi&#8217;nin yerde kalmas\u0131 sonras\u0131 hakem Ali \u015eansalan penalt\u0131 noktas\u0131n\u0131 g\u00f6sterdi.<\/span><br \/>\n<span style=\"font-family: arial, helvetica, sans-serif; font-size: 14px;\">72. dakikada kazan\u0131lan penalt\u0131da topun ba\u015f\u0131na ge\u00e7en Mauro Icardi, kaleci Batuhan \u015een&#8217;in solundan a\u011flarla bulu\u015fturdu. 0-3<\/span><br \/>\n<span style=\"font-family: arial, helvetica, sans-serif; font-size: 14px;\">75. dakikada Mertens\u2019in pas\u0131nda topla bulu\u015fan Kerem Akt\u00fcrko\u011flu\u2019nun \u015futu a\u011flara gitti ancak VAR incelemesi sonras\u0131 pozisyon \u00f6ncesinde el oldu\u011fu gerek\u00e7esiyle gol iptal edildi.<\/span><br \/>\n<span style=\"font-family: arial, helvetica, sans-serif; font-size: 14px;\">89. dakikada Og\u00fcn&#8217;\u00fcn ceza sahas\u0131 d\u0131\u015f\u0131ndan sert \u015futunda me\u015fin yuvarlak kaleci Fernando Muslera&#8217;da kald\u0131.<\/span><br \/>\n<span style=\"font-family: arial, helvetica, sans-serif; font-size: 14px;\">90. dakikada \u00d6m\u00fcrcan&#8217;\u0131n ortas\u0131nda Nelsson&#8217;dan seken topu Boey son anda \u00e7izgiden \u00e7\u0131kard\u0131.<\/span><\/p>\n<p><span style=\"font-family: arial, helvetica, sans-serif; font-size: 14px;\">Hakemler: Ali \u015eansalan, Aleks Ta\u015fc\u0131o\u011flu, Erdem Bay\u0131k<\/span><br \/>\n<span style=\"font-family: arial, helvetica, sans-serif; font-size: 14px;\">Gaziantep FK: Batuhan \u015een, Mustafa Eskihella\u00e7, Papy Djilobodji (Arda K\u0131z\u0131lda\u011f dk. 84), Ertu\u011frul Ersoy, \u00d6m\u00fcrcan Artan, Marko Jevtov\u0131c (Valmir Veliu dk. 68), Furkan Soyalp, Janio Bikel (Og\u00fcn \u00d6z\u00e7i\u00e7ek dk. 84), Maxim, Max Gradel (Lazar Markov\u0131c dk 68), Riascos<\/span><br \/>\n<span style=\"font-family: arial, helvetica, sans-serif; font-size: 14px;\">Yedekler: Mustafa Burak, Luka Stankovski, Mirza Cihan, Ula\u015f Zengin, Onurhan Babu\u015fcu, Khacef<\/span><br \/>\n<span style=\"font-family: arial, helvetica, sans-serif; font-size: 14px;\">Teknik Direkt\u00f6r: Erdal G\u00fcne\u015f<\/span><br \/>\n<span style=\"font-family: arial, helvetica, sans-serif; font-size: 14px;\">Galatasaray: Fernando Muslera, Sacha Boey, Victor Nelsson, Abd\u00fclkerim Bardakc\u0131, Angelino (Kaz\u0131mcan Karata\u015f dk. 85), Lucas Toreira, Kerem Demirbay (Halil Dervi\u015fo\u011flu dk. 80), Tete (Bar\u0131\u015f Alper dk. 62), Dries Mertens (Kaan Ayhan dk. 80), Kerem Akt\u00fcrko\u011flu, Mauro Icardi (Cedric Bakambu (dk. 80)<\/span><br \/>\n<span style=\"font-family: arial, helvetica, sans-serif; font-size: 14px;\">Yedekler: G\u00fcnay G\u00fcven\u00e7, Leo Dubois, Emin Bayram, Ali Ye\u015filyurt, Baran Aksaka,<\/span><br \/>\n<span style=\"font-family: arial, helvetica, sans-serif; font-size: 14px;\">Teknik Direkt\u00f6r: Okan Buruk<\/span><br \/>\n<span style=\"font-family: arial, helvetica, sans-serif; font-size: 14px;\">Goller: Kerem Akt\u00fcrko\u011flu (dk. 5), \u0130cardi (dk. 64 ve 72 pen.) (Galatasaray)<\/span><br \/>\n<span style=\"font-family: arial, helvetica, sans-serif; font-size: 14px;\">Sar\u0131 kartlar: Ertu\u011frul Ersoy, Djilobodji Gaziantep FK)<\/span><\/p>\n","protected":false},"excerpt":{"rendered":"<p>Galatasaray, Trendyol S\u00fcper Lig\u2019in 4. haftas\u0131nda deplasmanda kar\u015f\u0131la\u015ft\u0131\u011f\u0131 Gaziantep FK&#8217;y\u0131 3-0 ma\u011flup etti. Ma\u00e7tan dakikalar 2. dakikada Mertens&#8217;in sa\u011f kanattan<\/p>\n","protected":false},"author":3,"featured_media":14721,"comment_status":"open","ping_status":"open","sticky":false,"template":"","format":"standard","meta":{"colormag_page_container_layout":"default_layout","colormag_page_sidebar_layout":"default_layout","footnotes":""},"categories":[1,5,9],"tags":[],"class_list":["post-14719","post","type-post","status-publish","format-standard","has-post-thumbnail","hentry","category-genel","category-gundem","category-spor"],"_links":{"self":[{"href":"https:\/\/marmarayerelhizmet.com\/index.php\/wp-json\/wp\/v2\/posts\/14719","targetHints":{"allow":["GET"]}}],"collection":[{"href":"https:\/\/marmarayerelhizmet.com\/index.php\/wp-json\/wp\/v2\/posts"}],"about":[{"href":"https:\/\/marmarayerelhizmet.com\/index.php\/wp-json\/wp\/v2\/types\/post"}],"author":[{"embeddable":true,"href":"https:\/\/marmarayerelhizmet.com\/index.php\/wp-json\/wp\/v2\/users\/3"}],"replies":[{"embeddable":true,"href":"https:\/\/marmarayerelhizmet.com\/index.php\/wp-json\/wp\/v2\/comments?post=14719"}],"version-history":[{"count":0,"href":"https:\/\/marmarayerelhizmet.com\/index.php\/wp-json\/wp\/v2\/posts\/14719\/revisions"}],"wp:featuredmedia":[{"embeddable":true,"href":"https:\/\/marmarayerelhizmet.com\/index.php\/wp-json\/wp\/v2\/media\/14721"}],"wp:attachment":[{"href":"https:\/\/marmarayerelhizmet.com\/index.php\/wp-json\/wp\/v2\/media?parent=14719"}],"wp:term":[{"taxonomy":"category","embeddable":true,"href":"https:\/\/marmarayerelhizmet.com\/index.php\/wp-json\/wp\/v2\/categories?post=14719"},{"taxonomy":"post_tag","embeddable":true,"href":"https:\/\/marmarayerelhizmet.com\/index.php\/wp-json\/wp\/v2\/tags?post=14719"}],"curies":[{"name":"wp","href":"https:\/\/api.w.org\/{rel}","templated":true}]}}