{"id":14698,"date":"2023-09-02T11:55:53","date_gmt":"2023-09-02T08:55:53","guid":{"rendered":"https:\/\/marmarayerelhizmet.com\/?p=14698"},"modified":"2023-09-02T12:57:24","modified_gmt":"2023-09-02T09:57:24","slug":"marmara-denizinde-yelken-yarislari","status":"publish","type":"post","link":"https:\/\/marmarayerelhizmet.com\/index.php\/2023\/09\/02\/marmara-denizinde-yelken-yarislari\/","title":{"rendered":"Marmara Denizi&#8217;nde Yelken Yar\u0131\u015flar\u0131"},"content":{"rendered":"<p><strong><span style=\"font-family: arial, helvetica, sans-serif; font-size: 14px;\">S\u00fcleymanpa\u015fa Belediyesi taraf\u0131ndan Tekirda\u011f\u2019da bu y\u0131l 7\u2019ncisi d\u00fczenlenen Uluslararas\u0131 Yelken Yar\u0131\u015flar\u0131 5 \u00fclkenin kat\u0131l\u0131m\u0131 ile ba\u015flarken, sporcular Marmara\u2019n\u0131n sular\u0131nda yelken a\u00e7arak k\u0131yas\u0131ya m\u00fccadele ediyor.<br \/>\n<\/span><\/strong><br \/>\n<span style=\"font-family: arial, helvetica, sans-serif; font-size: 14px;\">Tekirda\u011f S\u00fcleymanpa\u015fa Belediyesi taraf\u0131ndan her y\u0131l 1-5 Eyl\u00fcl tarihleri aras\u0131nda d\u00fczenlenen ve geleneksel hale getirilen S\u00fcleymanpa\u015fa Cup Yelken Yar\u0131\u015flar\u0131, bu y\u0131l yedinci kez d\u00fczenleniyor.<\/span><br \/>\n<span style=\"font-family: arial, helvetica, sans-serif; font-size: 14px;\">Sabah saatlerinde Marmara Denizine yelkenlerini suya indiren sporcular k\u0131yas\u0131ya m\u00fccadele etmeye ba\u015flad\u0131. Bu y\u0131l yedincisi d\u00fczenlenen S\u00fcleymanpa\u015fa Cup Yelken Yar\u0131\u015flar\u0131&#8217;nda Azerbaycan, Kuveyt, Umman, Bulgaristan ve T\u00fcrkiye dahil 42 spor kul\u00fcb\u00fc, 356 sporcu m\u00fccadele ediyor. 4 g\u00fcn s\u00fcrecek yar\u0131\u015fma sonucunda dereceye giren sporcular \u00f6d\u00fcllerine kavu\u015facak.<\/span><\/p>\n","protected":false},"excerpt":{"rendered":"<p>S\u00fcleymanpa\u015fa Belediyesi taraf\u0131ndan Tekirda\u011f\u2019da bu y\u0131l 7\u2019ncisi d\u00fczenlenen Uluslararas\u0131 Yelken Yar\u0131\u015flar\u0131 5 \u00fclkenin kat\u0131l\u0131m\u0131 ile ba\u015flarken, sporcular Marmara\u2019n\u0131n sular\u0131nda yelken<\/p>\n","protected":false},"author":3,"featured_media":14700,"comment_status":"open","ping_status":"open","sticky":false,"template":"","format":"standard","meta":{"colormag_page_container_layout":"default_layout","colormag_page_sidebar_layout":"default_layout","footnotes":""},"categories":[1,5,9],"tags":[],"class_list":["post-14698","post","type-post","status-publish","format-standard","has-post-thumbnail","hentry","category-genel","category-gundem","category-spor"],"_links":{"self":[{"href":"https:\/\/marmarayerelhizmet.com\/index.php\/wp-json\/wp\/v2\/posts\/14698","targetHints":{"allow":["GET"]}}],"collection":[{"href":"https:\/\/marmarayerelhizmet.com\/index.php\/wp-json\/wp\/v2\/posts"}],"about":[{"href":"https:\/\/marmarayerelhizmet.com\/index.php\/wp-json\/wp\/v2\/types\/post"}],"author":[{"embeddable":true,"href":"https:\/\/marmarayerelhizmet.com\/index.php\/wp-json\/wp\/v2\/users\/3"}],"replies":[{"embeddable":true,"href":"https:\/\/marmarayerelhizmet.com\/index.php\/wp-json\/wp\/v2\/comments?post=14698"}],"version-history":[{"count":0,"href":"https:\/\/marmarayerelhizmet.com\/index.php\/wp-json\/wp\/v2\/posts\/14698\/revisions"}],"wp:featuredmedia":[{"embeddable":true,"href":"https:\/\/marmarayerelhizmet.com\/index.php\/wp-json\/wp\/v2\/media\/14700"}],"wp:attachment":[{"href":"https:\/\/marmarayerelhizmet.com\/index.php\/wp-json\/wp\/v2\/media?parent=14698"}],"wp:term":[{"taxonomy":"category","embeddable":true,"href":"https:\/\/marmarayerelhizmet.com\/index.php\/wp-json\/wp\/v2\/categories?post=14698"},{"taxonomy":"post_tag","embeddable":true,"href":"https:\/\/marmarayerelhizmet.com\/index.php\/wp-json\/wp\/v2\/tags?post=14698"}],"curies":[{"name":"wp","href":"https:\/\/api.w.org\/{rel}","templated":true}]}}