{"id":14686,"date":"2023-09-02T12:49:42","date_gmt":"2023-09-02T09:49:42","guid":{"rendered":"https:\/\/marmarayerelhizmet.com\/?p=14686"},"modified":"2023-09-02T12:49:42","modified_gmt":"2023-09-02T09:49:42","slug":"besiktasin-fiksturu-belli-oldu","status":"publish","type":"post","link":"https:\/\/marmarayerelhizmet.com\/index.php\/2023\/09\/02\/besiktasin-fiksturu-belli-oldu\/","title":{"rendered":"Be\u015fikta\u015f&#8217;\u0131n Fikst\u00fcr\u00fc Belli Oldu"},"content":{"rendered":"<p><strong><span style=\"font-family: arial, helvetica, sans-serif; font-size: 14px;\">UEFA Avrupa Konferans Ligi&#8217;nde D Grubu&#8217;nda m\u00fccadele edecek Be\u015fikta\u015f&#8217;\u0131n fikst\u00fcr\u00fc belli oldu. Siyah-beyazl\u0131lar ilk ma\u00e7ta deplasmanda Club Brugge ile ile oynayacak.<br \/>\n<\/span><\/strong><br \/>\n<span style=\"font-family: arial, helvetica, sans-serif; font-size: 14px;\">UEFA Avrupa Konferans Ligi&#8217;nde yap\u0131lan kura \u00e7ekiminde Be\u015fikta\u015f, D Grubu&#8217;nda Bel\u00e7ika&#8217;dan Club Brugge, Norve\u00e7&#8217;ten Bodo\/Glimt, \u0130svi\u00e7re&#8217;den Lugano ile e\u015fle\u015fmi\u015fti. Siyah-beyazl\u0131lar\u0131n ma\u00e7 program\u0131 da belli oldu. Kartal, grubun ilk ma\u00e7\u0131nda deplasmanda Club Brugge ile kar\u015f\u0131la\u015facak.<\/span><br \/>\n<span style=\"font-family: arial, helvetica, sans-serif; font-size: 14px;\">Be\u015fikta\u015f&#8217;\u0131n Konferans Ligi&#8217;ndeki ma\u00e7 program\u0131 \u015f\u00f6yle:<\/span><\/p>\n<p><span style=\"font-family: arial, helvetica, sans-serif; font-size: 14px;\">21 Eyl\u00fcl Per\u015fembe<\/span><br \/>\n<span style=\"font-family: arial, helvetica, sans-serif; font-size: 14px;\">Club Brugge &#8211; Be\u015fikta\u015f<\/span><\/p>\n<p><span style=\"font-family: arial, helvetica, sans-serif; font-size: 14px;\">5 Ekim Per\u015fembe<\/span><br \/>\n<span style=\"font-family: arial, helvetica, sans-serif; font-size: 14px;\">Be\u015fikta\u015f &#8211; Lugano<\/span><\/p>\n<p><span style=\"font-family: arial, helvetica, sans-serif; font-size: 14px;\">26 Ekim Per\u015fembe<\/span><br \/>\n<span style=\"font-family: arial, helvetica, sans-serif; font-size: 14px;\">Bodo\/Glimt &#8211; Be\u015fikta\u015f<\/span><\/p>\n<p><span style=\"font-family: arial, helvetica, sans-serif; font-size: 14px;\">9 Kas\u0131m<\/span><br \/>\n<span style=\"font-family: arial, helvetica, sans-serif; font-size: 14px;\">Be\u015fikta\u015f &#8211; Bodo\/Glimt<\/span><\/p>\n<p><span style=\"font-family: arial, helvetica, sans-serif; font-size: 14px;\">30 Kas\u0131m<\/span><br \/>\n<span style=\"font-family: arial, helvetica, sans-serif; font-size: 14px;\">Be\u015fikta\u015f &#8211; Club Brugge<\/span><\/p>\n<p><span style=\"font-family: arial, helvetica, sans-serif; font-size: 14px;\">14 Aral\u0131k<\/span><br \/>\n<span style=\"font-family: arial, helvetica, sans-serif; font-size: 14px;\">Lugano &#8211; Be\u015fikta\u015f<\/span><\/p>\n","protected":false},"excerpt":{"rendered":"<p>UEFA Avrupa Konferans Ligi&#8217;nde D Grubu&#8217;nda m\u00fccadele edecek Be\u015fikta\u015f&#8217;\u0131n fikst\u00fcr\u00fc belli oldu. Siyah-beyazl\u0131lar ilk ma\u00e7ta deplasmanda Club Brugge ile ile<\/p>\n","protected":false},"author":3,"featured_media":14688,"comment_status":"open","ping_status":"open","sticky":false,"template":"","format":"standard","meta":{"colormag_page_container_layout":"default_layout","colormag_page_sidebar_layout":"default_layout","footnotes":""},"categories":[1,5,9],"tags":[],"class_list":["post-14686","post","type-post","status-publish","format-standard","has-post-thumbnail","hentry","category-genel","category-gundem","category-spor"],"_links":{"self":[{"href":"https:\/\/marmarayerelhizmet.com\/index.php\/wp-json\/wp\/v2\/posts\/14686","targetHints":{"allow":["GET"]}}],"collection":[{"href":"https:\/\/marmarayerelhizmet.com\/index.php\/wp-json\/wp\/v2\/posts"}],"about":[{"href":"https:\/\/marmarayerelhizmet.com\/index.php\/wp-json\/wp\/v2\/types\/post"}],"author":[{"embeddable":true,"href":"https:\/\/marmarayerelhizmet.com\/index.php\/wp-json\/wp\/v2\/users\/3"}],"replies":[{"embeddable":true,"href":"https:\/\/marmarayerelhizmet.com\/index.php\/wp-json\/wp\/v2\/comments?post=14686"}],"version-history":[{"count":0,"href":"https:\/\/marmarayerelhizmet.com\/index.php\/wp-json\/wp\/v2\/posts\/14686\/revisions"}],"wp:featuredmedia":[{"embeddable":true,"href":"https:\/\/marmarayerelhizmet.com\/index.php\/wp-json\/wp\/v2\/media\/14688"}],"wp:attachment":[{"href":"https:\/\/marmarayerelhizmet.com\/index.php\/wp-json\/wp\/v2\/media?parent=14686"}],"wp:term":[{"taxonomy":"category","embeddable":true,"href":"https:\/\/marmarayerelhizmet.com\/index.php\/wp-json\/wp\/v2\/categories?post=14686"},{"taxonomy":"post_tag","embeddable":true,"href":"https:\/\/marmarayerelhizmet.com\/index.php\/wp-json\/wp\/v2\/tags?post=14686"}],"curies":[{"name":"wp","href":"https:\/\/api.w.org\/{rel}","templated":true}]}}