{"id":14682,"date":"2023-09-02T12:48:22","date_gmt":"2023-09-02T09:48:22","guid":{"rendered":"https:\/\/marmarayerelhizmet.com\/?p=14682"},"modified":"2023-09-02T12:48:22","modified_gmt":"2023-09-02T09:48:22","slug":"fenerbahcenin-fiksturu-belli-oldu","status":"publish","type":"post","link":"https:\/\/marmarayerelhizmet.com\/index.php\/2023\/09\/02\/fenerbahcenin-fiksturu-belli-oldu\/","title":{"rendered":"Fenerbah\u00e7e&#8217;nin Fikst\u00fcr\u00fc Belli Oldu"},"content":{"rendered":"<p><strong><span style=\"font-family: arial, helvetica, sans-serif; font-size: 14px;\">UEFA Avrupa Konferans Ligi&#8217;nde H Grubu&#8217;nda m\u00fccadele edecek Fenerbah\u00e7e&#8217;nin fikst\u00fcr\u00fc belli oldu. Sar\u0131-lacivertliler ilk ma\u00e7ta evinde Nordsjaelland ile oynayacak.<br \/>\n<\/span><\/strong><br \/>\n<span style=\"font-family: arial, helvetica, sans-serif; font-size: 14px;\">UEFA Avrupa Konferans Ligi&#8217;nde yap\u0131lan kura \u00e7ekiminde Fenerbah\u00e7e, H Grubu&#8217;nda Bulgaristan&#8217;dan Ludogorets, Slovakya&#8217;dan Spartak Trnava, Danimarka&#8217;dan Nordsjaelland ile e\u015fle\u015fmi\u015fti. Sar\u0131-lacivertlilerin ma\u00e7 program\u0131 da belli oldu.<\/span><br \/>\n<span style=\"font-family: arial, helvetica, sans-serif; font-size: 14px;\">Kanarya, grubun ilk ma\u00e7\u0131nda \u0130stanbul&#8217;da Nordsjaelland ile kar\u015f\u0131la\u015facak. \u0130kinci ma\u00e7ta Spartak Trnava&#8217;ya konuk olacak Fenerbah\u00e7e, 3. ma\u00e7ta ise Ludogorets&#8217;i konuk edecek. Grubun 4. m\u00fcsabakas\u0131nda Bulgaristan&#8217;da Ludogorets ile oynayacak Fenerbah\u00e7e, 5. kar\u015f\u0131la\u015fmada ise deplasmanda Nordsjaelland ile m\u00fccadele edecek. Sar\u0131-lacivertliler grup a\u015famas\u0131n\u0131n son ma\u00e7\u0131nda sahas\u0131nda Spartak Trnava ile kar\u015f\u0131la\u015facak.<\/span><br \/>\n<span style=\"font-family: arial, helvetica, sans-serif; font-size: 14px;\">Fenerbah\u00e7e&#8217;nin Konferans Ligi&#8217;ndeki ma\u00e7 program\u0131 \u015f\u00f6yle:<\/span><\/p>\n<p><span style=\"font-family: arial, helvetica, sans-serif; font-size: 14px;\">21 Eyl\u00fcl Per\u015fembe<\/span><br \/>\n<span style=\"font-family: arial, helvetica, sans-serif; font-size: 14px;\">Fenerbah\u00e7e &#8211; Nordsjaelland<\/span><\/p>\n<p><span style=\"font-family: arial, helvetica, sans-serif; font-size: 14px;\">5 Ekim Per\u015fembe<\/span><br \/>\n<span style=\"font-family: arial, helvetica, sans-serif; font-size: 14px;\">Spartak Trnava &#8211; Fenerbah\u00e7e<\/span><\/p>\n<p><span style=\"font-family: arial, helvetica, sans-serif; font-size: 14px;\">26 Ekim Per\u015fembe<\/span><br \/>\n<span style=\"font-family: arial, helvetica, sans-serif; font-size: 14px;\">Fenerbah\u00e7e &#8211; Ludogorets<\/span><\/p>\n<p><span style=\"font-family: arial, helvetica, sans-serif; font-size: 14px;\">9 Kas\u0131m<\/span><br \/>\n<span style=\"font-family: arial, helvetica, sans-serif; font-size: 14px;\">Ludogorets &#8211; Fenerbah\u00e7e<\/span><\/p>\n<p><span style=\"font-family: arial, helvetica, sans-serif; font-size: 14px;\">30 Kas\u0131m<\/span><br \/>\n<span style=\"font-family: arial, helvetica, sans-serif; font-size: 14px;\">Nordsjaelland &#8211; Fenerbah\u00e7e<\/span><\/p>\n<p><span style=\"font-family: arial, helvetica, sans-serif; font-size: 14px;\">14 Aral\u0131k<\/span><br \/>\n<span style=\"font-family: arial, helvetica, sans-serif; font-size: 14px;\">Fenerbah\u00e7e &#8211; Spartak Trnava<\/span><\/p>\n","protected":false},"excerpt":{"rendered":"<p>UEFA Avrupa Konferans Ligi&#8217;nde H Grubu&#8217;nda m\u00fccadele edecek Fenerbah\u00e7e&#8217;nin fikst\u00fcr\u00fc belli oldu. Sar\u0131-lacivertliler ilk ma\u00e7ta evinde Nordsjaelland ile oynayacak. UEFA<\/p>\n","protected":false},"author":3,"featured_media":14684,"comment_status":"open","ping_status":"open","sticky":false,"template":"","format":"standard","meta":{"colormag_page_container_layout":"default_layout","colormag_page_sidebar_layout":"default_layout","footnotes":""},"categories":[1,5,9],"tags":[],"class_list":["post-14682","post","type-post","status-publish","format-standard","has-post-thumbnail","hentry","category-genel","category-gundem","category-spor"],"_links":{"self":[{"href":"https:\/\/marmarayerelhizmet.com\/index.php\/wp-json\/wp\/v2\/posts\/14682","targetHints":{"allow":["GET"]}}],"collection":[{"href":"https:\/\/marmarayerelhizmet.com\/index.php\/wp-json\/wp\/v2\/posts"}],"about":[{"href":"https:\/\/marmarayerelhizmet.com\/index.php\/wp-json\/wp\/v2\/types\/post"}],"author":[{"embeddable":true,"href":"https:\/\/marmarayerelhizmet.com\/index.php\/wp-json\/wp\/v2\/users\/3"}],"replies":[{"embeddable":true,"href":"https:\/\/marmarayerelhizmet.com\/index.php\/wp-json\/wp\/v2\/comments?post=14682"}],"version-history":[{"count":0,"href":"https:\/\/marmarayerelhizmet.com\/index.php\/wp-json\/wp\/v2\/posts\/14682\/revisions"}],"wp:featuredmedia":[{"embeddable":true,"href":"https:\/\/marmarayerelhizmet.com\/index.php\/wp-json\/wp\/v2\/media\/14684"}],"wp:attachment":[{"href":"https:\/\/marmarayerelhizmet.com\/index.php\/wp-json\/wp\/v2\/media?parent=14682"}],"wp:term":[{"taxonomy":"category","embeddable":true,"href":"https:\/\/marmarayerelhizmet.com\/index.php\/wp-json\/wp\/v2\/categories?post=14682"},{"taxonomy":"post_tag","embeddable":true,"href":"https:\/\/marmarayerelhizmet.com\/index.php\/wp-json\/wp\/v2\/tags?post=14682"}],"curies":[{"name":"wp","href":"https:\/\/api.w.org\/{rel}","templated":true}]}}