{"id":14674,"date":"2023-09-02T12:44:49","date_gmt":"2023-09-02T09:44:49","guid":{"rendered":"https:\/\/marmarayerelhizmet.com\/?p=14674"},"modified":"2023-09-02T12:44:49","modified_gmt":"2023-09-02T09:44:49","slug":"galatasarayin-fiksturu-belli-oldu","status":"publish","type":"post","link":"https:\/\/marmarayerelhizmet.com\/index.php\/2023\/09\/02\/galatasarayin-fiksturu-belli-oldu\/","title":{"rendered":"Galatasaray&#8217;\u0131n Fikst\u00fcr\u00fc Belli Oldu"},"content":{"rendered":"<p><strong><span style=\"font-family: arial, helvetica, sans-serif; font-size: 14px;\">UEFA \u015eampiyonlar Ligi&#8217;nde A Grubu&#8217;nda m\u00fccadele edecek Galatasaray&#8217;\u0131n fikst\u00fcr\u00fc belli oldu. Sar\u0131-k\u0131rm\u0131z\u0131l\u0131lar ilk ma\u00e7ta evinde Kopenhag ile oynayacak.<br \/>\n<\/span><\/strong><br \/>\n<span style=\"font-family: arial, helvetica, sans-serif; font-size: 14px;\">UEFA \u015eampiyonlar Ligi&#8217;nde yap\u0131lan kura \u00e7ekiminde Galatasaray, A Grubu&#8217;nda Almanya&#8217;dan Bayern M\u00fcnih, \u0130ngiltere&#8217;den Manchester United, Danimarka&#8217;dan Kopenhag ile e\u015fle\u015fmi\u015fti. Sar\u0131-k\u0131rm\u0131z\u0131l\u0131lar\u0131n Devler Ligi&#8217;nde ma\u00e7 program\u0131 da belli oldu.<\/span><br \/>\n<span style=\"font-family: arial, helvetica, sans-serif; font-size: 14px;\">Aslan grubun ilk ma\u00e7\u0131nda \u0130stanbul&#8217;da Kopenhag ile kar\u015f\u0131la\u015facak. Cimbom daha sonra Manchester United&#8217;a konuk olacakken, 3. ma\u00e7ta ise Bayern M\u00fcnih&#8217;i a\u011f\u0131rlayacak. Grubun 4. m\u00fcsabakas\u0131nda Almanya&#8217;da Bayern M\u00fcnih ile oynayacak Galatasaray, 5. kar\u015f\u0131la\u015fmada ise evinde Manchester United ile m\u00fccadele edecek. Sar\u0131-k\u0131rm\u0131z\u0131l\u0131lar grup a\u015famas\u0131n\u0131n son m\u00fcsabakas\u0131nda deplasmanda Kopenhag ile kar\u015f\u0131 kar\u015f\u0131ya gelecek .<\/span><br \/>\n<span style=\"font-family: arial, helvetica, sans-serif; font-size: 14px;\">Galatasaray&#8217;\u0131n \u015eampiyonlar Ligi&#8217;ndeki ma\u00e7 program\u0131 \u015f\u00f6yle:<\/span><\/p>\n<p><span style=\"font-family: arial, helvetica, sans-serif; font-size: 14px;\">20 Eyl\u00fcl \u00c7ar\u015famba<\/span><br \/>\n<span style=\"font-family: arial, helvetica, sans-serif; font-size: 14px;\">Galatasaray &#8211; Kopenhag<\/span><\/p>\n<p><span style=\"font-family: arial, helvetica, sans-serif; font-size: 14px;\">3 Ekim Sal\u0131<\/span><br \/>\n<span style=\"font-family: arial, helvetica, sans-serif; font-size: 14px;\">Manchester United &#8211; Galatasaray<\/span><\/p>\n<p><span style=\"font-family: arial, helvetica, sans-serif; font-size: 14px;\">24 Ekim Sal\u0131<\/span><br \/>\n<span style=\"font-family: arial, helvetica, sans-serif; font-size: 14px;\">Galatasaray &#8211; Bayern M\u00fcnih<\/span><\/p>\n<p><span style=\"font-family: arial, helvetica, sans-serif; font-size: 14px;\">8 Kas\u0131m \u00c7ar\u015famba<\/span><br \/>\n<span style=\"font-family: arial, helvetica, sans-serif; font-size: 14px;\">Bayern M\u00fcnih &#8211; Galatasaray<\/span><\/p>\n<p><span style=\"font-family: arial, helvetica, sans-serif; font-size: 14px;\">29 Kas\u0131m \u00c7ar\u015famba<\/span><br \/>\n<span style=\"font-family: arial, helvetica, sans-serif; font-size: 14px;\">Galatasaray &#8211; Manchester United<\/span><\/p>\n<p><span style=\"font-family: arial, helvetica, sans-serif; font-size: 14px;\">12 Aral\u0131k Sal\u0131<\/span><br \/>\n<span style=\"font-family: arial, helvetica, sans-serif; font-size: 14px;\">Kopenhag &#8211; Galatasaray<\/span><\/p>\n","protected":false},"excerpt":{"rendered":"<p>UEFA \u015eampiyonlar Ligi&#8217;nde A Grubu&#8217;nda m\u00fccadele edecek Galatasaray&#8217;\u0131n fikst\u00fcr\u00fc belli oldu. Sar\u0131-k\u0131rm\u0131z\u0131l\u0131lar ilk ma\u00e7ta evinde Kopenhag ile oynayacak. UEFA \u015eampiyonlar<\/p>\n","protected":false},"author":3,"featured_media":14676,"comment_status":"open","ping_status":"open","sticky":false,"template":"","format":"standard","meta":{"colormag_page_container_layout":"default_layout","colormag_page_sidebar_layout":"default_layout","footnotes":""},"categories":[1,5,9],"tags":[],"class_list":["post-14674","post","type-post","status-publish","format-standard","has-post-thumbnail","hentry","category-genel","category-gundem","category-spor"],"_links":{"self":[{"href":"https:\/\/marmarayerelhizmet.com\/index.php\/wp-json\/wp\/v2\/posts\/14674","targetHints":{"allow":["GET"]}}],"collection":[{"href":"https:\/\/marmarayerelhizmet.com\/index.php\/wp-json\/wp\/v2\/posts"}],"about":[{"href":"https:\/\/marmarayerelhizmet.com\/index.php\/wp-json\/wp\/v2\/types\/post"}],"author":[{"embeddable":true,"href":"https:\/\/marmarayerelhizmet.com\/index.php\/wp-json\/wp\/v2\/users\/3"}],"replies":[{"embeddable":true,"href":"https:\/\/marmarayerelhizmet.com\/index.php\/wp-json\/wp\/v2\/comments?post=14674"}],"version-history":[{"count":0,"href":"https:\/\/marmarayerelhizmet.com\/index.php\/wp-json\/wp\/v2\/posts\/14674\/revisions"}],"wp:featuredmedia":[{"embeddable":true,"href":"https:\/\/marmarayerelhizmet.com\/index.php\/wp-json\/wp\/v2\/media\/14676"}],"wp:attachment":[{"href":"https:\/\/marmarayerelhizmet.com\/index.php\/wp-json\/wp\/v2\/media?parent=14674"}],"wp:term":[{"taxonomy":"category","embeddable":true,"href":"https:\/\/marmarayerelhizmet.com\/index.php\/wp-json\/wp\/v2\/categories?post=14674"},{"taxonomy":"post_tag","embeddable":true,"href":"https:\/\/marmarayerelhizmet.com\/index.php\/wp-json\/wp\/v2\/tags?post=14674"}],"curies":[{"name":"wp","href":"https:\/\/api.w.org\/{rel}","templated":true}]}}