{"id":14662,"date":"2023-09-01T18:31:05","date_gmt":"2023-09-01T15:31:05","guid":{"rendered":"https:\/\/marmarayerelhizmet.com\/?p=14662"},"modified":"2023-09-01T18:31:05","modified_gmt":"2023-09-01T15:31:05","slug":"beylikduzunde-cardak-alti-sohbetleri","status":"publish","type":"post","link":"https:\/\/marmarayerelhizmet.com\/index.php\/2023\/09\/01\/beylikduzunde-cardak-alti-sohbetleri\/","title":{"rendered":"Beylikd\u00fcz\u00fc&#8217;nde &#8216;\u00c7ardak Alt\u0131 Sohbetleri&#8217;"},"content":{"rendered":"<p><strong><span style=\"font-family: arial, helvetica, sans-serif; font-size: 14px;\">Beylikd\u00fcz\u00fc&#8217;nde 10. Bar\u0131\u015f ve Sevgi Bulu\u015fmalar\u0131 \u00e7er\u00e7evesinde d\u00fczenlenen \u00c7ardak Alt\u0131 Sohbetleri, ilk g\u00fcn\u00fcnde birbirinden \u00f6nemli isimleri a\u011f\u0131rlad\u0131. Moderat\u00f6rl\u00fc\u011f\u00fcn\u00fc Pelin Batu\u2019nun \u00fcstlendi\u011fi programda \u201cCumhuriyet\u2019in 100. Y\u0131l\u0131 T\u00fcrkiye\u201d konusu ele al\u0131nd\u0131. Beylikd\u00fcz\u00fc Belediye Ba\u015fkan\u0131 Mehmet Murat \u00c7al\u0131k, \u201cBeylikd\u00fcz\u00fc\u2019nde de\u011ferlerimizden asla vazge\u00e7meyece\u011fiz. Atat\u00fcrk\u2019ten, Cumhuriyet\u2019ten, bize kazand\u0131rd\u0131klar\u0131ndan vazge\u00e7meden yol almaya devam edece\u011fiz. Asla umutsuzlu\u011fa kap\u0131lmayaca\u011f\u0131z. Emin olun \u00e7ok g\u00fczel g\u00fcnler yak\u0131nd\u0131r\u201d dedi.<br \/>\n<\/span><\/strong><br \/>\n<span style=\"font-family: arial, helvetica, sans-serif; font-size: 14px;\">Beylikd\u00fcz\u00fc Belediyesi taraf\u0131ndan d\u00fczenlenen 10. Bar\u0131\u015f ve Sevgi Bulu\u015fmalar\u0131 kapsam\u0131nda ger\u00e7ekle\u015ftirilen Sahaf S\u00f6yle\u015fileri\u2019nde yazar Adalet \u00c7avdar kitapseverlerle bulu\u015ftu. \u00dcmit Nar moderat\u00f6rl\u00fc\u011f\u00fcnde d\u00fczenlenen s\u00f6yle\u015fide yapay zekan\u0131n kitap d\u00fcnyas\u0131na etkisi ele al\u0131nd\u0131. Festivalin klasi\u011fi haline gelen \u00c7ardak Alt\u0131 Sohbetleri ise ilk g\u00fcn\u00fcnde yazar ve sinema ele\u015ftirmeni Atilla Dorsay ile Eski CHP Milletvekili Y\u0131ld\u0131r\u0131m Kaya\u2019y\u0131 a\u011f\u0131rlad\u0131. Moderat\u00f6rl\u00fc\u011f\u00fcn\u00fc Pelin Batu\u2019nun \u00fcslendi\u011fi s\u00f6yle\u015fide \u201cCumhuriyet\u2019in 100. Y\u0131l\u0131 T\u00fcrkiye\u201d konusu ela al\u0131nd\u0131.<\/span><\/p>\n<p><strong><span style=\"font-family: arial, helvetica, sans-serif; font-size: 14px;\">\u201cBiz bu badireleri de atlataca\u011f\u0131z\u201d<\/span><\/strong><br \/>\n<span style=\"font-family: arial, helvetica, sans-serif; font-size: 14px;\">Atilla Dorsay, \u201cMustafa Kemal Atat\u00fcrk, o inan\u0131lmaz maceras\u0131yla 600 y\u0131l sonra \u00e7\u00f6km\u00fc\u015f bir imparatorluktan kalanlarla o yokluk, yoksunluk ve \u00e7aresizlik y\u0131llar\u0131 i\u00e7inde sava\u015f\u0131 kazan\u0131p bu milleti kurtarm\u0131\u015ft\u0131r. Sava\u015f\u0131n sonunda da \u00e7a\u011fda\u015f ve modern bir T\u00fcrkiye Cumhuriyet\u2019ini kurmu\u015ftur. Bu, halk\u0131n kaderiydi, son derece muazzam bir olay. Bundan dolay\u0131 \u00e7ok mutlu olmal\u0131y\u0131z T\u00fcrk halk\u0131 olarak. \u015eimdi geldi\u011fimiz nokta \u00e7ok k\u00f6t\u00fc. Bunu da a\u00e7\u0131k\u00e7a s\u00f6ylemeliyiz. B\u00f6ylesi bir kaderi olan; Orta Asya\u2019dan gelip Osmanl\u0131\u2019y\u0131 kuran sonra tamamen i\u015fgal edilen halk\u0131n yepyeni bir millet ve devlet kurmas\u0131 \u00f6ylesine muhte\u015fem ki biz bu badireleri de atlataca\u011f\u0131z. Tarih boyunca ya\u015fad\u0131\u011f\u0131m\u0131z o g\u00fczel g\u00fcnlerin yenisine kavu\u015faca\u011f\u0131m\u0131za inan\u0131yorum\u201d ifadelerini kulland\u0131.<\/span><\/p>\n<p><strong><span style=\"font-family: arial, helvetica, sans-serif; font-size: 14px;\">\u201cBeylikd\u00fcz\u00fc deyip de ge\u00e7meyin\u201d<\/span><\/strong><br \/>\n<span style=\"font-family: arial, helvetica, sans-serif; font-size: 14px;\">Eski CHP Milletvekili Y\u0131ld\u0131r\u0131m Kaya ise \u201cBar\u0131\u015f\u0131 ve sevgiyi in\u015fa eden bir kent var. Beylikd\u00fcz\u00fc deyip de ge\u00e7meyin. 10 y\u0131l \u00f6nce bu kent, bar\u0131\u015f demi\u015f, sevgi demi\u015f, zorla illa belediye ba\u015fkan\u0131 olmal\u0131s\u0131n dedi\u011fimiz bir Mehmet Murat getirmi\u015f. O, \u00e7ocuklarla birlikte top oynamas\u0131n\u0131 da bilen ve kitab\u0131 sahaflarla birlikte sahiplenen biri. Ben buraya bakt\u0131\u011f\u0131mda umutsuzlu\u011fa yer olmad\u0131\u011f\u0131n\u0131 d\u00fc\u015f\u00fcn\u00fcyorum. Atat\u00fcrk\u2019\u00fcn miras\u0131n\u0131 ya\u015fatmak istiyorsak Cumhuriyet\u2019in ikinci y\u00fczy\u0131l\u0131nda demokrasiyi getirmek bizim g\u00f6revimizdir\u201d diye konu\u015ftu.<\/span><\/p>\n<p><strong><span style=\"font-family: arial, helvetica, sans-serif; font-size: 14px;\">&#8220;Beylikd\u00fcz\u00fc\u2019nde de\u011ferlerimizden asla vazge\u00e7meyece\u011fiz&#8221;<\/span><\/strong><br \/>\n<span style=\"font-family: arial, helvetica, sans-serif; font-size: 14px;\">S\u00f6yle\u015finin ard\u0131ndan konuklara \u00e7i\u00e7ek ve plaket takdiminde bulunan Beylikd\u00fcz\u00fc Belediye Ba\u015fkan\u0131 Mehmet Murat \u00c7al\u0131k, \u201cSoluksuz dinledi\u011fimiz bir s\u00f6yle\u015fi oldu. Y\u0131ld\u0131r\u0131m Bey\u2019in e\u011fitimci ki\u015fili\u011fini de g\u00f6rd\u00fck. Buras\u0131 3 k\u00f6yden olu\u015fan bir il\u00e7e. Biz 3 K\u00f6y 3 Meydan projesi kapsam\u0131nda G\u00fcrp\u0131nar Meydan\u0131\u2019nda kent enstit\u00fcs\u00fc in\u015fa ediyoruz. \u0130n\u015fallah k\u0131sa s\u00fcrede tamamlayarak e\u011fitime kazand\u0131raca\u011f\u0131z\u201d diye konu\u015ftu. Konu\u015fmas\u0131nda Beylikd\u00fcz\u00fc\u2019nde Cumhuriyet\u2019in de\u011ferlerine sahip \u00e7\u0131kt\u0131klar\u0131n\u0131 ifade eden Ba\u015fkan \u00c7al\u0131k, \u201cBeylikd\u00fcz\u00fc\u2019nde de\u011ferlerimizden asla vazge\u00e7meyece\u011fiz. Atat\u00fcrk\u2019ten, Cumhuriyet\u2019ten, bize kazand\u0131rd\u0131klar\u0131ndan vazge\u00e7meden yol almaya devam edece\u011fiz. Asla umutsuzlu\u011fa kap\u0131lmayaca\u011f\u0131z. Emin olun \u00e7ok g\u00fczel g\u00fcnler yak\u0131nd\u0131r\u201d \u015feklinde konu\u015ftu.<\/span><\/p>\n<p><strong><span style=\"font-family: arial, helvetica, sans-serif; font-size: 14px;\">Onur Ak\u0131n sahne ald\u0131<\/span><\/strong><br \/>\n<span style=\"font-family: arial, helvetica, sans-serif; font-size: 14px;\">S\u00f6yle\u015finin ard\u0131ndan, Cumhuriyet Etkinlik Alan\u0131\u2019n\u0131 dolduran kalabal\u0131k DJ Hakan K\u00fcf\u00fcnd\u00fcr e\u015fli\u011finde e\u011flenceli anlar ya\u015fad\u0131. Saatler 21:00\u2019i g\u00f6sterdi\u011finde ise \u00f6zg\u00fcn m\u00fczi\u011fin sevilen ismi Onur Ak\u0131n sahne ald\u0131. Sevilen \u015fark\u0131lar\u0131n\u0131 Beylikd\u00fcz\u00fc halk\u0131 i\u00e7in seslendiren Ak\u0131n, alandakilerden b\u00fcy\u00fck alk\u0131\u015f ald\u0131. Ba\u015fkan \u00c7al\u0131k, e\u015fi Zehra \u00c7al\u0131k ile birlikte unutulmaz bir gece ya\u015fatan Ak\u0131n\u2019a konser sonunda \u00e7i\u00e7ek ve plaket takdim etti.<\/span><\/p>\n<p><strong><span style=\"font-family: arial, helvetica, sans-serif; font-size: 14px;\">Sporseverlere \u00f6zel aktivite alan\u0131<\/span><\/strong><br \/>\n<span style=\"font-family: arial, helvetica, sans-serif; font-size: 14px;\">Festival alan\u0131nda sporseverler i\u00e7in de \u00e7e\u015fitli aktivite alanlar\u0131 olu\u015fturuldu. Ok\u00e7uluk, voleybol, basketbol, t\u0131rmanma duvar\u0131, trambolin, paten, kaykay, masa tenisi, z\u0131plama deneme alan\u0131, zumba, boks, cimnastik, masa futbolu, badminton ve bisiklet alanlar\u0131n\u0131n yer ald\u0131\u011f\u0131 spor aktivite alanlar\u0131nda \u00f6d\u00fcll\u00fc turnuvalar da d\u00fczenlendi. A\u00e7\u0131l\u0131\u015fta gen\u00e7lerle bir araya gelen Ba\u015fkan \u00c7al\u0131k, hava at\u0131\u015f\u0131 yaparak turnuvalar\u0131 ba\u015flatt\u0131.<\/span><\/p>\n","protected":false},"excerpt":{"rendered":"<p>Beylikd\u00fcz\u00fc&#8217;nde 10. Bar\u0131\u015f ve Sevgi Bulu\u015fmalar\u0131 \u00e7er\u00e7evesinde d\u00fczenlenen \u00c7ardak Alt\u0131 Sohbetleri, ilk g\u00fcn\u00fcnde birbirinden \u00f6nemli isimleri a\u011f\u0131rlad\u0131. Moderat\u00f6rl\u00fc\u011f\u00fcn\u00fc Pelin Batu\u2019nun<\/p>\n","protected":false},"author":3,"featured_media":14664,"comment_status":"open","ping_status":"open","sticky":false,"template":"","format":"standard","meta":{"colormag_page_container_layout":"default_layout","colormag_page_sidebar_layout":"default_layout","footnotes":""},"categories":[1,5,6,8],"tags":[],"class_list":["post-14662","post","type-post","status-publish","format-standard","has-post-thumbnail","hentry","category-genel","category-gundem","category-kultur-sanat","category-siyaset"],"_links":{"self":[{"href":"https:\/\/marmarayerelhizmet.com\/index.php\/wp-json\/wp\/v2\/posts\/14662","targetHints":{"allow":["GET"]}}],"collection":[{"href":"https:\/\/marmarayerelhizmet.com\/index.php\/wp-json\/wp\/v2\/posts"}],"about":[{"href":"https:\/\/marmarayerelhizmet.com\/index.php\/wp-json\/wp\/v2\/types\/post"}],"author":[{"embeddable":true,"href":"https:\/\/marmarayerelhizmet.com\/index.php\/wp-json\/wp\/v2\/users\/3"}],"replies":[{"embeddable":true,"href":"https:\/\/marmarayerelhizmet.com\/index.php\/wp-json\/wp\/v2\/comments?post=14662"}],"version-history":[{"count":0,"href":"https:\/\/marmarayerelhizmet.com\/index.php\/wp-json\/wp\/v2\/posts\/14662\/revisions"}],"wp:featuredmedia":[{"embeddable":true,"href":"https:\/\/marmarayerelhizmet.com\/index.php\/wp-json\/wp\/v2\/media\/14664"}],"wp:attachment":[{"href":"https:\/\/marmarayerelhizmet.com\/index.php\/wp-json\/wp\/v2\/media?parent=14662"}],"wp:term":[{"taxonomy":"category","embeddable":true,"href":"https:\/\/marmarayerelhizmet.com\/index.php\/wp-json\/wp\/v2\/categories?post=14662"},{"taxonomy":"post_tag","embeddable":true,"href":"https:\/\/marmarayerelhizmet.com\/index.php\/wp-json\/wp\/v2\/tags?post=14662"}],"curies":[{"name":"wp","href":"https:\/\/api.w.org\/{rel}","templated":true}]}}