{"id":14658,"date":"2023-09-01T18:27:27","date_gmt":"2023-09-01T15:27:27","guid":{"rendered":"https:\/\/marmarayerelhizmet.com\/?p=14658"},"modified":"2023-09-01T18:27:27","modified_gmt":"2023-09-01T15:27:27","slug":"fenerbahce-ve-besiktasin-rakipleri-belli-oldu","status":"publish","type":"post","link":"https:\/\/marmarayerelhizmet.com\/index.php\/2023\/09\/01\/fenerbahce-ve-besiktasin-rakipleri-belli-oldu\/","title":{"rendered":"Fenerbah\u00e7e ve Be\u015fikta\u015f\u2019\u0131n Rakipleri Belli Oldu"},"content":{"rendered":"<p><strong><span style=\"font-family: arial, helvetica, sans-serif; font-size: 14px;\">UEFA Avrupa Konferans Ligi\u2019nde Fenerbah\u00e7e H Grubu\u2019nda Ludogorets, Spartak Trnava ve Nordsjaelland ile, Be\u015fikta\u015f da D Grubu&#8217;nda Club Brugge, Bodo Glimt ve FC Lugano ile e\u015fle\u015fti.<br \/>\n<\/span><\/strong><br \/>\n<span style=\"font-family: arial, helvetica, sans-serif; font-size: 14px;\">T\u00fcrkiye\u2019den Fenerbah\u00e7e ve Be\u015fikta\u015f\u2019\u0131n da yer ald\u0131\u011f\u0131 UEFA Avrupa Konferans Ligi\u2019nde grup kuralar\u0131 Fransa\u2019n\u0131n Monaco \u015fehrinde yer alan Grimaldi Forum Ticaret Merkezi\u2019nde \u00e7ekildi. Kura \u00e7ekimi, eski futbolcular Mark Noble ve Traianos Dellas taraf\u0131ndan yap\u0131ld\u0131. Kura \u00e7ekimi sonucunda 1. torbada yer alan Fenerbah\u00e7e, H Grubu\u2019nda Bulgaristan&#8217;\u0131n son \u015fampiyonu Ludogorets, Slovakya temsilcisi Spartak Trnava ve Danimarka ekibi Nordsjaelland ile e\u015fle\u015fti. 3. torbadan kura \u00e7ekimine kat\u0131lan Be\u015fikta\u015f da, D Grubu&#8217;nda Bel\u00e7ika tak\u0131m\u0131 Club Brugge, Norve\u00e7 temsilcisi Bodo Glimt ve \u0130svi\u00e7re ekibi FC Lugano ile ayn\u0131 grupta yer ald\u0131.<\/span><br \/>\n<span style=\"font-family: arial, helvetica, sans-serif; font-size: 14px;\">Avrupa Konferans Ligi\u2019nde yer alan 32 tak\u0131m, \u00e7ekilen kura sonucu d\u00f6rderli \u015fekilde 8 gruba da\u011f\u0131ld\u0131. Turnuva kapsam\u0131nda grup birincileri do\u011frudan \u00fcst tura y\u00fckselecek. Grubunu ikinci s\u0131rada bitirenler ise, UEFA Avrupa Ligi\u2019nde grubunu 3. s\u0131rada tamamlay\u0131p gelen tak\u0131mlarla son 16 turuna kalmak i\u00e7in play-offta kar\u015f\u0131la\u015facak.<\/span><br \/>\n<span style=\"font-family: arial, helvetica, sans-serif; font-size: 14px;\">Turnuvada grup ma\u00e7lar\u0131 21 Eyl\u00fcl\u2019de ba\u015flayacak ve 14 Aral\u0131k&#8217;ta sona erecek. UEFA Avrupa Konferans Ligi\u2019nin finali ise 29 May\u0131s\u2019ta Yunanistan\u2019\u0131n ba\u015fkenti Atina\u2019da oynanacak.<\/span><br \/>\n<span style=\"font-family: arial, helvetica, sans-serif; font-size: 14px;\">UEFA Avrupa Konferans Ligi\u2019nde gruplar \u015fu \u015fekilde olu\u015ftu:<\/span><\/p>\n<p><strong><span style=\"font-family: arial, helvetica, sans-serif; font-size: 14px;\">A Grubu<\/span><\/strong><br \/>\n<span style=\"font-family: arial, helvetica, sans-serif; font-size: 14px;\">LOSC Lille<\/span><br \/>\n<span style=\"font-family: arial, helvetica, sans-serif; font-size: 14px;\">Slovan Bratislava<\/span><br \/>\n<span style=\"font-family: arial, helvetica, sans-serif; font-size: 14px;\">Olimpija Ljubljana<\/span><br \/>\n<span style=\"font-family: arial, helvetica, sans-serif; font-size: 14px;\">Klaksvik<\/span><\/p>\n<p><strong><span style=\"font-family: arial, helvetica, sans-serif; font-size: 14px;\">B Grubu<\/span><\/strong><br \/>\n<span style=\"font-family: arial, helvetica, sans-serif; font-size: 14px;\">Gent<\/span><br \/>\n<span style=\"font-family: arial, helvetica, sans-serif; font-size: 14px;\">Maccabi Tel-Aviv<\/span><br \/>\n<span style=\"font-family: arial, helvetica, sans-serif; font-size: 14px;\">Zorya Luhansk<\/span><br \/>\n<span style=\"font-family: arial, helvetica, sans-serif; font-size: 14px;\">Breidablik<\/span><\/p>\n<p><strong><span style=\"font-family: arial, helvetica, sans-serif; font-size: 14px;\">C Grubu<\/span><\/strong><br \/>\n<span style=\"font-family: arial, helvetica, sans-serif; font-size: 14px;\">GNK Dinamo Zagreb<\/span><br \/>\n<span style=\"font-family: arial, helvetica, sans-serif; font-size: 14px;\">Viktoria Plzen<\/span><br \/>\n<span style=\"font-family: arial, helvetica, sans-serif; font-size: 14px;\">Astana<\/span><br \/>\n<span style=\"font-family: arial, helvetica, sans-serif; font-size: 14px;\">FC Ballkani<\/span><\/p>\n<p><strong><span style=\"font-family: arial, helvetica, sans-serif; font-size: 14px;\">D Grubu<\/span><\/strong><br \/>\n<span style=\"font-family: arial, helvetica, sans-serif; font-size: 14px;\">Club Brugge<\/span><br \/>\n<span style=\"font-family: arial, helvetica, sans-serif; font-size: 14px;\">Bodo Glimt<\/span><br \/>\n<span style=\"font-family: arial, helvetica, sans-serif; font-size: 14px;\">Be\u015fikta\u015f<\/span><br \/>\n<span style=\"font-family: arial, helvetica, sans-serif; font-size: 14px;\">FC Lugano<\/span><\/p>\n<p><strong><span style=\"font-family: arial, helvetica, sans-serif; font-size: 14px;\">E Grubu<\/span><\/strong><br \/>\n<span style=\"font-family: arial, helvetica, sans-serif; font-size: 14px;\">AZ Alkmaar<\/span><br \/>\n<span style=\"font-family: arial, helvetica, sans-serif; font-size: 14px;\">Aston Villa<\/span><br \/>\n<span style=\"font-family: arial, helvetica, sans-serif; font-size: 14px;\">Legia Var\u015fova<\/span><br \/>\n<span style=\"font-family: arial, helvetica, sans-serif; font-size: 14px;\">HSK Zrinjski<\/span><\/p>\n<p><strong><span style=\"font-family: arial, helvetica, sans-serif; font-size: 14px;\">F Grubu<\/span><\/strong><br \/>\n<span style=\"font-family: arial, helvetica, sans-serif; font-size: 14px;\">Ferencvaros<\/span><br \/>\n<span style=\"font-family: arial, helvetica, sans-serif; font-size: 14px;\">Fiorentina<\/span><br \/>\n<span style=\"font-family: arial, helvetica, sans-serif; font-size: 14px;\">Genk<\/span><br \/>\n<span style=\"font-family: arial, helvetica, sans-serif; font-size: 14px;\">Cukaricki<\/span><\/p>\n<p><strong><span style=\"font-family: arial, helvetica, sans-serif; font-size: 14px;\">G Grubu<\/span><\/strong><br \/>\n<span style=\"font-family: arial, helvetica, sans-serif; font-size: 14px;\">Eintracht Frankfurt<\/span><br \/>\n<span style=\"font-family: arial, helvetica, sans-serif; font-size: 14px;\">PAOK<\/span><br \/>\n<span style=\"font-family: arial, helvetica, sans-serif; font-size: 14px;\">HJK Helsinki<\/span><br \/>\n<span style=\"font-family: arial, helvetica, sans-serif; font-size: 14px;\">Aberdeen<\/span><\/p>\n<p><strong><span style=\"font-family: arial, helvetica, sans-serif; font-size: 14px;\">H Grubu<\/span><\/strong><br \/>\n<span style=\"font-family: arial, helvetica, sans-serif; font-size: 14px;\">Fenerbah\u00e7e<\/span><br \/>\n<span style=\"font-family: arial, helvetica, sans-serif; font-size: 14px;\">Ludogorets<\/span><br \/>\n<span style=\"font-family: arial, helvetica, sans-serif; font-size: 14px;\">Spartak Trnava<\/span><br \/>\n<span style=\"font-family: arial, helvetica, sans-serif; font-size: 14px;\">Nordsjaelland<\/span><\/p>\n","protected":false},"excerpt":{"rendered":"<p>UEFA Avrupa Konferans Ligi\u2019nde Fenerbah\u00e7e H Grubu\u2019nda Ludogorets, Spartak Trnava ve Nordsjaelland ile, Be\u015fikta\u015f da D Grubu&#8217;nda Club Brugge, Bodo<\/p>\n","protected":false},"author":3,"featured_media":14660,"comment_status":"open","ping_status":"open","sticky":false,"template":"","format":"standard","meta":{"colormag_page_container_layout":"default_layout","colormag_page_sidebar_layout":"default_layout","footnotes":""},"categories":[1,5,9],"tags":[],"class_list":["post-14658","post","type-post","status-publish","format-standard","has-post-thumbnail","hentry","category-genel","category-gundem","category-spor"],"_links":{"self":[{"href":"https:\/\/marmarayerelhizmet.com\/index.php\/wp-json\/wp\/v2\/posts\/14658","targetHints":{"allow":["GET"]}}],"collection":[{"href":"https:\/\/marmarayerelhizmet.com\/index.php\/wp-json\/wp\/v2\/posts"}],"about":[{"href":"https:\/\/marmarayerelhizmet.com\/index.php\/wp-json\/wp\/v2\/types\/post"}],"author":[{"embeddable":true,"href":"https:\/\/marmarayerelhizmet.com\/index.php\/wp-json\/wp\/v2\/users\/3"}],"replies":[{"embeddable":true,"href":"https:\/\/marmarayerelhizmet.com\/index.php\/wp-json\/wp\/v2\/comments?post=14658"}],"version-history":[{"count":0,"href":"https:\/\/marmarayerelhizmet.com\/index.php\/wp-json\/wp\/v2\/posts\/14658\/revisions"}],"wp:featuredmedia":[{"embeddable":true,"href":"https:\/\/marmarayerelhizmet.com\/index.php\/wp-json\/wp\/v2\/media\/14660"}],"wp:attachment":[{"href":"https:\/\/marmarayerelhizmet.com\/index.php\/wp-json\/wp\/v2\/media?parent=14658"}],"wp:term":[{"taxonomy":"category","embeddable":true,"href":"https:\/\/marmarayerelhizmet.com\/index.php\/wp-json\/wp\/v2\/categories?post=14658"},{"taxonomy":"post_tag","embeddable":true,"href":"https:\/\/marmarayerelhizmet.com\/index.php\/wp-json\/wp\/v2\/tags?post=14658"}],"curies":[{"name":"wp","href":"https:\/\/api.w.org\/{rel}","templated":true}]}}