{"id":14654,"date":"2023-09-01T18:26:07","date_gmt":"2023-09-01T15:26:07","guid":{"rendered":"https:\/\/marmarayerelhizmet.com\/?p=14654"},"modified":"2023-09-01T18:26:07","modified_gmt":"2023-09-01T15:26:07","slug":"kurtderede-pehlivanlar-kol-bagladi","status":"publish","type":"post","link":"https:\/\/marmarayerelhizmet.com\/index.php\/2023\/09\/01\/kurtderede-pehlivanlar-kol-bagladi\/","title":{"rendered":"Kurtdere&#8217;de Pehlivanlar Kol Ba\u011flad\u0131"},"content":{"rendered":"<p><span style=\"font-size: 14px;\"><strong><span style=\"font-family: arial, helvetica, sans-serif;\">Bu y\u0131l 63.s\u00fc d\u00fczenlenecek olan Kurtdereli Mehmet Pehlivan G\u00fcre\u015fleri d\u00fczenlenen \u00e7e\u015fitli etkinliklerle ba\u015flad\u0131. 3 g\u00fcn s\u00fcrecek olan g\u00fcre\u015fler \u00f6ncesi bilgilendirme toplant\u0131s\u0131 d\u00fczenlenirken, bu y\u0131l ki g\u00fcre\u015fler CW Enerji T\u00fcrkiye Ya\u011fl\u0131 G\u00fcre\u015fleri Ligi 1. Sezon finallerine de evsahipli\u011fi yapacak.<\/span><\/strong><\/span><\/p>\n<p><span style=\"font-family: arial, helvetica, sans-serif; font-size: 14px;\">Bal\u0131kesir B\u00fcy\u00fck\u015fehir Belediyesi ve Karesi Belediyesi i\u015fbirli\u011finde d\u00fczenlenen ve bu y\u0131l 63.s\u00fc ger\u00e7ekle\u015ftirilecek olan Kurtdereli Mehmet Pehlivan G\u00fcre\u015fleri d\u00fczenlenen \u00e7e\u015fitli etkinliklerle ba\u015flad\u0131. Ya\u011fl\u0131 G\u00fcre\u015f D\u00fczenleyen Kentler Birli\u011fi ve Bal\u0131kesir B\u00fcy\u00fck\u015fehir Belediye Ba\u015fkan\u0131 Y\u00fccel Y\u0131lmaz ile Karesi Belediye Ba\u015fkan\u0131 Din\u00e7er Orkan\u2019\u0131n bilgilendirme toplant\u0131s\u0131 ile ba\u015flayan program, Kurtdere Mahallesi\u2019nde devam etti. <\/span><br \/>\n<span style=\"font-family: arial, helvetica, sans-serif; font-size: 14px;\">Sabah saatlerinde Kurtdere Er Meydan\u0131\u2019nda minik 1, minik 2, te\u015fvik 1, te\u015fvik 2, tozkoparan, ayak, deste 1, deste 2, deste 3 ve orta boylar\u0131n boy ayr\u0131m\u0131yla ba\u015flayan Kurtdereli G\u00fcre\u015fleri; Kurtdereli Mehmet Pehlivan\u2019\u0131n an\u0131t mezar\u0131n\u0131 ziyaret ile devam etti. Ard\u0131ndan Mevlid-i \u015eerif\u2019in okutuldu\u011fu programda mevlit yeme\u011fi verildi ve resmi a\u00e7\u0131l\u0131\u015f t\u00f6reni ger\u00e7ekle\u015ftirildi. Ak\u015fam saatlerinde ise kent merkezinde kortej y\u00fcr\u00fcy\u00fc\u015f\u00fc ger\u00e7ekle\u015ftirildi. Yar\u0131nda g\u00fcre\u015flerin devam edece\u011fi etkinlik, 3 Eyl\u00fcl Pazar G\u00fcn\u00fc ba\u015fpehlivanl\u0131k g\u00fcre\u015fleri ile sona erecek.<br \/>\n<\/span><br \/>\n<span style=\"font-size: 14px;\"><strong><span style=\"font-family: arial, helvetica, sans-serif;\">G\u00dcRE\u015e\u00c7\u0130LERE BA\u015eARILAR D\u0130LED\u0130LER<\/span><\/strong><\/span><br \/>\n<span style=\"font-family: arial, helvetica, sans-serif; font-size: 14px;\">Bilgilendirme toplant\u0131s\u0131nda ilk olarak K\u0131rkp\u0131nar Ba\u015fpehlivan\u2019\u0131 Mehmet Ye\u015fil Ye\u015fil bir konu\u015fma yaparak, hem pehlivanlara ba\u015far\u0131lar diledi, hemde organizayonda eme\u011fi ge\u00e7enlere te\u015fekk\u00fcr etti. Ard\u0131ndan Kurtdereli G\u00fcre\u015flerinin alt\u0131n kemerli A\u011fas\u0131 Abdullah Alt\u0131nta\u015f ve Bal\u0131kesir Gen\u00e7lik ve Spor \u0130l M\u00fcd\u00fcr\u00fc Adem \u00d6zalp\u2019te birer konu\u015fma yaparak, g\u00fcre\u015f\u00e7ilere ba\u015far\u0131lar dilediler.<br \/>\n<\/span><br \/>\n<span style=\"font-size: 14px;\"><strong><span style=\"font-family: arial, helvetica, sans-serif;\">BA\u015eKAN ORKAN: \u201cT\u00dcRK\u0130YE\u2019N\u0130N EN \u0130Y\u0130 YA\u011eLI G\u00dcRE\u015e ORGAN\u0130ZASYONUNU YAPIYORUZ\u201d<\/span><\/strong><\/span><br \/>\n<span style=\"font-family: arial, helvetica, sans-serif; font-size: 14px;\">Daha sonra k\u00fcrs\u00fcye Karesi Belediye Ba\u015fkan\u0131 Din\u00e7er Orkan \u00e7\u0131kt\u0131. S\u00f6zlerine \u201cD\u00fc\u011f\u00fcn\u00fcm\u00fcze ho\u015f geldiniz\u201d s\u00f6zleriyle ba\u015flayan ba\u015fkan Orkan konu\u015fmas\u0131n\u0131 \u015f\u00f6yle s\u00fcrd\u00fcrd\u00fc: <\/span><br \/>\n<span style=\"font-family: arial, helvetica, sans-serif; font-size: 14px;\">\u201cB\u00fcy\u00fck\u015fehir Belediyemiz ile birlikte g\u00fcre\u015flerimize \u00e7ok iyi haz\u0131rl\u0131k yapt\u0131k. G\u00fcre\u015fler genelde yap\u0131ld\u0131\u011f\u0131 yerin ismiyle an\u0131l\u0131yor. K\u0131rkp\u0131nar, Elmal\u0131 gibi. Bizde ise yap\u0131ld\u0131\u011f\u0131 yer ile birlikte Cihan Pehlivan\u0131m\u0131z Kurtdereli Mehmet ile an\u0131l\u0131yor. Bu bize ayr\u0131 de\u011fer ve \u00f6nem kat\u0131yor. G\u00fcre\u015flerimizin yap\u0131ld\u0131\u011f\u0131 yerde Cihan pehlivan\u0131m\u0131z\u0131n kabri var. Onu ziyaret ediyor ve an\u0131yoruz. Karesi\u2019de daha iyi ve daha g\u00fczel nas\u0131l yapabilirizin hesab\u0131n\u0131 yapt\u0131k. En b\u00fcy\u00fck avantaj\u0131m\u0131z bizden \u00f6nce Karesimiz\u2019de g\u00f6rev yapan Y\u00fccel ba\u015fkan\u0131m\u0131z\u0131n yapt\u0131klar\u0131n\u0131 devam ettirebilmekti. Her sene de yeni \u015feyler kat\u0131yoruz. Her y\u0131l ge\u00e7en senenin eksiklerini gideriyoruz. T\u00fcrkiye\u2019nin en iyi organizasyonu yap\u0131lan ya\u011fl\u0131 g\u00fcre\u015flerini d\u00fczenliyoruz\u201d.<\/span><\/p>\n<p>&nbsp;<\/p>\n<p>&nbsp;<\/p>\n","protected":false},"excerpt":{"rendered":"<p>Bu y\u0131l 63.s\u00fc d\u00fczenlenecek olan Kurtdereli Mehmet Pehlivan G\u00fcre\u015fleri d\u00fczenlenen \u00e7e\u015fitli etkinliklerle ba\u015flad\u0131. 3 g\u00fcn s\u00fcrecek olan g\u00fcre\u015fler \u00f6ncesi bilgilendirme<\/p>\n","protected":false},"author":3,"featured_media":14656,"comment_status":"open","ping_status":"open","sticky":false,"template":"","format":"standard","meta":{"colormag_page_container_layout":"default_layout","colormag_page_sidebar_layout":"default_layout","footnotes":""},"categories":[1,5,8,9],"tags":[],"class_list":["post-14654","post","type-post","status-publish","format-standard","has-post-thumbnail","hentry","category-genel","category-gundem","category-siyaset","category-spor"],"_links":{"self":[{"href":"https:\/\/marmarayerelhizmet.com\/index.php\/wp-json\/wp\/v2\/posts\/14654","targetHints":{"allow":["GET"]}}],"collection":[{"href":"https:\/\/marmarayerelhizmet.com\/index.php\/wp-json\/wp\/v2\/posts"}],"about":[{"href":"https:\/\/marmarayerelhizmet.com\/index.php\/wp-json\/wp\/v2\/types\/post"}],"author":[{"embeddable":true,"href":"https:\/\/marmarayerelhizmet.com\/index.php\/wp-json\/wp\/v2\/users\/3"}],"replies":[{"embeddable":true,"href":"https:\/\/marmarayerelhizmet.com\/index.php\/wp-json\/wp\/v2\/comments?post=14654"}],"version-history":[{"count":0,"href":"https:\/\/marmarayerelhizmet.com\/index.php\/wp-json\/wp\/v2\/posts\/14654\/revisions"}],"wp:featuredmedia":[{"embeddable":true,"href":"https:\/\/marmarayerelhizmet.com\/index.php\/wp-json\/wp\/v2\/media\/14656"}],"wp:attachment":[{"href":"https:\/\/marmarayerelhizmet.com\/index.php\/wp-json\/wp\/v2\/media?parent=14654"}],"wp:term":[{"taxonomy":"category","embeddable":true,"href":"https:\/\/marmarayerelhizmet.com\/index.php\/wp-json\/wp\/v2\/categories?post=14654"},{"taxonomy":"post_tag","embeddable":true,"href":"https:\/\/marmarayerelhizmet.com\/index.php\/wp-json\/wp\/v2\/tags?post=14654"}],"curies":[{"name":"wp","href":"https:\/\/api.w.org\/{rel}","templated":true}]}}