{"id":14648,"date":"2023-09-01T13:29:39","date_gmt":"2023-09-01T10:29:39","guid":{"rendered":"https:\/\/marmarayerelhizmet.com\/?p=14648"},"modified":"2023-09-01T13:29:39","modified_gmt":"2023-09-01T10:29:39","slug":"yerli-ve-milli-surucusuz-ilk-metro-araci","status":"publish","type":"post","link":"https:\/\/marmarayerelhizmet.com\/index.php\/2023\/09\/01\/yerli-ve-milli-surucusuz-ilk-metro-araci\/","title":{"rendered":"Yerli ve Milli S\u00fcr\u00fcc\u00fcs\u00fcz \u0130lk Metro Arac\u0131"},"content":{"rendered":"<p><strong><span style=\"font-family: arial, helvetica, sans-serif; font-size: 14px;\">Yerli ve milli s\u00fcr\u00fcc\u00fcs\u00fcz ilk metro arac\u0131 Ula\u015ft\u0131rma ve Altyap\u0131 Bakan\u0131 Abdulkadir Uralo\u011flu\u2019nun kat\u0131ld\u0131\u011f\u0131 t\u00f6renle Ula\u015ft\u0131rma ve Altyap\u0131 Bakanl\u0131\u011f\u0131na teslim edildi.<br \/>\n<\/span><\/strong><br \/>\n<span style=\"font-family: arial, helvetica, sans-serif; font-size: 14px;\">Gebze OSB &#8211; Dar\u0131ca Sahil Metro Hatt\u0131\u2019nda hizmete girecek olan yerli ve milli s\u00fcr\u00fcc\u00fcs\u00fcz ilk metro arac\u0131, Ankara Sincan Organize Sanayi B\u00f6lgesinde bulunan Bozankaya Elektrikli Ticari Ara\u00e7lar ve Rayl\u0131 Sistemler \u00dcretim Merkezi\u2019nde d\u00fczenlenen t\u00f6renle Ula\u015ft\u0131rma ve Altyap\u0131 Bakanl\u0131\u011f\u0131na teslim edildi. T\u00f6ren kat\u0131lan Bakan Uralo\u011flu, yerli ve milli s\u00fcr\u00fcc\u00fcs\u00fcz ilk metro arac\u0131n teslim alman\u0131n gururunu ya\u015fad\u0131klar\u0131n\u0131 belirterek, \u201cBakanl\u0131k olarak hayata ge\u00e7irdi\u011fimiz t\u00fcm projelerimizde yerlilik ve millili\u011fi \u00f6n planda tutuyoruz. \u00dclkemizin gelece\u011fini; yerli \u00fcretim, y\u00fcksek teknoloji ve k\u00fcresel marka olmak \u00fczere 3 ana ba\u015fl\u0131k alt\u0131nda ele al\u0131yoruz. Bu noktada Gebze OSB &#8211; Dar\u0131ca Sahili hatt\u0131 i\u00e7in \u00f6zel olarak tasarlanan s\u00fcr\u00fcc\u00fcs\u00fcz metro arac\u0131m\u0131z da milli teknoloji vizyonumuzun en g\u00fczel \u00f6rneklerinden ve \u00fcr\u00fcnlerinden biri olmu\u015ftur\u201d diye konu\u015ftu.<br \/>\n<\/span><br \/>\n<strong><span style=\"font-family: arial, helvetica, sans-serif; font-size: 14px;\">\u201cKalan di\u011fer alt\u0131 seti de 2 \u015fer set halinde Ekim ay\u0131ndan itibaren 2023 sonuna kadar teslim almay\u0131 planl\u0131yoruz\u201d<\/span><\/strong><br \/>\n<span style=\"font-family: arial, helvetica, sans-serif; font-size: 14px;\">Projelerinde yerli ve milli\u011fe \u00f6nem verdiklerini Uralo\u011flu, \u201cYap\u0131sal reformlar, yasal d\u00fczenlemeler ile hayata ge\u00e7irdi\u011fimiz projelerde yerli \u00fcretimi destekledik ve artt\u0131rma gayreti i\u00e7inde olduk. Her biri 4 ara\u00e7tan olu\u015fan ve 7 set halinde \u00fcretimleri tamamlanacak 28 ara\u00e7tan ilk setimizin imalat ve fabrika testleri tamamlanm\u0131\u015ft\u0131r. Art\u0131k fabrikadan \u00e7\u0131kar\u0131p sahaya sevk etmenin heyecan ve gururunu ya\u015f\u0131yoruz. Kalan di\u011fer alt\u0131 seti de 2 \u015fer set halinde Ekim ay\u0131ndan itibaren 2023 sonuna kadar teslim almay\u0131 planl\u0131yoruz. 80 kilometre servis h\u0131z\u0131, 1476 yolcu kapasitesi ve 88 metre uzunlu\u011fu ile s\u00fcr\u00fcc\u00fcs\u00fcz olarak hizmet verebilecek arac\u0131m\u0131z, y\u00fczde 63 yerlilik oran\u0131 ile imal edilmi\u015ftir. Tasar\u0131m m\u00fchendislik ve proje y\u00f6netimi gibi i\u015fleri tamamen yerli imkanlarla y\u00fcr\u00fct\u00fclerek \u00fclkemiz teknik birikimi bir kez daha ortaya konmu\u015ftur. Bogi, yolcu bilgilendirme, anons, sinyalizasyon, ayd\u0131nlatma, klima \u00fcniteleri, TV sistemleri gibi pek \u00e7ok bile\u015fen yerli imkanlarla \u00fcretilmi\u015ftir\u201d ifadelerini kulland\u0131.<br \/>\n<\/span><br \/>\n<strong><span style=\"font-family: arial, helvetica, sans-serif; font-size: 14px;\">\u201cBundan sonra tren sinyalizasyon ve aray\u00fcz \u00e7al\u0131\u015fmalar\u0131 da yerli imkanlarla hayata ge\u00e7ecek\u201d<\/span><\/strong><br \/>\n<span style=\"font-family: arial, helvetica, sans-serif; font-size: 14px;\">\u0130lk defa yerli ve milli imkanlarla geli\u015ftirilen sinyalizasyon sisteminin kullan\u0131ld\u0131\u011f\u0131n\u0131 belirten Uralo\u011flu, \u201cBurada edindi\u011fimiz deneyimlerle metro in\u015falar\u0131nda art\u0131k yeni bir d\u00f6neme girdik. Art\u0131k metro hatlar\u0131m\u0131z\u0131n yap\u0131m a\u015famas\u0131ndan, elektrifikasyon ve sinyalizasyon a\u015famas\u0131na kadar her s\u00fcreci kendi m\u00fchendisli\u011fimizin \u00fcr\u00fcn\u00fc; milli ve yerli olacak. Bundan sonra tren sinyalizasyon ve aray\u00fcz \u00e7al\u0131\u015fmalar\u0131 da yerli imkanlarla hayata ge\u00e7ecek. Yine, T\u00dcRASA\u015e\u2019\u0131, Orta Do\u011fu&#8217;nun en b\u00fcy\u00fck rayl\u0131 sistem ara\u00e7 \u00fcreticisi haline getirdik. Uluslararas\u0131 standartlarda; yeni nesil lokomotifler, dizel ve elektrikli tren setleri ve motorlar\u0131, yolcu ve y\u00fck vagonlar\u0131, tren kontrol y\u00f6netim sistemi gibi ana ve kritik \u00fcr\u00fcnleri kendimiz \u00fcretiyoruz. Avrupa Birli\u011fi \u00fclkelerinde de \u00e7al\u0131\u015fabilecek \u00f6zellikteki Milli Elektrikli Tren Setlerimiz de demiryolu sanayimizin geli\u015fmi\u015flik d\u00fczeyinin kan\u0131t\u0131 oldu\u201d diye konu\u015ftu.<br \/>\n<\/span><br \/>\n<strong><span style=\"font-family: arial, helvetica, sans-serif; font-size: 14px;\">\u201cMilli Elektrikli H\u0131zl\u0131 Tren tasar\u0131m \u00e7al\u0131\u015fmalar\u0131m\u0131z da devam ediyor\u201d<\/span><\/strong><br \/>\n<span style=\"font-family: arial, helvetica, sans-serif; font-size: 14px;\">Milli Elektrikli H\u0131zl\u0131 Tren hakk\u0131nda da konu\u015fan Uralo\u011flu, \u201c\u0130\u015fletme h\u0131z\u0131 225 kilometre olan Milli Elektrikli H\u0131zl\u0131 Tren tasar\u0131m \u00e7al\u0131\u015fmalar\u0131m\u0131z da devam ediyor. Tasar\u0131m \u00e7al\u0131\u015fmalar\u0131m\u0131z\u0131 Ekim ay\u0131nda tamamlamay\u0131 ve hemen ard\u0131ndan prototip \u00fcretimine y\u00f6nelik s\u00fcre\u00e7leri ba\u015flatmay\u0131 hedefliyoruz. 2024 y\u0131l\u0131nda prototip \u00fcretimin tamamlanmas\u0131 ile 2025 y\u0131l\u0131nda da toplam 8 set \u00fcretim planl\u0131yoruz. Milli Banliy\u00f6 Tren Seti Prototip ara\u00e7 \u00fcretimi \u00e7al\u0131\u015fmalar\u0131m\u0131z da devam ediyor. Milli tren vizyonu ile milli banliyo ve h\u0131zl\u0131 tren projesinde cer motoru, cer konvert\u00f6r\u00fc ve tren kontrol yaz\u0131l\u0131m\u0131 T\u00dcB\u0130TAK-RUTE ile birlikte T\u00dcRASA\u015e markal\u0131 olarak geli\u015ftiriliyor. Rayl\u0131 sistem \u00fcreticileri aras\u0131nda en \u00fcst s\u0131n\u0131fta yer al\u0131yoruz. Art\u0131k yerli elektrik sistemlerine ve bataryalara sahip ara\u00e7lar kullanaca\u011f\u0131z\u201d ifadelerini kulland\u0131.<\/span><br \/>\n<span style=\"font-family: arial, helvetica, sans-serif; font-size: 14px;\">Bakan Uralo\u011flu, konu\u015fmas\u0131n\u0131n ard\u0131ndan Gebze OSB &#8211; Dar\u0131ca Sahil Metro Hatt\u0131\u2019nda hizmet verecek yerli ve milli s\u00fcr\u00fcc\u00fcs\u00fcz ilk metroyu inceledi.<\/span><\/p>\n","protected":false},"excerpt":{"rendered":"<p>Yerli ve milli s\u00fcr\u00fcc\u00fcs\u00fcz ilk metro arac\u0131 Ula\u015ft\u0131rma ve Altyap\u0131 Bakan\u0131 Abdulkadir Uralo\u011flu\u2019nun kat\u0131ld\u0131\u011f\u0131 t\u00f6renle Ula\u015ft\u0131rma ve Altyap\u0131 Bakanl\u0131\u011f\u0131na teslim<\/p>\n","protected":false},"author":3,"featured_media":14650,"comment_status":"open","ping_status":"open","sticky":false,"template":"","format":"standard","meta":{"colormag_page_container_layout":"default_layout","colormag_page_sidebar_layout":"default_layout","footnotes":""},"categories":[1,5],"tags":[],"class_list":["post-14648","post","type-post","status-publish","format-standard","has-post-thumbnail","hentry","category-genel","category-gundem"],"_links":{"self":[{"href":"https:\/\/marmarayerelhizmet.com\/index.php\/wp-json\/wp\/v2\/posts\/14648","targetHints":{"allow":["GET"]}}],"collection":[{"href":"https:\/\/marmarayerelhizmet.com\/index.php\/wp-json\/wp\/v2\/posts"}],"about":[{"href":"https:\/\/marmarayerelhizmet.com\/index.php\/wp-json\/wp\/v2\/types\/post"}],"author":[{"embeddable":true,"href":"https:\/\/marmarayerelhizmet.com\/index.php\/wp-json\/wp\/v2\/users\/3"}],"replies":[{"embeddable":true,"href":"https:\/\/marmarayerelhizmet.com\/index.php\/wp-json\/wp\/v2\/comments?post=14648"}],"version-history":[{"count":0,"href":"https:\/\/marmarayerelhizmet.com\/index.php\/wp-json\/wp\/v2\/posts\/14648\/revisions"}],"wp:featuredmedia":[{"embeddable":true,"href":"https:\/\/marmarayerelhizmet.com\/index.php\/wp-json\/wp\/v2\/media\/14650"}],"wp:attachment":[{"href":"https:\/\/marmarayerelhizmet.com\/index.php\/wp-json\/wp\/v2\/media?parent=14648"}],"wp:term":[{"taxonomy":"category","embeddable":true,"href":"https:\/\/marmarayerelhizmet.com\/index.php\/wp-json\/wp\/v2\/categories?post=14648"},{"taxonomy":"post_tag","embeddable":true,"href":"https:\/\/marmarayerelhizmet.com\/index.php\/wp-json\/wp\/v2\/tags?post=14648"}],"curies":[{"name":"wp","href":"https:\/\/api.w.org\/{rel}","templated":true}]}}