{"id":14640,"date":"2023-09-01T13:25:02","date_gmt":"2023-09-01T10:25:02","guid":{"rendered":"https:\/\/marmarayerelhizmet.com\/?p=14640"},"modified":"2023-09-01T13:25:02","modified_gmt":"2023-09-01T10:25:02","slug":"yangin-edirne-sinirina-dayandi","status":"publish","type":"post","link":"https:\/\/marmarayerelhizmet.com\/index.php\/2023\/09\/01\/yangin-edirne-sinirina-dayandi\/","title":{"rendered":"Yang\u0131n Edirne S\u0131n\u0131r\u0131na Dayand\u0131"},"content":{"rendered":"<p><strong><span style=\"font-family: arial, helvetica, sans-serif; font-size: 14px;\">Yunanistan\u2019da g\u00fcnlerdir devam eden yang\u0131nlar, Edirne\u2019nin Meri\u00e7 il\u00e7esine ba\u011fl\u0131 s\u0131n\u0131r k\u00f6ylerine kadar yakla\u015ft\u0131.<br \/>\n<\/span><\/strong><br \/>\n<span style=\"font-family: arial, helvetica, sans-serif; font-size: 14px;\">Yunanistan Dedea\u011fa\u00e7\u2019ta \u00e7\u0131kan yang\u0131nlar 16&#8217;nc\u0131 g\u00fcn\u00fcnde b\u00fcy\u00fck oranda kontrol alt\u0131na al\u0131nsa da b\u00f6lgede yer yer yeniden alevler y\u00fckseliyor. Bat\u0131 Trakya b\u00f6lgesinde yer alan Dadia Orman\u0131\u2018ndaki yang\u0131n devam ederken, yang\u0131n\u0131n b\u00fcy\u00fckl\u00fc\u011f\u00fc T\u00fcrkiye taraf\u0131ndaki k\u00f6ylerden g\u00f6r\u00fclebiliyor. Yakla\u015f\u0131k 16 g\u00fcnd\u00fcr devam eden orman yang\u0131n\u0131 T\u00fcrkiye-Yunanistan s\u0131n\u0131r hatt\u0131nda ilerleyi\u015fini s\u00fcrd\u00fcr\u00fcyor. R\u00fczgar\u0131n da etkisiyle zaman zaman \u00fcrk\u00fct\u00fcc\u00fc boyuta ula\u015fan alevler, Edirne&#8217;nin Meri\u00e7 il\u00e7esine ba\u011fl\u0131 s\u0131n\u0131r k\u00f6ylerden de g\u00f6r\u00fclebiliyor. Yang\u0131n\u0131n devam etti\u011fi b\u00f6lgenin kar\u015f\u0131s\u0131nda yer alan Meri\u00e7&#8217;in K\u00fcpl\u00fc beldesinde, yang\u0131n\u0131n b\u00fcy\u00fckl\u00fc\u011f\u00fc g\u00f6zler \u00f6n\u00fcne serildi.<\/span><\/p>\n<p><strong><span style=\"font-family: arial, helvetica, sans-serif; font-size: 14px;\">&#8220;Sofulu beldesine do\u011fru yakla\u015fmakta&#8221;<\/span><\/strong><br \/>\n<span style=\"font-family: arial, helvetica, sans-serif; font-size: 14px;\">Yang\u0131nlar nedeniyle tedirgin olduklar\u0131n\u0131 belirten K\u00fcpl\u00fc Beldesi Belediye Ba\u015fkan\u0131 G\u00f6kmen Altay, \u201dYunanistan\u2019da iki haftad\u0131r s\u00fcren yang\u0131nlar g\u00fcneyden kuzeye do\u011fru ilerleyerek \u00e7e\u015fitli noktalarda kendini hissettirdi. \u015eu anda Kad\u0131dondurma k\u00f6y\u00fcm\u00fcz\u00fcn kar\u015f\u0131s\u0131ndaki Sofulu beldesine do\u011fru yakla\u015fmakta. Oradaki insanlar\u0131n Allah yard\u0131mc\u0131s\u0131 olsun. Bu yang\u0131n\u0131n bir an \u00f6nce Yunanistan h\u00fck\u00fcmeti taraf\u0131ndan s\u00f6nd\u00fcr\u00fclmesini biz de istiyoruz. \u00c7\u00fcnk\u00fc buradaki ormanlar bizlerin de can\u0131 ci\u011feri\u201d dedi.<\/span><\/p>\n","protected":false},"excerpt":{"rendered":"<p>Yunanistan\u2019da g\u00fcnlerdir devam eden yang\u0131nlar, Edirne\u2019nin Meri\u00e7 il\u00e7esine ba\u011fl\u0131 s\u0131n\u0131r k\u00f6ylerine kadar yakla\u015ft\u0131. Yunanistan Dedea\u011fa\u00e7\u2019ta \u00e7\u0131kan yang\u0131nlar 16&#8217;nc\u0131 g\u00fcn\u00fcnde b\u00fcy\u00fck<\/p>\n","protected":false},"author":3,"featured_media":14642,"comment_status":"open","ping_status":"open","sticky":false,"template":"","format":"standard","meta":{"colormag_page_container_layout":"default_layout","colormag_page_sidebar_layout":"default_layout","footnotes":""},"categories":[1,5],"tags":[],"class_list":["post-14640","post","type-post","status-publish","format-standard","has-post-thumbnail","hentry","category-genel","category-gundem"],"_links":{"self":[{"href":"https:\/\/marmarayerelhizmet.com\/index.php\/wp-json\/wp\/v2\/posts\/14640","targetHints":{"allow":["GET"]}}],"collection":[{"href":"https:\/\/marmarayerelhizmet.com\/index.php\/wp-json\/wp\/v2\/posts"}],"about":[{"href":"https:\/\/marmarayerelhizmet.com\/index.php\/wp-json\/wp\/v2\/types\/post"}],"author":[{"embeddable":true,"href":"https:\/\/marmarayerelhizmet.com\/index.php\/wp-json\/wp\/v2\/users\/3"}],"replies":[{"embeddable":true,"href":"https:\/\/marmarayerelhizmet.com\/index.php\/wp-json\/wp\/v2\/comments?post=14640"}],"version-history":[{"count":0,"href":"https:\/\/marmarayerelhizmet.com\/index.php\/wp-json\/wp\/v2\/posts\/14640\/revisions"}],"wp:featuredmedia":[{"embeddable":true,"href":"https:\/\/marmarayerelhizmet.com\/index.php\/wp-json\/wp\/v2\/media\/14642"}],"wp:attachment":[{"href":"https:\/\/marmarayerelhizmet.com\/index.php\/wp-json\/wp\/v2\/media?parent=14640"}],"wp:term":[{"taxonomy":"category","embeddable":true,"href":"https:\/\/marmarayerelhizmet.com\/index.php\/wp-json\/wp\/v2\/categories?post=14640"},{"taxonomy":"post_tag","embeddable":true,"href":"https:\/\/marmarayerelhizmet.com\/index.php\/wp-json\/wp\/v2\/tags?post=14640"}],"curies":[{"name":"wp","href":"https:\/\/api.w.org\/{rel}","templated":true}]}}