{"id":14636,"date":"2023-09-01T13:22:15","date_gmt":"2023-09-01T10:22:15","guid":{"rendered":"https:\/\/marmarayerelhizmet.com\/?p=14636"},"modified":"2023-09-01T13:22:15","modified_gmt":"2023-09-01T10:22:15","slug":"adli-yil-acilis-toreni-duzenlendi","status":"publish","type":"post","link":"https:\/\/marmarayerelhizmet.com\/index.php\/2023\/09\/01\/adli-yil-acilis-toreni-duzenlendi\/","title":{"rendered":"Adli Y\u0131l A\u00e7\u0131l\u0131\u015f T\u00f6reni D\u00fczenlendi"},"content":{"rendered":"<p><strong><span style=\"font-family: arial, helvetica, sans-serif; font-size: 14px;\">\u0130stanbul Adalet Saray\u0131\u2019nda, 2023-2024 adli y\u0131l\u0131 a\u00e7\u0131l\u0131\u015f t\u00f6reni d\u00fczenlendi. T\u00f6rende a\u00e7\u0131l\u0131\u015f konu\u015fmas\u0131 yapan Adalet Komisyonu Ba\u015fkan\u0131 Bekir Altun, \u2018\u2019Toplumun adalete olan g\u00fcven duygusunu bizler in\u015fa ederiz, adli s\u00fcre\u00e7lerde \u00fcretti\u011fimiz hizmetin kalitesini art\u0131rd\u0131k\u00e7a, do\u011fal olarak adalete g\u00fcven de artacakt\u0131r\u2019\u2019 dedi.<br \/>\n<\/span><\/strong><br \/>\n<span style=\"font-family: arial, helvetica, sans-serif; font-size: 14px;\">\u00c7a\u011flayan\u2019da bulunan \u0130stanbul Adalet Saray\u0131\u2019nda 2023-2024 adli y\u0131l a\u00e7\u0131l\u0131\u015f t\u00f6reni d\u00fczenlendi. Adliyenin Atrium alan\u0131nda d\u00fczenlenen t\u00f6rene \u0130stanbul Valisi Davut G\u00fcl, \u0130stanbul B\u00f6lge Adliye Mahkemesi Cumhuriyet Ba\u015fsavc\u0131s\u0131 Metin Sar\u0131han, \u0130stanbul Cumhuriyet Ba\u015fsavc\u0131s\u0131 \u015eaban Y\u0131lmaz, \u0130stanbul Adalet Komisyonu Ba\u015fkan\u0131 Bekir Altun, \u0130stanbul Emniyet M\u00fcd\u00fcr\u00fc Zafer Akta\u015f, \u015eehit Cumhuriyet Savc\u0131s\u0131 Mehmet Selim Kiraz\u2019\u0131n babas\u0131 Hakk\u0131 Kiraz, Ba\u015fsavc\u0131 vekilleri, hakimler, savc\u0131lar ve adliye personeli kat\u0131ld\u0131.<\/span><\/p>\n<p><strong><span style=\"font-family: arial, helvetica, sans-serif; font-size: 14px;\">&#8220;Toplumun adalete olan g\u00fcven duygusunu bizler in\u015fa ederiz\u2019\u2019<\/span><\/strong><br \/>\n<span style=\"font-family: arial, helvetica, sans-serif; font-size: 14px;\">Sayg\u0131 duru\u015fu ve \u0130stiklal Mar\u015f\u0131\u2019n\u0131n okunmas\u0131n\u0131n ard\u0131ndan adli y\u0131l\u0131n a\u00e7\u0131l\u0131\u015f konu\u015fmas\u0131n\u0131 ger\u00e7ekle\u015ftiren Adalet Komisyonu Ba\u015fkan\u0131 Bekir Altun, &#8220;S\u00f6zlerime \u015fahs\u0131m\u0131 24 A\u011fustos 2023 g\u00fcn\u00fc yay\u0131mlanan kararname ile \u0130stanbul \u0130lk Derece Mahkemesi Adli Yarg\u0131 Adalet Komisyonu Ba\u015fkanl\u0131\u011f\u0131\u2019na takdir ve tensip buyuran Hakimler ve Savc\u0131lar Kurulu Ba\u015fkan ve \u00fcyelerine \u015f\u00fckranlar\u0131m\u0131 arz ederek ba\u015flamak istiyorum. Yo\u011fun ve yorucu bir temponun ard\u0131ndan adli tatil s\u00fcresince dinlendik fakat bir k\u0131s\u0131m adalet hizmetleri adli tatilde de zorunlu olarak devam etti. \u0130\u015fte bu hizmetleri adli tatil boyunca n\u00f6bet\u00e7i kalarak yerine getiren hakim ve savc\u0131 meslekta\u015flar\u0131m\u0131za, k\u0131ymetli personelimize bu fedakarl\u0131klar\u0131 i\u00e7in ayr\u0131 ayr\u0131 te\u015fekk\u00fcr ediyorum. Toplumun adalete olan g\u00fcven duygusunu bizler in\u015fa ederiz, adli s\u00fcre\u00e7lerde \u00fcretti\u011fimiz hizmetin kalitesini art\u0131rd\u0131k\u00e7a, do\u011fal olarak adalete g\u00fcven de artacakt\u0131r\u2019\u2019 ifadelerini kulland\u0131.<\/span><\/p>\n","protected":false},"excerpt":{"rendered":"<p>\u0130stanbul Adalet Saray\u0131\u2019nda, 2023-2024 adli y\u0131l\u0131 a\u00e7\u0131l\u0131\u015f t\u00f6reni d\u00fczenlendi. T\u00f6rende a\u00e7\u0131l\u0131\u015f konu\u015fmas\u0131 yapan Adalet Komisyonu Ba\u015fkan\u0131 Bekir Altun, \u2018\u2019Toplumun adalete<\/p>\n","protected":false},"author":3,"featured_media":14638,"comment_status":"open","ping_status":"open","sticky":false,"template":"","format":"standard","meta":{"colormag_page_container_layout":"default_layout","colormag_page_sidebar_layout":"default_layout","footnotes":""},"categories":[1,5],"tags":[],"class_list":["post-14636","post","type-post","status-publish","format-standard","has-post-thumbnail","hentry","category-genel","category-gundem"],"_links":{"self":[{"href":"https:\/\/marmarayerelhizmet.com\/index.php\/wp-json\/wp\/v2\/posts\/14636","targetHints":{"allow":["GET"]}}],"collection":[{"href":"https:\/\/marmarayerelhizmet.com\/index.php\/wp-json\/wp\/v2\/posts"}],"about":[{"href":"https:\/\/marmarayerelhizmet.com\/index.php\/wp-json\/wp\/v2\/types\/post"}],"author":[{"embeddable":true,"href":"https:\/\/marmarayerelhizmet.com\/index.php\/wp-json\/wp\/v2\/users\/3"}],"replies":[{"embeddable":true,"href":"https:\/\/marmarayerelhizmet.com\/index.php\/wp-json\/wp\/v2\/comments?post=14636"}],"version-history":[{"count":0,"href":"https:\/\/marmarayerelhizmet.com\/index.php\/wp-json\/wp\/v2\/posts\/14636\/revisions"}],"wp:featuredmedia":[{"embeddable":true,"href":"https:\/\/marmarayerelhizmet.com\/index.php\/wp-json\/wp\/v2\/media\/14638"}],"wp:attachment":[{"href":"https:\/\/marmarayerelhizmet.com\/index.php\/wp-json\/wp\/v2\/media?parent=14636"}],"wp:term":[{"taxonomy":"category","embeddable":true,"href":"https:\/\/marmarayerelhizmet.com\/index.php\/wp-json\/wp\/v2\/categories?post=14636"},{"taxonomy":"post_tag","embeddable":true,"href":"https:\/\/marmarayerelhizmet.com\/index.php\/wp-json\/wp\/v2\/tags?post=14636"}],"curies":[{"name":"wp","href":"https:\/\/api.w.org\/{rel}","templated":true}]}}