{"id":14632,"date":"2023-09-01T13:19:59","date_gmt":"2023-09-01T10:19:59","guid":{"rendered":"https:\/\/marmarayerelhizmet.com\/?p=14632"},"modified":"2023-09-01T13:19:59","modified_gmt":"2023-09-01T10:19:59","slug":"buyukcekmecede-ilk-bal-hasadi","status":"publish","type":"post","link":"https:\/\/marmarayerelhizmet.com\/index.php\/2023\/09\/01\/buyukcekmecede-ilk-bal-hasadi\/","title":{"rendered":"B\u00fcy\u00fck\u00e7ekmece\u2019de \u0130lk Bal Hasad\u0131"},"content":{"rendered":"<p><strong><span style=\"font-family: arial, helvetica, sans-serif; font-size: 14px;\">B\u00fcy\u00fck\u00e7ekmece Belediyesi Tar\u0131m Akademisi\u2019nde \u201cAr\u0131 Yeti\u015ftiricili\u011fi\u2019\u2019 e\u011fitimi alan bal \u00fcreticileri ilk bal hasad\u0131n\u0131 ger\u00e7ekle\u015ftirdi.<br \/>\n<\/span><\/strong><br \/>\n<span style=\"font-family: arial, helvetica, sans-serif; font-size: 14px;\">B\u00fcy\u00fck\u00e7ekmece Belediyesi Tar\u0131m Akademisi\u2019nde \u201cAr\u0131 Yeti\u015ftiricili\u011fi\u2019\u2019 e\u011fitimi alan bal \u00fcreticileri ilk bal hasad\u0131n\u0131 ger\u00e7ekle\u015ftirdi. Bal hasad\u0131na B\u00fcy\u00fck\u00e7ekmece Belediye Ba\u015fkan Yard\u0131mc\u0131s\u0131 Muzaffer Cive, B\u00fcy\u00fck\u00e7ekmece Belediyesi Tar\u0131msal Hizmetler M\u00fcd\u00fcr\u00fc G\u00f6zde G\u00f6\u00e7men \u00d6zt\u00fcrk ve ar\u0131 \u00fcreticileri kat\u0131ld\u0131. B\u00fcy\u00fck\u00e7ekmece Belediyesi Tar\u0131m Akademisi\u2019nde verilen \u201cAr\u0131 Yeti\u015ftiricili\u011fi\u201d e\u011fitimiyle ar\u0131c\u0131l\u0131k te\u015fvik edilirken b\u00f6lgeye ar\u0131 \u00fcss\u00fc kuruldu.<\/span><br \/>\n<span style=\"font-family: arial, helvetica, sans-serif; font-size: 14px;\">B\u00fcy\u00fck\u00e7ekmece Belediyesi, Ekim\u2019de bal verimi y\u00fcksek bitkilere yer vererek \u00fcreticileri desteklemeye devam ediyor. Ar\u0131 yeti\u015ftiricili\u011fi e\u011fitimi alan 120 ki\u015fiden 30\u2019u il\u00e7ede aktif olarak ar\u0131c\u0131l\u0131k yapmaya ba\u015flad\u0131. Ger\u00e7ekle\u015fen bal hasad\u0131nda ar\u0131lardan ilk \u00fcr\u00fcnler elde edildi. Bal sa\u011f\u0131m\u0131n\u0131n yan\u0131 s\u0131ra \u015fifa kayna\u011f\u0131 polen ve propolis gibi ar\u0131 \u00fcr\u00fcnleri de \u00fcretildi. B\u00fcy\u00fck\u00e7ekmece Belediyesi Tar\u0131msal Hizmetler M\u00fcd\u00fcrl\u00fc\u011f\u00fc\u2019nce bak\u0131m\u0131 yap\u0131lan 60 kovandan yakla\u015f\u0131k 350 kilogram bal elde edildi. \u00dcretilen temiz tar\u0131msal \u00fcr\u00fcnlerin t\u00fcketiciye arac\u0131s\u0131z ve g\u00fcvenli ula\u015fmas\u0131n\u0131n sa\u011flanmas\u0131 i\u00e7in de B\u00fcy\u00fck\u00e7ekmece Tar\u0131m Market raflar\u0131nda \u00fcr\u00fcnler sat\u0131\u015fa sunuldu.<\/span><br \/>\n<span style=\"font-family: arial, helvetica, sans-serif; font-size: 14px;\">Bal hasad\u0131na kat\u0131lan B\u00fcy\u00fck\u00e7ekmece Belediyesi Tar\u0131msal Hizmetler M\u00fcd\u00fcr\u00fc G\u00f6zde G\u00f6\u00e7men \u00d6zt\u00fcrk \u201cBug\u00fcn buraya bal sa\u011f\u0131m\u0131 i\u00e7in geldik. Ar\u0131c\u0131lar\u0131m\u0131z ile birlikte bal sa\u011f\u0131m\u0131 yapaca\u011f\u0131z. B\u00f6lgemizdeki ar\u0131c\u0131lar\u0131m\u0131z tar\u0131m akademimizden ar\u0131c\u0131l\u0131k e\u011fitimleri ald\u0131lar. Nam\u0131k Kemal \u00dcniversitesi Ziraat Fak\u00fcltesi\u2019nden. Bilimsel ve teknik tar\u0131m ar\u0131c\u0131l\u0131k yap\u0131m\u0131n\u0131 \u00f6\u011frendiler ve burada da bug\u00fcn \u00fcretim yapt\u0131lar. Bereketli hasatlar diliyorum\u201d dedi.<\/span><br \/>\n<span style=\"font-family: arial, helvetica, sans-serif; font-size: 14px;\">Bal Hasad\u0131nda destek ald\u0131\u011f\u0131n\u0131 dile getiren Selahattin K\u0131z\u0131lkaya \u201cB\u00fcy\u00fck\u00e7ekmece belediye ba\u015fkanlar\u0131m\u0131z\u0131n bize vermi\u015f oldu\u011fu destekle ar\u0131c\u0131l\u0131k kursunda ar\u0131c\u0131l\u0131k hakk\u0131nda bilgilenme hususunda bize \u00e7ok b\u00fcy\u00fck bir destek verdiler. G\u00f6rd\u00fc\u011f\u00fcn\u00fcz bu alanda bize yard\u0131mc\u0131 olarak ar\u0131c\u0131l\u0131\u011f\u0131 yapmam\u0131z i\u00e7in imkanlar sa\u011flad\u0131lar. Biz bunu \u00e7o\u011fu belediyelerden bekliyoruz tabii ki. Ke\u015fke her belediye b\u00f6yle bir destek verse de hem insanlara hem topluma hem de do\u011faya b\u00f6yle faydal\u0131 bir i\u015fler yap\u0131lsa, \u00fcretim yap\u0131lsa. Bal sa\u011f\u0131m\u0131 yapt\u0131k, yap\u0131yoruz. Propolis olsun, polen olsun, ar\u0131 s\u00fct\u00fc olsun bunlar\u0131n \u00fcretimini g\u00f6sterdik, g\u00f6rd\u00fcler. Biz bu yapt\u0131\u011f\u0131m\u0131z i\u015flerde o kadar mutluyuz ki sizlerle payla\u015fmak istedik. Bunu kaybetmeyelim. Do\u011fam\u0131z\u0131 kaybetmeyelim. Ar\u0131c\u0131l\u0131\u011f\u0131 kaybetmeyelim. Bo\u015f arazilerimiz var. \u00c7ok k\u0131ymetli yerlerimiz var. S\u0131rf betonla\u015fmayla de\u011fil de \u00fcretime destek veren belediye ba\u015fkanlar\u0131m\u0131zla, bu i\u015fi bilen arkada\u015flarla y\u00fcr\u00fctebiliriz. Ba\u015farabiliriz. Biz g\u00fc\u00e7l\u00fc bir \u00fclkeyiz\u201d \u015feklinde konu\u015ftu.<\/span><\/p>\n","protected":false},"excerpt":{"rendered":"<p>B\u00fcy\u00fck\u00e7ekmece Belediyesi Tar\u0131m Akademisi\u2019nde \u201cAr\u0131 Yeti\u015ftiricili\u011fi\u2019\u2019 e\u011fitimi alan bal \u00fcreticileri ilk bal hasad\u0131n\u0131 ger\u00e7ekle\u015ftirdi. B\u00fcy\u00fck\u00e7ekmece Belediyesi Tar\u0131m Akademisi\u2019nde \u201cAr\u0131 Yeti\u015ftiricili\u011fi\u2019\u2019<\/p>\n","protected":false},"author":3,"featured_media":14634,"comment_status":"open","ping_status":"open","sticky":false,"template":"","format":"standard","meta":{"colormag_page_container_layout":"default_layout","colormag_page_sidebar_layout":"default_layout","footnotes":""},"categories":[1,5,8],"tags":[],"class_list":["post-14632","post","type-post","status-publish","format-standard","has-post-thumbnail","hentry","category-genel","category-gundem","category-siyaset"],"_links":{"self":[{"href":"https:\/\/marmarayerelhizmet.com\/index.php\/wp-json\/wp\/v2\/posts\/14632","targetHints":{"allow":["GET"]}}],"collection":[{"href":"https:\/\/marmarayerelhizmet.com\/index.php\/wp-json\/wp\/v2\/posts"}],"about":[{"href":"https:\/\/marmarayerelhizmet.com\/index.php\/wp-json\/wp\/v2\/types\/post"}],"author":[{"embeddable":true,"href":"https:\/\/marmarayerelhizmet.com\/index.php\/wp-json\/wp\/v2\/users\/3"}],"replies":[{"embeddable":true,"href":"https:\/\/marmarayerelhizmet.com\/index.php\/wp-json\/wp\/v2\/comments?post=14632"}],"version-history":[{"count":0,"href":"https:\/\/marmarayerelhizmet.com\/index.php\/wp-json\/wp\/v2\/posts\/14632\/revisions"}],"wp:featuredmedia":[{"embeddable":true,"href":"https:\/\/marmarayerelhizmet.com\/index.php\/wp-json\/wp\/v2\/media\/14634"}],"wp:attachment":[{"href":"https:\/\/marmarayerelhizmet.com\/index.php\/wp-json\/wp\/v2\/media?parent=14632"}],"wp:term":[{"taxonomy":"category","embeddable":true,"href":"https:\/\/marmarayerelhizmet.com\/index.php\/wp-json\/wp\/v2\/categories?post=14632"},{"taxonomy":"post_tag","embeddable":true,"href":"https:\/\/marmarayerelhizmet.com\/index.php\/wp-json\/wp\/v2\/tags?post=14632"}],"curies":[{"name":"wp","href":"https:\/\/api.w.org\/{rel}","templated":true}]}}