{"id":14620,"date":"2023-08-31T22:16:25","date_gmt":"2023-08-31T19:16:25","guid":{"rendered":"https:\/\/marmarayerelhizmet.com\/?p=14620"},"modified":"2023-08-31T22:16:25","modified_gmt":"2023-08-31T19:16:25","slug":"galatasarayin-rakipleri-belli-oldu","status":"publish","type":"post","link":"https:\/\/marmarayerelhizmet.com\/index.php\/2023\/08\/31\/galatasarayin-rakipleri-belli-oldu\/","title":{"rendered":"Galatasaray&#8217;\u0131n Rakipleri Belli Oldu"},"content":{"rendered":"<p><strong><span style=\"font-family: arial, helvetica, sans-serif; font-size: 14px;\">Galatasaray, UEFA \u015eampiyonlar Ligi&#8217;nde A Grubu&#8217;nda Bayern M\u00fcnih, Manchester United ve FC Kopenhag ile e\u015fle\u015fti.<br \/>\n<\/span><\/strong><br \/>\n<span style=\"font-family: arial, helvetica, sans-serif; font-size: 14px;\">UEFA \u015eampiyonlar Ligi grup kuralar\u0131 Fransa\u2019n\u0131n Monaco \u015fehrinde \u00e7ekildi. 8 grubun belli oldu\u011fu kura \u00e7ekimlerinde Galatasaray A Grubu&#8217;na d\u00fc\u015ferken, rakipleri Alman devi Bayern M\u00fcnih, \u0130ngiliz ekibi Manchester City ve Danimarka tak\u0131mlar\u0131ndan FC Kopenhag oldu.<\/span><br \/>\n<span style=\"font-family: arial, helvetica, sans-serif; font-size: 14px;\">UEFA \u015eampiyonlar Ligi 2022-2023 sezonu gruplar\u0131 Fransa\u2019n\u0131n Monaco\u2019nun \u015fehri Grimaldi Forum Ticaret Merkezi\u2019nde ger\u00e7ekle\u015fen kura \u00e7ekimiyle belli oldu. Barcelona\u2019n\u0131n eski futbolcusu Eric Abidal ve \u0130ngiliz eski futbolcu Joe Cole\u2019un \u00e7ekti\u011fi kuralar sonunda 8 gruptaki tak\u0131mlar netle\u015fti. UEFA \u015eampiyonlar Ligi&#8217;nde olu\u015fan gruplar \u015f\u00f6yle:<\/span><\/p>\n<p><strong><span style=\"font-family: arial, helvetica, sans-serif; font-size: 14px;\">A Grubu<\/span><\/strong><br \/>\n<span style=\"font-family: arial, helvetica, sans-serif; font-size: 14px;\">Bayern M\u00fcnih<\/span><br \/>\n<span style=\"font-family: arial, helvetica, sans-serif; font-size: 14px;\">Manchester United<\/span><br \/>\n<span style=\"font-family: arial, helvetica, sans-serif; font-size: 14px;\">FC Kopenhag<\/span><br \/>\n<span style=\"font-family: arial, helvetica, sans-serif; font-size: 14px;\">Galatasaray<\/span><\/p>\n<p><strong><span style=\"font-family: arial, helvetica, sans-serif; font-size: 14px;\">B Grubu<\/span><\/strong><br \/>\n<span style=\"font-family: arial, helvetica, sans-serif; font-size: 14px;\">Sevilla<\/span><br \/>\n<span style=\"font-family: arial, helvetica, sans-serif; font-size: 14px;\">Arsenal<\/span><br \/>\n<span style=\"font-family: arial, helvetica, sans-serif; font-size: 14px;\">PSV Eindhoven<\/span><br \/>\n<span style=\"font-family: arial, helvetica, sans-serif; font-size: 14px;\">Lens<\/span><\/p>\n<p><strong><span style=\"font-family: arial, helvetica, sans-serif; font-size: 14px;\">C Grubu<\/span><\/strong><br \/>\n<span style=\"font-family: arial, helvetica, sans-serif; font-size: 14px;\">Napoli<\/span><br \/>\n<span style=\"font-family: arial, helvetica, sans-serif; font-size: 14px;\">Real Madrid<\/span><br \/>\n<span style=\"font-family: arial, helvetica, sans-serif; font-size: 14px;\">Braga<\/span><br \/>\n<span style=\"font-family: arial, helvetica, sans-serif; font-size: 14px;\">Union Berlin<\/span><\/p>\n<p><strong><span style=\"font-family: arial, helvetica, sans-serif; font-size: 14px;\">D Grubu<\/span><\/strong><br \/>\n<span style=\"font-family: arial, helvetica, sans-serif; font-size: 14px;\">Benfica<\/span><br \/>\n<span style=\"font-family: arial, helvetica, sans-serif; font-size: 14px;\">Inter<\/span><br \/>\n<span style=\"font-family: arial, helvetica, sans-serif; font-size: 14px;\">Salzburg<\/span><br \/>\n<span style=\"font-family: arial, helvetica, sans-serif; font-size: 14px;\">Real Sociedad<\/span><\/p>\n<p><strong><span style=\"font-family: arial, helvetica, sans-serif; font-size: 14px;\">E Grubu<\/span><\/strong><br \/>\n<span style=\"font-family: arial, helvetica, sans-serif; font-size: 14px;\">Feyenoord<\/span><br \/>\n<span style=\"font-family: arial, helvetica, sans-serif; font-size: 14px;\">Atletico Madrid<\/span><br \/>\n<span style=\"font-family: arial, helvetica, sans-serif; font-size: 14px;\">Lazio<\/span><br \/>\n<span style=\"font-family: arial, helvetica, sans-serif; font-size: 14px;\">Celtic<\/span><\/p>\n<p><strong><span style=\"font-family: arial, helvetica, sans-serif; font-size: 14px;\">F Grubu<\/span><\/strong><br \/>\n<span style=\"font-family: arial, helvetica, sans-serif; font-size: 14px;\">Paris Saint-Germain<\/span><br \/>\n<span style=\"font-family: arial, helvetica, sans-serif; font-size: 14px;\">Borussia Dortmund<\/span><br \/>\n<span style=\"font-family: arial, helvetica, sans-serif; font-size: 14px;\">AC Milan<\/span><br \/>\n<span style=\"font-family: arial, helvetica, sans-serif; font-size: 14px;\">Newcastle United<\/span><\/p>\n<p><strong><span style=\"font-family: arial, helvetica, sans-serif; font-size: 14px;\">G Grubu<\/span><\/strong><br \/>\n<span style=\"font-family: arial, helvetica, sans-serif; font-size: 14px;\">Manchester City<\/span><br \/>\n<span style=\"font-family: arial, helvetica, sans-serif; font-size: 14px;\">RB Leipzig<\/span><br \/>\n<span style=\"font-family: arial, helvetica, sans-serif; font-size: 14px;\">K\u0131z\u0131ly\u0131ld\u0131z<\/span><br \/>\n<span style=\"font-family: arial, helvetica, sans-serif; font-size: 14px;\">Young Boys<\/span><\/p>\n<p><strong><span style=\"font-family: arial, helvetica, sans-serif; font-size: 14px;\">H Grubu<\/span><\/strong><br \/>\n<span style=\"font-family: arial, helvetica, sans-serif; font-size: 14px;\">Barcelona<\/span><br \/>\n<span style=\"font-family: arial, helvetica, sans-serif; font-size: 14px;\">Porto<\/span><br \/>\n<span style=\"font-family: arial, helvetica, sans-serif; font-size: 14px;\">Shakhtar Donetsk<\/span><br \/>\n<span style=\"font-family: arial, helvetica, sans-serif; font-size: 14px;\">Royal Antwerp<\/span><\/p>\n","protected":false},"excerpt":{"rendered":"<p>Galatasaray, UEFA \u015eampiyonlar Ligi&#8217;nde A Grubu&#8217;nda Bayern M\u00fcnih, Manchester United ve FC Kopenhag ile e\u015fle\u015fti. UEFA \u015eampiyonlar Ligi grup kuralar\u0131<\/p>\n","protected":false},"author":3,"featured_media":14622,"comment_status":"open","ping_status":"open","sticky":false,"template":"","format":"standard","meta":{"colormag_page_container_layout":"default_layout","colormag_page_sidebar_layout":"default_layout","footnotes":""},"categories":[1,5,9],"tags":[],"class_list":["post-14620","post","type-post","status-publish","format-standard","has-post-thumbnail","hentry","category-genel","category-gundem","category-spor"],"_links":{"self":[{"href":"https:\/\/marmarayerelhizmet.com\/index.php\/wp-json\/wp\/v2\/posts\/14620","targetHints":{"allow":["GET"]}}],"collection":[{"href":"https:\/\/marmarayerelhizmet.com\/index.php\/wp-json\/wp\/v2\/posts"}],"about":[{"href":"https:\/\/marmarayerelhizmet.com\/index.php\/wp-json\/wp\/v2\/types\/post"}],"author":[{"embeddable":true,"href":"https:\/\/marmarayerelhizmet.com\/index.php\/wp-json\/wp\/v2\/users\/3"}],"replies":[{"embeddable":true,"href":"https:\/\/marmarayerelhizmet.com\/index.php\/wp-json\/wp\/v2\/comments?post=14620"}],"version-history":[{"count":0,"href":"https:\/\/marmarayerelhizmet.com\/index.php\/wp-json\/wp\/v2\/posts\/14620\/revisions"}],"wp:featuredmedia":[{"embeddable":true,"href":"https:\/\/marmarayerelhizmet.com\/index.php\/wp-json\/wp\/v2\/media\/14622"}],"wp:attachment":[{"href":"https:\/\/marmarayerelhizmet.com\/index.php\/wp-json\/wp\/v2\/media?parent=14620"}],"wp:term":[{"taxonomy":"category","embeddable":true,"href":"https:\/\/marmarayerelhizmet.com\/index.php\/wp-json\/wp\/v2\/categories?post=14620"},{"taxonomy":"post_tag","embeddable":true,"href":"https:\/\/marmarayerelhizmet.com\/index.php\/wp-json\/wp\/v2\/tags?post=14620"}],"curies":[{"name":"wp","href":"https:\/\/api.w.org\/{rel}","templated":true}]}}