{"id":14616,"date":"2023-08-31T22:14:21","date_gmt":"2023-08-31T19:14:21","guid":{"rendered":"https:\/\/marmarayerelhizmet.com\/?p=14616"},"modified":"2023-08-31T22:14:21","modified_gmt":"2023-08-31T19:14:21","slug":"twente-0-fenerbahce-1","status":"publish","type":"post","link":"https:\/\/marmarayerelhizmet.com\/index.php\/2023\/08\/31\/twente-0-fenerbahce-1\/","title":{"rendered":"Twente: 0 &#8211; Fenerbah\u00e7e: 1"},"content":{"rendered":"<p><strong><span style=\"font-family: arial, helvetica, sans-serif; font-size: 14px;\">Fenerbah\u00e7e, UEFA Avrupa Konferans Ligi Play-off Turu r\u00f6van\u015f ma\u00e7\u0131nda deplasmanda Hollanda ekibi Twente&#8217;yi 1-0 ma\u011flup ederek ad\u0131n\u0131 gruplara yazd\u0131rd\u0131.<\/span><\/strong><\/p>\n<p><strong><span style=\"font-family: arial, helvetica, sans-serif; font-size: 14px;\">Ma\u00e7tan dakikalar\u00a0<\/span><\/strong><br \/>\n<span style=\"font-family: arial, helvetica, sans-serif; font-size: 14px;\">2. dakikada Daan Rots&#8217;un ceza sahas\u0131na ortas\u0131nda topla bulu\u015fan Wolfswinkel\u2019in \u015futu az farkla d\u0131\u015far\u0131 \u00e7\u0131kt\u0131.<\/span><br \/>\n<span style=\"font-family: arial, helvetica, sans-serif; font-size: 14px;\">12. dakikada sol kanattan Tadic\u2019in pas\u0131nda topla bulu\u015fan Fred\u2019in \u015futunda savunmaya \u00e7arpan top kornere gitti.<\/span><br \/>\n<span style=\"font-family: arial, helvetica, sans-serif; font-size: 14px;\">35. dakikada sa\u011f kanattan Cengiz\u2019in ortas\u0131nda arka direkte Tadic\u2019in geli\u015fine vuru\u015funda kaleci Unnerstall son anda tehlikeyi \u00f6nledi.<\/span><br \/>\n<span style=\"font-family: arial, helvetica, sans-serif; font-size: 14px;\">51. dakikada savunma arkas\u0131na at\u0131lan uzun topa hareketlenen Stejin&#8217;in kaleci \u0130rfan Can ile kar\u015f\u0131 kar\u015f\u0131ya pozisyonda yapt\u0131\u011f\u0131 vuru\u015fta top direkten geri d\u00f6nd\u00fc.<\/span><br \/>\n<span style=\"font-family: arial, helvetica, sans-serif; font-size: 14px;\">63. dakikada Kaleyi cepheden g\u00f6ren noktadan kullan\u0131lan serbest vuru\u015fta Vlap\u2019\u0131n \u015futu direkten d\u00f6nd\u00fc. D\u00f6nen topla bulu\u015fan Wolfswinkel\u2019in \u015futu da yan dire\u011fe \u00e7arparak d\u0131\u015far\u0131 \u00e7\u0131kt\u0131.<\/span><br \/>\n<span style=\"font-family: arial, helvetica, sans-serif; font-size: 14px;\">71. dakikada sol kanattan ceza sahas\u0131na giren King, ceza sahas\u0131 i\u00e7inde Pr\u00f6pper taraf\u0131ndan d\u00fc\u015f\u00fcr\u00fcl\u00fcnce hakem penalt\u0131 noktas\u0131n\u0131 g\u00f6sterdi.<\/span><br \/>\n<span style=\"font-family: arial, helvetica, sans-serif; font-size: 14px;\">72. dakikada beyaz noktan\u0131n ba\u015f\u0131na ge\u00e7en Dzeko topu a\u011flara g\u00f6nderdi. 0-1<\/span><br \/>\n<span style=\"font-family: arial, helvetica, sans-serif; font-size: 14px;\">86. dakikada \u015f\u0131k \u00e7al\u0131mlarla ceza sahas\u0131na sokulan King\u2019in \u015futunda kaleci Unnerstall topu g\u00fc\u00e7l\u00fckle kornere \u00e7eldi.<\/span><\/p>\n<p><span style=\"font-family: arial, helvetica, sans-serif; font-size: 14px;\">Hakemler: Fabio Maresca, Davide Imperiale, Giuseppe Perrotti<\/span><br \/>\n<span style=\"font-family: arial, helvetica, sans-serif; font-size: 14px;\">Twente: Unnerstall, Sampsted, Bruns, Pr\u00f6pper, Kjolo, Sadilek, Steijn, van Wolfswinkel (Naci \u00dcn\u00fcvar dk. 69),Rots, Vlap (Besselink dk. 86), Ugalde<\/span><br \/>\n<span style=\"font-family: arial, helvetica, sans-serif; font-size: 14px;\">Yedekler: Maach, Tyton, Hoorenbeeck, Mesbahi, Rots<\/span><br \/>\n<span style=\"font-family: arial, helvetica, sans-serif; font-size: 14px;\">Teknik Direkt\u00f6r: Joseph Oosting<\/span><br \/>\n<span style=\"font-family: arial, helvetica, sans-serif; font-size: 14px;\">Fenerbah\u00e7e: \u0130rfan Can E\u011fribayat, Osayi, Serdar Aziz, Becao, Oosterwolde, Fred, \u0130smail Y\u00fcksek (Djiku dk. 83), Mert Hakan (\u0130rfan Can Kahveci dk. 61), Cengiz (King dk. 46), Tadic (Szymanski dk. 61), Dzeko (Umut Nayir dk. 86)<\/span><br \/>\n<span style=\"font-family: arial, helvetica, sans-serif; font-size: 14px;\">Yedekler: Muhammet Demir, Furkan Onur Aky\u00fcz, Mert M\u00fcld\u00fcr, Ahmet Necat Ayd\u0131n, Kent, Bartu\u011f Elmaz, Batshuayi<\/span><br \/>\n<span style=\"font-family: arial, helvetica, sans-serif; font-size: 14px;\">Teknik Direkt\u00f6r: \u0130smail Kartal<\/span><br \/>\n<span style=\"font-family: arial, helvetica, sans-serif; font-size: 14px;\">Gol: Dzeko (dk. 72 pen.) (Fenerbah\u00e7e)<\/span><br \/>\n<span style=\"font-family: arial, helvetica, sans-serif; font-size: 14px;\">Sar\u0131 kartlar: Sadilek, Rots (Twente), Oosterwolde, Serdar Aziz, Mert Hakan, Becao, \u0130smail Y\u00fcksek (Fenerbah\u00e7e)<\/span><\/p>\n","protected":false},"excerpt":{"rendered":"<p>Fenerbah\u00e7e, UEFA Avrupa Konferans Ligi Play-off Turu r\u00f6van\u015f ma\u00e7\u0131nda deplasmanda Hollanda ekibi Twente&#8217;yi 1-0 ma\u011flup ederek ad\u0131n\u0131 gruplara yazd\u0131rd\u0131. Ma\u00e7tan<\/p>\n","protected":false},"author":3,"featured_media":14618,"comment_status":"open","ping_status":"open","sticky":false,"template":"","format":"standard","meta":{"colormag_page_container_layout":"default_layout","colormag_page_sidebar_layout":"default_layout","footnotes":""},"categories":[1,5,9],"tags":[],"class_list":["post-14616","post","type-post","status-publish","format-standard","has-post-thumbnail","hentry","category-genel","category-gundem","category-spor"],"_links":{"self":[{"href":"https:\/\/marmarayerelhizmet.com\/index.php\/wp-json\/wp\/v2\/posts\/14616","targetHints":{"allow":["GET"]}}],"collection":[{"href":"https:\/\/marmarayerelhizmet.com\/index.php\/wp-json\/wp\/v2\/posts"}],"about":[{"href":"https:\/\/marmarayerelhizmet.com\/index.php\/wp-json\/wp\/v2\/types\/post"}],"author":[{"embeddable":true,"href":"https:\/\/marmarayerelhizmet.com\/index.php\/wp-json\/wp\/v2\/users\/3"}],"replies":[{"embeddable":true,"href":"https:\/\/marmarayerelhizmet.com\/index.php\/wp-json\/wp\/v2\/comments?post=14616"}],"version-history":[{"count":0,"href":"https:\/\/marmarayerelhizmet.com\/index.php\/wp-json\/wp\/v2\/posts\/14616\/revisions"}],"wp:featuredmedia":[{"embeddable":true,"href":"https:\/\/marmarayerelhizmet.com\/index.php\/wp-json\/wp\/v2\/media\/14618"}],"wp:attachment":[{"href":"https:\/\/marmarayerelhizmet.com\/index.php\/wp-json\/wp\/v2\/media?parent=14616"}],"wp:term":[{"taxonomy":"category","embeddable":true,"href":"https:\/\/marmarayerelhizmet.com\/index.php\/wp-json\/wp\/v2\/categories?post=14616"},{"taxonomy":"post_tag","embeddable":true,"href":"https:\/\/marmarayerelhizmet.com\/index.php\/wp-json\/wp\/v2\/tags?post=14616"}],"curies":[{"name":"wp","href":"https:\/\/api.w.org\/{rel}","templated":true}]}}