{"id":14604,"date":"2023-08-31T15:45:05","date_gmt":"2023-08-31T12:45:05","guid":{"rendered":"https:\/\/marmarayerelhizmet.com\/?p=14604"},"modified":"2023-08-31T15:45:05","modified_gmt":"2023-08-31T12:45:05","slug":"yangin-magduru-ciftcilere-destek","status":"publish","type":"post","link":"https:\/\/marmarayerelhizmet.com\/index.php\/2023\/08\/31\/yangin-magduru-ciftcilere-destek\/","title":{"rendered":"Yang\u0131n Ma\u011fduru \u00c7ift\u00e7ilere Destek"},"content":{"rendered":"<p><strong><span style=\"font-family: arial, helvetica, sans-serif; font-size: 14px;\">Kocaeli B\u00fcy\u00fck\u015fehir Belediyesi ve Kand\u0131ral\u0131 \u00e7ift\u00e7ilerin i\u015fbirli\u011finde d\u00fczenlenen organizasyonla \u00c7anakkale\u2019deki orman yang\u0131n\u0131nda zarar g\u00f6ren besicilere iki t\u0131r dolusu saman yard\u0131m\u0131 yap\u0131ld\u0131.<br \/>\n<\/span><\/strong><br \/>\n<span style=\"font-family: arial, helvetica, sans-serif; font-size: 14px;\">Kocaeli B\u00fcy\u00fck\u015fehir Belediyesi deste\u011fi ile Kand\u0131ral\u0131 \u00e7ift\u00e7iler, \u00c7anakkale\u2019deki orman yang\u0131n\u0131nda ah\u0131rlar\u0131 yanan ve yem s\u0131k\u0131nt\u0131s\u0131 \u00e7eken besiciler i\u00e7in saman yard\u0131m\u0131nda bulundu. \u00c7anakkale\u2019deki orman yang\u0131n\u0131nda, tar\u0131m ve hayvanc\u0131l\u0131kla ge\u00e7imini sa\u011flayan k\u00f6ylerde ma\u011fdur olan vatanda\u015flar, hayvanlar\u0131n\u0131 kurtarabilse de yemlerinin yanmas\u0131ndan dolay\u0131 s\u0131k\u0131nt\u0131ya d\u00fc\u015ft\u00fc. B\u00fcy\u00fck\u015fehir Belediyesi ve Kand\u0131ral\u0131 \u00e7ift\u00e7iler, yang\u0131nda ma\u011fdur olan b\u00f6lgedeki besiciler i\u00e7in kay\u0131ts\u0131z kalmad\u0131. B\u00fcy\u00fck\u015fehir Belediyesi Muhtarl\u0131k \u0130\u015fleri Dairesi Ba\u015fkanl\u0131\u011f\u0131 Tar\u0131msal Hizmetler \u015eube M\u00fcd\u00fcrl\u00fc\u011f\u00fc ile Kand\u0131ral\u0131 \u00e7ift\u00e7ilerin i\u015fbirli\u011finde toplanan iki t\u0131r dolusu balya saman, \u00c7anakkale\u2019deki orman yang\u0131n\u0131nda ma\u011fdur olan \u00fcreticilere g\u00f6nderildi. \u00c7anakkale merkez il\u00e7eye ba\u011fl\u0131 Ya\u011fc\u0131lar K\u00f6y\u00fc&#8217;ne ula\u015fan samanlar, yang\u0131nda ah\u0131rlar\u0131 ve hayvanlar\u0131na ait yemleri yanan \u00e7ift\u00e7ilere da\u011f\u0131t\u0131ld\u0131.<\/span><br \/>\n<span style=\"font-family: arial, helvetica, sans-serif; font-size: 14px;\">\u00c7anakkaleli \u00e7ift\u00e7iler, zor g\u00fcnlerinde kendilerine yap\u0131lan desteklerden duyduklar\u0131 memnuniyeti dile getirerek, Kocaeli B\u00fcy\u00fck\u015fehir Belediyesi ile Kand\u0131ral\u0131 \u00fcreticilere te\u015fekk\u00fcr etti.<\/span><\/p>\n","protected":false},"excerpt":{"rendered":"<p>Kocaeli B\u00fcy\u00fck\u015fehir Belediyesi ve Kand\u0131ral\u0131 \u00e7ift\u00e7ilerin i\u015fbirli\u011finde d\u00fczenlenen organizasyonla \u00c7anakkale\u2019deki orman yang\u0131n\u0131nda zarar g\u00f6ren besicilere iki t\u0131r dolusu saman yard\u0131m\u0131<\/p>\n","protected":false},"author":3,"featured_media":14606,"comment_status":"open","ping_status":"open","sticky":false,"template":"","format":"standard","meta":{"colormag_page_container_layout":"default_layout","colormag_page_sidebar_layout":"default_layout","footnotes":""},"categories":[1,5,8],"tags":[],"class_list":["post-14604","post","type-post","status-publish","format-standard","has-post-thumbnail","hentry","category-genel","category-gundem","category-siyaset"],"_links":{"self":[{"href":"https:\/\/marmarayerelhizmet.com\/index.php\/wp-json\/wp\/v2\/posts\/14604","targetHints":{"allow":["GET"]}}],"collection":[{"href":"https:\/\/marmarayerelhizmet.com\/index.php\/wp-json\/wp\/v2\/posts"}],"about":[{"href":"https:\/\/marmarayerelhizmet.com\/index.php\/wp-json\/wp\/v2\/types\/post"}],"author":[{"embeddable":true,"href":"https:\/\/marmarayerelhizmet.com\/index.php\/wp-json\/wp\/v2\/users\/3"}],"replies":[{"embeddable":true,"href":"https:\/\/marmarayerelhizmet.com\/index.php\/wp-json\/wp\/v2\/comments?post=14604"}],"version-history":[{"count":0,"href":"https:\/\/marmarayerelhizmet.com\/index.php\/wp-json\/wp\/v2\/posts\/14604\/revisions"}],"wp:featuredmedia":[{"embeddable":true,"href":"https:\/\/marmarayerelhizmet.com\/index.php\/wp-json\/wp\/v2\/media\/14606"}],"wp:attachment":[{"href":"https:\/\/marmarayerelhizmet.com\/index.php\/wp-json\/wp\/v2\/media?parent=14604"}],"wp:term":[{"taxonomy":"category","embeddable":true,"href":"https:\/\/marmarayerelhizmet.com\/index.php\/wp-json\/wp\/v2\/categories?post=14604"},{"taxonomy":"post_tag","embeddable":true,"href":"https:\/\/marmarayerelhizmet.com\/index.php\/wp-json\/wp\/v2\/tags?post=14604"}],"curies":[{"name":"wp","href":"https:\/\/api.w.org\/{rel}","templated":true}]}}