{"id":14599,"date":"2023-08-31T15:38:58","date_gmt":"2023-08-31T12:38:58","guid":{"rendered":"https:\/\/marmarayerelhizmet.com\/?p=14599"},"modified":"2023-08-31T15:38:58","modified_gmt":"2023-08-31T12:38:58","slug":"esenyurttan-doga-gezisi","status":"publish","type":"post","link":"https:\/\/marmarayerelhizmet.com\/index.php\/2023\/08\/31\/esenyurttan-doga-gezisi\/","title":{"rendered":"Esenyurt&#8217;tan Do\u011fa Gezisi"},"content":{"rendered":"<p><strong><span style=\"font-family: arial, helvetica, sans-serif; font-size: 14px;\">Esenyurt Belediyesi, il\u00e7ede ya\u015fayan \u00f6zel vatanda\u015flar i\u00e7in do\u011fa gezisi d\u00fczenledi. Etkinli\u011fe kat\u0131lan vatanda\u015flar, hem ye\u015filin tad\u0131n\u0131 \u00e7\u0131kard\u0131 hem de piknik yapt\u0131.<br \/>\n<\/span><\/strong><br \/>\n<span style=\"font-family: arial, helvetica, sans-serif; font-size: 14px;\">Esenyurt Belediyesi Engelliler Koordinasyon Merkezi, il\u00e7ede ikamet eden \u00f6zel vatanda\u015flar i\u00e7in do\u011fa gezisi d\u00fczenledi. Kemerburgaz Kent Orman\u0131\u2019na g\u00f6t\u00fcr\u00fclen vatanda\u015flar, temiz havada y\u00fcr\u00fcyerek, piknik yapt\u0131. Gezinin en mutlu olan\u0131 ise \u00e7ocuklard\u0131. Minikler, ormanda bulunan oyuncaklarla oynayarak gezinin tad\u0131n\u0131 \u00e7\u0131kard\u0131.<\/span><\/p>\n<p><strong><span style=\"font-family: arial, helvetica, sans-serif; font-size: 14px;\">&#8220;Vatanda\u015flar\u0131m\u0131zla do\u011fan\u0131n sesini dinledik&#8221;<\/span><\/strong><br \/>\n<span style=\"font-family: arial, helvetica, sans-serif; font-size: 14px;\">Her zaman \u00f6zel vatanda\u015flar\u0131n yan\u0131nda olacaklar\u0131n\u0131 belirten Esenyurt Belediyesi yetkilileri, \u201cBug\u00fcn \u00f6zel bireylerimizle bir gezi yapt\u0131k. Onlar, bu etkinlikten \u00e7ok memnun oldular. \u015eehrin kalabal\u0131\u011f\u0131ndan bir nebze de olsa uzakla\u015f\u0131p vatanda\u015flar\u0131m\u0131zla beraber do\u011fan\u0131n sesini dinledik. Her zaman onlar\u0131n yan\u0131nda olaca\u011f\u0131z. Buna benzer gezi ve etkinliklerimiz ilerleyen zamanlarda da devam edecek\u201d ifadelerini kulland\u0131.<\/span><\/p>\n","protected":false},"excerpt":{"rendered":"<p>Esenyurt Belediyesi, il\u00e7ede ya\u015fayan \u00f6zel vatanda\u015flar i\u00e7in do\u011fa gezisi d\u00fczenledi. Etkinli\u011fe kat\u0131lan vatanda\u015flar, hem ye\u015filin tad\u0131n\u0131 \u00e7\u0131kard\u0131 hem de piknik<\/p>\n","protected":false},"author":3,"featured_media":14601,"comment_status":"open","ping_status":"open","sticky":false,"template":"","format":"standard","meta":{"colormag_page_container_layout":"default_layout","colormag_page_sidebar_layout":"default_layout","footnotes":""},"categories":[1,5,8],"tags":[],"class_list":["post-14599","post","type-post","status-publish","format-standard","has-post-thumbnail","hentry","category-genel","category-gundem","category-siyaset"],"_links":{"self":[{"href":"https:\/\/marmarayerelhizmet.com\/index.php\/wp-json\/wp\/v2\/posts\/14599","targetHints":{"allow":["GET"]}}],"collection":[{"href":"https:\/\/marmarayerelhizmet.com\/index.php\/wp-json\/wp\/v2\/posts"}],"about":[{"href":"https:\/\/marmarayerelhizmet.com\/index.php\/wp-json\/wp\/v2\/types\/post"}],"author":[{"embeddable":true,"href":"https:\/\/marmarayerelhizmet.com\/index.php\/wp-json\/wp\/v2\/users\/3"}],"replies":[{"embeddable":true,"href":"https:\/\/marmarayerelhizmet.com\/index.php\/wp-json\/wp\/v2\/comments?post=14599"}],"version-history":[{"count":0,"href":"https:\/\/marmarayerelhizmet.com\/index.php\/wp-json\/wp\/v2\/posts\/14599\/revisions"}],"wp:featuredmedia":[{"embeddable":true,"href":"https:\/\/marmarayerelhizmet.com\/index.php\/wp-json\/wp\/v2\/media\/14601"}],"wp:attachment":[{"href":"https:\/\/marmarayerelhizmet.com\/index.php\/wp-json\/wp\/v2\/media?parent=14599"}],"wp:term":[{"taxonomy":"category","embeddable":true,"href":"https:\/\/marmarayerelhizmet.com\/index.php\/wp-json\/wp\/v2\/categories?post=14599"},{"taxonomy":"post_tag","embeddable":true,"href":"https:\/\/marmarayerelhizmet.com\/index.php\/wp-json\/wp\/v2\/tags?post=14599"}],"curies":[{"name":"wp","href":"https:\/\/api.w.org\/{rel}","templated":true}]}}