{"id":14595,"date":"2023-08-31T15:37:48","date_gmt":"2023-08-31T12:37:48","guid":{"rendered":"https:\/\/marmarayerelhizmet.com\/?p=14595"},"modified":"2023-08-31T15:40:42","modified_gmt":"2023-08-31T12:40:42","slug":"balikcilar-av-sezonundan-umutlu","status":"publish","type":"post","link":"https:\/\/marmarayerelhizmet.com\/index.php\/2023\/08\/31\/balikcilar-av-sezonundan-umutlu\/","title":{"rendered":"Bal\u0131k\u00e7\u0131lar Av Sezonundan Umutlu"},"content":{"rendered":"<p><strong><span style=\"font-family: arial, helvetica, sans-serif; font-size: 14px;\">1 Eyl\u00fcl&#8217;de ba\u015flayacak av sezonu bal\u0131k\u00e7\u0131lar b\u00fcy\u00fck bir umut ta\u015f\u0131yor. Sakin ge\u00e7en yaz aras\u0131ndan sonra bal\u0131k\u00e7\u0131lar denize a\u00e7\u0131lmak i\u00e7in heyecanla bekliyor.<br \/>\n<\/span><\/strong><br \/>\n<span style=\"font-family: arial, helvetica, sans-serif; font-size: 14px;\">Sakin ge\u00e7en yaz aras\u0131ndan sonra 1 Eyl\u00fclde ba\u015flayacak olan av sezonu bal\u0131k\u00e7\u0131lar i\u00e7in b\u00fcy\u00fck \u00f6nem ta\u015f\u0131yor. Av sezonuyla birlikte bal\u0131k\u00e7\u0131lar, hem tezg\u00e2hlarda bal\u0131k \u00e7e\u015fitlili\u011finin artmas\u0131n\u0131 hem de fiyatlar\u0131n d\u00fc\u015fmesini bekliyor.<\/span><\/p>\n<p><strong><span style=\"font-family: arial, helvetica, sans-serif; font-size: 14px;\">\u201cBu sene palamut yok\u201d<\/span><\/strong><br \/>\n<span style=\"font-family: arial, helvetica, sans-serif; font-size: 14px;\">Senelerdir bal\u0131k\u00e7\u0131l\u0131kla u\u011fra\u015fan ve av sezonu i\u00e7in umutlu olan Kemal Bileklio\u011flu, \u201cAy\u0131n 1\u2019inde bal\u0131k sezonu a\u00e7\u0131lacak. Herkesin beklentisi \u00e7ok iyi ama tabii beklentilerin ne derecede kar\u015f\u0131lanaca\u011f\u0131 muamma durumda. \u015eu anda mesela ge\u00e7en seneye g\u00f6re palamut bal\u0131\u011f\u0131 g\u00f6z\u00fck\u00fcyordu. 60 y\u0131ld\u0131r bu \u015fekilde palamut bal\u0131\u011f\u0131n\u0131n g\u00f6r\u00fclmedi\u011fi bir sene ya\u015famad\u0131m ama bu sene palamut yok. K\u00fcresel \u0131s\u0131nman\u0131n etkilerinden diye d\u00fc\u015f\u00fcn\u00fcyorum. Palamut bal\u0131\u011f\u0131 in\u015fallah gelir. Art\u0131k bal\u0131k\u00e7\u0131l\u0131\u011f\u0131n i\u00e7ine giriyoruz. Yava\u015f yava\u015f her g\u00fcn artarak k\u0131\u015fa girdik\u00e7e daha da \u00e7o\u011falarak 15 Ocak\u2019a kadar g\u00fczel bir bal\u0131k\u00e7\u0131l\u0131k olacak. Halk\u0131n yiyebilece\u011fi g\u00fczel, ucuz bal\u0131k mutlaka olacak. Bu bir ger\u00e7ek. Sezon geldi\u011finde bal\u0131k fiyatlar\u0131 otomatik olarak d\u00fc\u015fecek. Bal\u0131k fiyatlar\u0131 tabii ki d\u00fc\u015fecek fakat \u00e7okta b\u00fcy\u00fck bir d\u00fc\u015f\u00fc\u015f beklemesinler. Bal\u0131ktan beklentimiz olduk\u00e7a y\u00fcksek. Halk\u0131m\u0131z hi\u00e7 olmazsa bal\u0131k yer. \u0130nsanlar\u0131n et yeme \u00f6zg\u00fcrl\u00fc\u011f\u00fcn\u00fc hi\u00e7 olmazsa bal\u0131kla kapat\u0131r\u0131z diye d\u00fc\u015f\u00fcn\u00fcyorum. Hay\u0131rl\u0131s\u0131 olsun. Umar\u0131m bol bal\u0131kl\u0131 bir sezon olur\u201d dedi.<\/span><\/p>\n<p><strong><span style=\"font-family: arial, helvetica, sans-serif; font-size: 14px;\">\u201cBal\u0131k, insan hayat\u0131n\u0131n dostudur\u201d<\/span><\/strong><br \/>\n<span style=\"font-family: arial, helvetica, sans-serif; font-size: 14px;\">Bal\u0131\u011f\u0131n insan hayat\u0131nda \u00f6nemli bir yeri oldu\u011funu ve sa\u011fl\u0131kl\u0131 ya\u015fam\u0131n kural\u0131 oldu\u011funu belirten Bileklio\u011flu, \u201cSa\u011fl\u0131kl\u0131 ya\u015fam\u0131n kural\u0131d\u0131r. Bir insan sa\u011fl\u0131kl\u0131 ya\u015famak istiyorsa haftada en az 3 kez bal\u0131k yemelidir. Bal\u0131k eti d\u00fcnyan\u0131n en sa\u011fl\u0131kl\u0131 etidir. V\u00fccutta ya\u011f olu\u015fturmaz. Kalbi \u00e7al\u0131\u015ft\u0131r\u0131r, kolesterol\u00fc \u00f6ld\u00fcr\u00fcr. Bal\u0131k, insan hayat\u0131n\u0131n dostudur. Size bir \u00f6rnek vereyim; Japonya\u2019da ki\u015fi ba\u015f\u0131na d\u00fc\u015fen bal\u0131k eti miktar\u0131 75 kg. Japonlar neden \u00e7ok ya\u015f\u0131yor i\u015fte bundan dolay\u0131. Bal\u0131k, bol bal\u0131k her doktorun \u00f6nerece\u011fi \u015feydir\u201d \u015feklinde konu\u015ftu.<\/span><\/p>\n","protected":false},"excerpt":{"rendered":"<p>1 Eyl\u00fcl&#8217;de ba\u015flayacak av sezonu bal\u0131k\u00e7\u0131lar b\u00fcy\u00fck bir umut ta\u015f\u0131yor. Sakin ge\u00e7en yaz aras\u0131ndan sonra bal\u0131k\u00e7\u0131lar denize a\u00e7\u0131lmak i\u00e7in heyecanla<\/p>\n","protected":false},"author":3,"featured_media":14597,"comment_status":"open","ping_status":"open","sticky":false,"template":"","format":"standard","meta":{"colormag_page_container_layout":"default_layout","colormag_page_sidebar_layout":"default_layout","footnotes":""},"categories":[1,5],"tags":[],"class_list":["post-14595","post","type-post","status-publish","format-standard","has-post-thumbnail","hentry","category-genel","category-gundem"],"_links":{"self":[{"href":"https:\/\/marmarayerelhizmet.com\/index.php\/wp-json\/wp\/v2\/posts\/14595","targetHints":{"allow":["GET"]}}],"collection":[{"href":"https:\/\/marmarayerelhizmet.com\/index.php\/wp-json\/wp\/v2\/posts"}],"about":[{"href":"https:\/\/marmarayerelhizmet.com\/index.php\/wp-json\/wp\/v2\/types\/post"}],"author":[{"embeddable":true,"href":"https:\/\/marmarayerelhizmet.com\/index.php\/wp-json\/wp\/v2\/users\/3"}],"replies":[{"embeddable":true,"href":"https:\/\/marmarayerelhizmet.com\/index.php\/wp-json\/wp\/v2\/comments?post=14595"}],"version-history":[{"count":0,"href":"https:\/\/marmarayerelhizmet.com\/index.php\/wp-json\/wp\/v2\/posts\/14595\/revisions"}],"wp:featuredmedia":[{"embeddable":true,"href":"https:\/\/marmarayerelhizmet.com\/index.php\/wp-json\/wp\/v2\/media\/14597"}],"wp:attachment":[{"href":"https:\/\/marmarayerelhizmet.com\/index.php\/wp-json\/wp\/v2\/media?parent=14595"}],"wp:term":[{"taxonomy":"category","embeddable":true,"href":"https:\/\/marmarayerelhizmet.com\/index.php\/wp-json\/wp\/v2\/categories?post=14595"},{"taxonomy":"post_tag","embeddable":true,"href":"https:\/\/marmarayerelhizmet.com\/index.php\/wp-json\/wp\/v2\/tags?post=14595"}],"curies":[{"name":"wp","href":"https:\/\/api.w.org\/{rel}","templated":true}]}}