{"id":14587,"date":"2023-08-31T12:07:24","date_gmt":"2023-08-31T09:07:24","guid":{"rendered":"https:\/\/marmarayerelhizmet.com\/?p=14587"},"modified":"2023-08-31T12:07:24","modified_gmt":"2023-08-31T09:07:24","slug":"gelibolunun-kadinlari-gmka-ile-uretiyor","status":"publish","type":"post","link":"https:\/\/marmarayerelhizmet.com\/index.php\/2023\/08\/31\/gelibolunun-kadinlari-gmka-ile-uretiyor\/","title":{"rendered":"Gelibolu\u2019nun Kad\u0131nlar\u0131 GMKA \u0130le \u00dcretiyor"},"content":{"rendered":"<p><strong><span style=\"font-family: arial, helvetica, sans-serif; font-size: 14px;\">S.S Gelibolu \u00d6nc\u00fc Kad\u0131n Giri\u015fimi \u00dcretim ve \u0130\u015fletme Kooperatifi\u2019nin G\u00fcney Marmara Kalk\u0131nma Ajans\u0131 (GMKA) taraf\u0131ndan desteklenen \u201cGelibolu&#8217;nun \u00d6nc\u00fc Kad\u0131nlar\u0131 \u00dcretiyor\u201d isimli projesinin imza t\u00f6reni ger\u00e7ekle\u015ftirildi.<\/span><\/strong><\/p>\n<p><span style=\"font-family: arial, helvetica, sans-serif; font-size: 14px;\">Sanayi ve Teknoloji Bakanl\u0131\u011f\u0131 Kalk\u0131nma Ajanslar\u0131 Genel M\u00fcd\u00fcrl\u00fc\u011f\u00fc koordinasyonunda GMKA taraf\u0131ndan y\u00fcr\u00fct\u00fclen Sosyal Geli\u015fmeyi Destekleme Program\u0131 (SOGEP) kapsam\u0131nda desteklenen proje ile \u00c7anakkale\u2019nin Gelibolu il\u00e7esinde kad\u0131n kooperatifinin \u00fcretim alan\u0131n\u0131n geni\u015fletilmesi ve kurulacak olan Y\u00f6resel Yemek Restoran\u0131 ile tarladan sofraya mant\u0131\u011f\u0131 ile y\u00f6resel \u00fcr\u00fcnlerin hedef kitleye ula\u015fmas\u0131n\u0131n sa\u011flanmas\u0131 hedefleniyor.<\/span><\/p>\n<p><span style=\"font-family: arial, helvetica, sans-serif; font-size: 14px;\">Proje s\u00f6zle\u015fme imza t\u00f6reni GMKA Bal\u0131kesir hizmet binas\u0131nda GMKA Genel Sekreteri Onur Ad\u0131yaman ve kad\u0131n kooperatifi ba\u015fkan\u0131 Yasemin Ba\u015faran \u00c7at ile kooperatif \u00fcyelerinin kat\u0131l\u0131m\u0131yla ger\u00e7ekle\u015ftirildi.<\/span><\/p>\n<p><span style=\"font-family: arial, helvetica, sans-serif; font-size: 14px;\">Proje ile il\u00e7eye \u00f6zg\u00fc y\u00f6resel tatlar\u0131n haz\u0131rlan\u0131p sunulmas\u0131n\u0131n yan\u0131 s\u0131ra h\u00e2lihaz\u0131rda kooperatif \u00fcyesi olan ve el sanatlar\u0131 alan\u0131nda \u00e7al\u0131\u015fan kad\u0131nlar\u0131n \u00fcr\u00fcnlerinin de ticarile\u015ftirilebilmesi ad\u0131na \u00e7al\u0131\u015fmalar ger\u00e7ekle\u015ftirilecek.<\/span><\/p>\n<p><span style=\"font-family: arial, helvetica, sans-serif; font-size: 14px;\"><strong>Kooperatif\u00e7ilik \u0130\u00e7in \u00d6rnek Olacak\u00a0Proje, Gelir Getirici Y\u00f6n\u00fcyle S\u00fcrd\u00fcr\u00fclebilir Olacak<\/strong><\/span><\/p>\n<p><span style=\"font-family: arial, helvetica, sans-serif; font-size: 14px;\">S\u00f6zle\u015fmesi imzalanan projede hem kad\u0131n istihdam\u0131n\u0131n art\u0131r\u0131lmas\u0131 hem de y\u00f6resel unsurlar\u0131n \u00f6n plana \u00e7\u0131kar\u0131l\u0131p ticarile\u015ftirilmesi ve katma de\u011ferli \u00fcr\u00fcne d\u00f6n\u00fc\u015ft\u00fcr\u00fclebilmesi ad\u0131na b\u00fcy\u00fck \u00f6nem ta\u015f\u0131yor. Kooperatif\u00e7ili\u011fe katk\u0131s\u0131 a\u00e7\u0131s\u0131ndan \u00f6rnek olacak proje ile gelir getirici y\u00f6n\u00fcyle s\u00fcrd\u00fcr\u00fclebilir bir model ortaya koyuyor.<\/span><\/p>\n<p><span style=\"font-family: arial, helvetica, sans-serif; font-size: 14px;\">Kooperatif proje deste\u011fini alarak \u00fcye say\u0131s\u0131n\u0131 artt\u0131r\u0131p daha geni\u015f kesimlere ula\u015fabilecek. \u00dcr\u00fcn\/hizmet \u00fcretiminin \u00e7e\u015fitlendirilmesi, kooperatif faaliyetlerinin tan\u0131t\u0131lmas\u0131 beceri ve motivasyonu art\u0131rarak, yerel sahiplenme ve \u00f6rg\u00fctlenme, birlikte i\u015f yapma kapasitesini geli\u015ftirecek, kurumu ileriye ta\u015f\u0131yacak \u0130l\u00e7ede kad\u0131nlar\u0131n \u00f6nc\u00fc oldu\u011fu bir \u00f6rg\u00fctlenme bir\u00e7ok kuruma ve k\u00f6ylere \u00f6rnek olacak. \u00d6rg\u00fctlenmeye ve kad\u0131n giri\u015fimcili\u011fine bak\u0131\u015f olumlu y\u00f6nde geli\u015fecek.<\/span><\/p>\n<p><span style=\"font-family: arial, helvetica, sans-serif; font-size: 14px;\"><strong>Kad\u0131nlar\u0131n Geliri Artacak<\/strong><\/span><\/p>\n<p><span style=\"font-family: arial, helvetica, sans-serif; font-size: 14px;\">\u00dcretim mutfa\u011f\u0131 ve y\u00f6resel lokanta kuruldu\u011funda \u00e7evreye zarar vermeyecek bir sistemde \u00e7al\u0131\u015f\u0131lacak ve geri d\u00f6n\u00fc\u015f\u00fcme \u00f6nem verilecek. Projede al\u0131nan destekle kooperatif faaliyetlerini Gelibolu il\u00e7esinin di\u011fer k\u00f6ylerine de yayg\u0131nla\u015ft\u0131racak bu k\u00f6ylerden de \u00fcr\u00fcn alacak ve kad\u0131nlar\u0131n gelirlerine katk\u0131 sunacak.<\/span><\/p>\n<p><span style=\"font-family: arial, helvetica, sans-serif; font-size: 14px;\"><strong>GMKA, Kad\u0131n Kooperatiflerinin Kapasitelerini G\u00fc\u00e7lendiriyor<\/strong><\/span><\/p>\n<p><span style=\"font-family: arial, helvetica, sans-serif; font-size: 14px;\">GMKA ilan etti\u011fi K\u0131rsal Ekonominin Geli\u015ftirilmesi Mali Destek Program\u0131 ve Sosyal Geli\u015fmeyi Destekleme Program\u0131 ile kooperatifler vas\u0131tas\u0131yla tar\u0131mda ortak i\u015f yapma k\u00fclt\u00fcr\u00fcn\u00fc geli\u015ftirirken G\u00fcney Marmara Kad\u0131n Kooperatiflerinin G\u00fc\u00e7lendirilmesi Program\u0131 ile kad\u0131n kooperatiflerinin kapasitelerini g\u00fc\u00e7lendiriyor.<\/span><\/p>\n","protected":false},"excerpt":{"rendered":"<p>S.S Gelibolu \u00d6nc\u00fc Kad\u0131n Giri\u015fimi \u00dcretim ve \u0130\u015fletme Kooperatifi\u2019nin G\u00fcney Marmara Kalk\u0131nma Ajans\u0131 (GMKA) taraf\u0131ndan desteklenen \u201cGelibolu&#8217;nun \u00d6nc\u00fc Kad\u0131nlar\u0131 \u00dcretiyor\u201d<\/p>\n","protected":false},"author":3,"featured_media":14589,"comment_status":"open","ping_status":"open","sticky":false,"template":"","format":"standard","meta":{"colormag_page_container_layout":"default_layout","colormag_page_sidebar_layout":"default_layout","footnotes":""},"categories":[1,5],"tags":[],"class_list":["post-14587","post","type-post","status-publish","format-standard","has-post-thumbnail","hentry","category-genel","category-gundem"],"_links":{"self":[{"href":"https:\/\/marmarayerelhizmet.com\/index.php\/wp-json\/wp\/v2\/posts\/14587","targetHints":{"allow":["GET"]}}],"collection":[{"href":"https:\/\/marmarayerelhizmet.com\/index.php\/wp-json\/wp\/v2\/posts"}],"about":[{"href":"https:\/\/marmarayerelhizmet.com\/index.php\/wp-json\/wp\/v2\/types\/post"}],"author":[{"embeddable":true,"href":"https:\/\/marmarayerelhizmet.com\/index.php\/wp-json\/wp\/v2\/users\/3"}],"replies":[{"embeddable":true,"href":"https:\/\/marmarayerelhizmet.com\/index.php\/wp-json\/wp\/v2\/comments?post=14587"}],"version-history":[{"count":0,"href":"https:\/\/marmarayerelhizmet.com\/index.php\/wp-json\/wp\/v2\/posts\/14587\/revisions"}],"wp:featuredmedia":[{"embeddable":true,"href":"https:\/\/marmarayerelhizmet.com\/index.php\/wp-json\/wp\/v2\/media\/14589"}],"wp:attachment":[{"href":"https:\/\/marmarayerelhizmet.com\/index.php\/wp-json\/wp\/v2\/media?parent=14587"}],"wp:term":[{"taxonomy":"category","embeddable":true,"href":"https:\/\/marmarayerelhizmet.com\/index.php\/wp-json\/wp\/v2\/categories?post=14587"},{"taxonomy":"post_tag","embeddable":true,"href":"https:\/\/marmarayerelhizmet.com\/index.php\/wp-json\/wp\/v2\/tags?post=14587"}],"curies":[{"name":"wp","href":"https:\/\/api.w.org\/{rel}","templated":true}]}}