{"id":14579,"date":"2023-08-31T01:18:18","date_gmt":"2023-08-30T22:18:18","guid":{"rendered":"https:\/\/marmarayerelhizmet.com\/?p=14579"},"modified":"2023-08-31T01:18:18","modified_gmt":"2023-08-30T22:18:18","slug":"sehitler-abidesinde-gorsel-solen","status":"publish","type":"post","link":"https:\/\/marmarayerelhizmet.com\/index.php\/2023\/08\/31\/sehitler-abidesinde-gorsel-solen\/","title":{"rendered":"\u015eehitler Abidesi&#8217;nde G\u00f6rsel \u015e\u00f6len"},"content":{"rendered":"<p><strong><span style=\"font-family: arial, helvetica, sans-serif; font-size: 14px;\">\u2018S\u00fcper Mavi Ay\u2019, \u00c7anakkale Sava\u015flar\u0131\u2019n\u0131n ya\u015fand\u0131\u011f\u0131 Tarihi Gelibolu Yar\u0131madas\u0131\u2019ndaki \u015eehitler Abidesiyle birlikte g\u00f6rsel \u015f\u00f6len olu\u015fturdu.<br \/>\n<\/span><\/strong><br \/>\n<span style=\"font-family: arial, helvetica, sans-serif; font-size: 14px;\">Ay&#8217;\u0131n d\u00fcnyaya en yak\u0131n noktada olmas\u0131 nedeniyle normalde g\u00f6r\u00fcnd\u00fc\u011f\u00fcnden daha parlak bir hale b\u00fcr\u00fcnmesi ile ortaya \u00e7\u0131kan S\u00fcper Ay, \u00c7anakkale\u2019nin \u00e7e\u015fitli noktalar\u0131ndan g\u00f6r\u00fcnt\u00fclendi. Hobi olarak foto\u011fraf \u00e7eken Cihan Kurnaz, Ali \u00dc\u00e7er ve Mustafa U\u00e7ar taraf\u0131ndan Morto Koyu yak\u0131nlar\u0131nda 20.15 s\u0131ralar\u0131nda \u00e7ekilen foto\u011fraflarda \u2018S\u00fcper Ay\u2019 \u00c7anakkale Sava\u015flar\u0131\u2019n\u0131n ya\u015fand\u0131\u011f\u0131 Tarihi Gelibolu Yar\u0131madas\u0131\u2019ndaki \u015eehitler Abidesi ile ayn\u0131 kare i\u00e7inde yer ald\u0131.<\/span><br \/>\n<span style=\"font-family: arial, helvetica, sans-serif; font-size: 14px;\">\u2018S\u00fcper Mavi Ay\u2019, \u015eehitler Abidesiyle birlikte g\u00f6rsel \u015f\u00f6len olu\u015fturdu.<\/span><\/p>\n","protected":false},"excerpt":{"rendered":"<p>\u2018S\u00fcper Mavi Ay\u2019, \u00c7anakkale Sava\u015flar\u0131\u2019n\u0131n ya\u015fand\u0131\u011f\u0131 Tarihi Gelibolu Yar\u0131madas\u0131\u2019ndaki \u015eehitler Abidesiyle birlikte g\u00f6rsel \u015f\u00f6len olu\u015fturdu. Ay&#8217;\u0131n d\u00fcnyaya en yak\u0131n noktada<\/p>\n","protected":false},"author":3,"featured_media":14581,"comment_status":"open","ping_status":"open","sticky":false,"template":"","format":"standard","meta":{"colormag_page_container_layout":"default_layout","colormag_page_sidebar_layout":"default_layout","footnotes":""},"categories":[1,5],"tags":[],"class_list":["post-14579","post","type-post","status-publish","format-standard","has-post-thumbnail","hentry","category-genel","category-gundem"],"_links":{"self":[{"href":"https:\/\/marmarayerelhizmet.com\/index.php\/wp-json\/wp\/v2\/posts\/14579","targetHints":{"allow":["GET"]}}],"collection":[{"href":"https:\/\/marmarayerelhizmet.com\/index.php\/wp-json\/wp\/v2\/posts"}],"about":[{"href":"https:\/\/marmarayerelhizmet.com\/index.php\/wp-json\/wp\/v2\/types\/post"}],"author":[{"embeddable":true,"href":"https:\/\/marmarayerelhizmet.com\/index.php\/wp-json\/wp\/v2\/users\/3"}],"replies":[{"embeddable":true,"href":"https:\/\/marmarayerelhizmet.com\/index.php\/wp-json\/wp\/v2\/comments?post=14579"}],"version-history":[{"count":0,"href":"https:\/\/marmarayerelhizmet.com\/index.php\/wp-json\/wp\/v2\/posts\/14579\/revisions"}],"wp:featuredmedia":[{"embeddable":true,"href":"https:\/\/marmarayerelhizmet.com\/index.php\/wp-json\/wp\/v2\/media\/14581"}],"wp:attachment":[{"href":"https:\/\/marmarayerelhizmet.com\/index.php\/wp-json\/wp\/v2\/media?parent=14579"}],"wp:term":[{"taxonomy":"category","embeddable":true,"href":"https:\/\/marmarayerelhizmet.com\/index.php\/wp-json\/wp\/v2\/categories?post=14579"},{"taxonomy":"post_tag","embeddable":true,"href":"https:\/\/marmarayerelhizmet.com\/index.php\/wp-json\/wp\/v2\/tags?post=14579"}],"curies":[{"name":"wp","href":"https:\/\/api.w.org\/{rel}","templated":true}]}}