{"id":14575,"date":"2023-08-31T01:17:08","date_gmt":"2023-08-30T22:17:08","guid":{"rendered":"https:\/\/marmarayerelhizmet.com\/?p=14575"},"modified":"2023-08-31T01:17:08","modified_gmt":"2023-08-30T22:17:08","slug":"baris-ve-sevgi-bulusmalari-basladi","status":"publish","type":"post","link":"https:\/\/marmarayerelhizmet.com\/index.php\/2023\/08\/31\/baris-ve-sevgi-bulusmalari-basladi\/","title":{"rendered":"Bar\u0131\u015f ve Sevgi Bulu\u015fmalar\u0131 Ba\u015flad\u0131"},"content":{"rendered":"<p><strong><span style=\"font-family: arial, helvetica, sans-serif; font-size: 14px;\">Beylikd\u00fcz\u00fc\u2019nde b<\/span><\/strong><strong><span style=\"font-family: arial, helvetica, sans-serif; font-size: 14px;\">u y\u0131l 10.&#8217;su d\u00fczenlenen Bar\u0131\u015f ve Sevgi Bulu\u015fmalar\u0131, 30 A\u011fustos Zafer Bayram\u0131\u2019n\u0131n 101. y\u0131l d\u00f6n\u00fcm\u00fcnde Zafer Y\u00fcr\u00fcy\u00fc\u015f\u00fc ile ba\u015flad\u0131. Y\u00fcr\u00fcy\u00fc\u015f sonras\u0131 vatanda\u015flar sanat\u00e7\u0131 Buray konseri ile doyas\u0131ya e\u011flendi.<br \/>\n<\/span><\/strong><br \/>\n<span style=\"font-family: arial, helvetica, sans-serif; font-size: 14px;\">Beylikd\u00fcz\u00fc Belediyesi taraf\u0131ndan bu y\u0131l 10.&#8217;su d\u00fczenlenen Bar\u0131\u015f ve Sevgi Bulu\u015fmalar\u0131, 30 A\u011fustos Zafer Bayram\u0131\u2019n\u0131n 101&#8217;inci y\u0131l d\u00f6n\u00fcm\u00fcnde kortej y\u00fcr\u00fcy\u00fc\u015f\u00fcyle ba\u015flad\u0131. Beylikd\u00fcz\u00fc Belediye Ba\u015fkan\u0131 Mehmet Murat \u00c7al\u0131k\u2019\u0131n kat\u0131l\u0131m\u0131yla Beylik Pazar\u0131 Alan\u0131\u2019ndan saat 19.00\u2019da ba\u015flayan y\u00fcr\u00fcy\u00fc\u015fte vatanda\u015flar caddeyi doldurarak me\u015faleler yakt\u0131. Bando tak\u0131m\u0131, akrobasi tak\u0131m\u0131 ve bir\u00e7ok grubun kat\u0131l\u0131m\u0131na sahne olan kortej Cumhuriyet Etkinlik Alan\u0131\u2019nda sona erdi. Co\u015fkulu anlara sahne olan kortejin ard\u0131ndan saat 21.00\u2019da ise sanat\u00e7\u0131 Buray konseri ger\u00e7ekle\u015fti. En g\u00fczel \u015fark\u0131lar\u0131n\u0131 Beylikd\u00fcz\u00fc\u2019nde ya\u015fayan vatanda\u015flar i\u00e7in s\u00f6yleyen Buray\u2019a Ba\u015fkan \u00c7al\u0131k taraf\u0131ndan \u00e7i\u00e7ek ve plaket takdim edildi.<\/span><br \/>\n<span style=\"font-family: arial, helvetica, sans-serif; font-size: 14px;\">Etkinlikte konu\u015fan Beylikd\u00fcz\u00fc Belediye Ba\u015fkan\u0131 Mehmet Murat \u00c7al\u0131k, &#8220;Biz, Bar\u0131\u015f ve Sevgi Bulu\u015fmalar\u0131n\u0131 30 A\u011fustos g\u00fcn\u00fc ba\u015flat\u0131yoruz. Zafer Bayram\u0131&#8217;n\u0131n oldu\u011fu g\u00fcn. Bu y\u0131l da 101.&#8217;sini kutlayaca\u011f\u0131z. Beylikd\u00fcz\u00fc\u2019nde 30 A\u011fustoslar \u00e7ok co\u015fku ile enerjisi \u00e7ok y\u00fcksek bir \u015fekilde kutlan\u0131yor. Tabi bizim i\u00e7in bu vatan\u0131n ba\u011f\u0131ms\u0131zl\u0131\u011f\u0131 asla vazge\u00e7meyece\u011fimiz \u015feylerdir. \u00d6zg\u00fcrl\u00fcklerimizden asla vazge\u00e7meyiz. Atat\u00fcrk\u2019ten asla vazge\u00e7meyiz. Bu \u00fclkenin kurucu de\u011ferlerinden asla vazge\u00e7meyiz. Biz yakla\u015f\u0131k 10 y\u0131ld\u0131r Bar\u0131\u015f ve Sevgi Bulu\u015fmalar\u0131 yap\u0131yoruz. Bar\u0131\u015f\u0131n ve sevgi ikliminin hakim olmas\u0131 i\u00e7in elimizden gelen \u00e7abay\u0131 g\u00f6steriyoruz. Bir\u00e7ok sanat\u00e7\u0131y\u0131 burada a\u011f\u0131rlayaca\u011f\u0131z. Bir\u00e7ok bilim insan\u0131n\u0131 \u00e7ardak alt\u0131 sohbetlerinde bir araya getirece\u011fiz. Sahaflar \u00e7ar\u015f\u0131m\u0131z var. 30 A\u011fustos haftas\u0131n\u0131 dolu dolu getirece\u011fiz. Sivas Kongresi&#8217;ni de kapsayan bir diliminde bu etkinli\u011fimizi yap\u0131yoruz. Bu kortejle Bar\u0131\u015f ve Sevgi Bulu\u015fmalar\u0131na ba\u015fl\u0131yoruz. Bug\u00fcn de \u00e7ok g\u00fczel bir konser ile cumhuriyetimizin 100. y\u0131l\u0131na, 30 A\u011fustos\u2019un da 101. y\u0131l\u0131na yak\u0131\u015f\u0131r bir etkinlikle bulu\u015faca\u011f\u0131z. As\u0131l te\u015fekk\u00fcr etmek istedi\u011fim ki\u015filer Beylikd\u00fcz\u00fc\u2019nde ya\u015fayan, Beylikd\u00fcz\u00fc\u2019n\u00fcn g\u00fczel b\u00fcy\u00fck ailesidir\u201d dedi.<\/span><\/p>\n","protected":false},"excerpt":{"rendered":"<p>Beylikd\u00fcz\u00fc\u2019nde bu y\u0131l 10.&#8217;su d\u00fczenlenen Bar\u0131\u015f ve Sevgi Bulu\u015fmalar\u0131, 30 A\u011fustos Zafer Bayram\u0131\u2019n\u0131n 101. y\u0131l d\u00f6n\u00fcm\u00fcnde Zafer Y\u00fcr\u00fcy\u00fc\u015f\u00fc ile ba\u015flad\u0131.<\/p>\n","protected":false},"author":3,"featured_media":14577,"comment_status":"open","ping_status":"open","sticky":false,"template":"","format":"standard","meta":{"colormag_page_container_layout":"default_layout","colormag_page_sidebar_layout":"default_layout","footnotes":""},"categories":[1,5,8],"tags":[],"class_list":["post-14575","post","type-post","status-publish","format-standard","has-post-thumbnail","hentry","category-genel","category-gundem","category-siyaset"],"_links":{"self":[{"href":"https:\/\/marmarayerelhizmet.com\/index.php\/wp-json\/wp\/v2\/posts\/14575","targetHints":{"allow":["GET"]}}],"collection":[{"href":"https:\/\/marmarayerelhizmet.com\/index.php\/wp-json\/wp\/v2\/posts"}],"about":[{"href":"https:\/\/marmarayerelhizmet.com\/index.php\/wp-json\/wp\/v2\/types\/post"}],"author":[{"embeddable":true,"href":"https:\/\/marmarayerelhizmet.com\/index.php\/wp-json\/wp\/v2\/users\/3"}],"replies":[{"embeddable":true,"href":"https:\/\/marmarayerelhizmet.com\/index.php\/wp-json\/wp\/v2\/comments?post=14575"}],"version-history":[{"count":0,"href":"https:\/\/marmarayerelhizmet.com\/index.php\/wp-json\/wp\/v2\/posts\/14575\/revisions"}],"wp:featuredmedia":[{"embeddable":true,"href":"https:\/\/marmarayerelhizmet.com\/index.php\/wp-json\/wp\/v2\/media\/14577"}],"wp:attachment":[{"href":"https:\/\/marmarayerelhizmet.com\/index.php\/wp-json\/wp\/v2\/media?parent=14575"}],"wp:term":[{"taxonomy":"category","embeddable":true,"href":"https:\/\/marmarayerelhizmet.com\/index.php\/wp-json\/wp\/v2\/categories?post=14575"},{"taxonomy":"post_tag","embeddable":true,"href":"https:\/\/marmarayerelhizmet.com\/index.php\/wp-json\/wp\/v2\/tags?post=14575"}],"curies":[{"name":"wp","href":"https:\/\/api.w.org\/{rel}","templated":true}]}}