{"id":14571,"date":"2023-08-31T01:14:43","date_gmt":"2023-08-30T22:14:43","guid":{"rendered":"https:\/\/marmarayerelhizmet.com\/?p=14571"},"modified":"2023-08-31T01:14:43","modified_gmt":"2023-08-30T22:14:43","slug":"turk-bayraklariyla-donatildi","status":"publish","type":"post","link":"https:\/\/marmarayerelhizmet.com\/index.php\/2023\/08\/31\/turk-bayraklariyla-donatildi\/","title":{"rendered":"T\u00fcrk bayraklar\u0131yla Donat\u0131ld\u0131"},"content":{"rendered":"<p><strong><span style=\"font-family: arial, helvetica, sans-serif; font-size: 14px;\">Beyo\u011flu \u0130stiklal Caddesi Zafer Bayram\u0131 kutlamalar\u0131 sebebiyle T\u00fcrk bayraklar\u0131 ile donat\u0131ld\u0131.<br \/>\n<\/span><\/strong><br \/>\n<span style=\"font-family: arial, helvetica, sans-serif; font-size: 14px;\">Beyo\u011flu \u0130stiklal Caddesi, Zafer Bayram\u0131&#8217;n\u0131n 101. y\u0131ld\u00f6n\u00fcm\u00fc kutlamalar\u0131 kapsam\u0131nda T\u00fcrk bayraklar\u0131 ile donat\u0131ld\u0131. Beyo\u011flu Belediyesi ekipleri taraf\u0131ndan caddeye platformlar \u00fczerinde T\u00fcrk bayraklar\u0131 yerle\u015ftirildi. Yakla\u015f\u0131k 2 metrelik aral\u0131klarla caddeye konumland\u0131r\u0131lan bayraklar, \u00e7evredekilerin de ilgisini \u00e7ekti. Caddeyi gezmek i\u00e7in gelenler, bayraklar\u0131n \u00f6n\u00fcnde foto\u011fraf \u00e7ektirmeyi ihmal etmedi.<br \/>\n<\/span><br \/>\n<strong><span style=\"font-family: arial, helvetica, sans-serif; font-size: 14px;\">\u201cMilletimizi bu bayraklar aras\u0131nda foto\u011fraf \u00e7ektirmeye davet ediyorum\u201d<\/span><\/strong><br \/>\n<span style=\"font-family: arial, helvetica, sans-serif; font-size: 14px;\">Beyo\u011flu Belediye Ba\u015fkan\u0131 Haydar Ali Y\u0131ld\u0131z, 30 A\u011fustos Zafer Bayram\u0131\u2019nda vatanda\u015flar\u0131 \u0130stiklal Caddesi\u2019ne davet ederek, \u201c30 A\u011fustos Zafer Bayram\u0131\u2019nda heyecanl\u0131y\u0131z, huzurluyuz ve onurluyuz. Bize bu zaferi arma\u011fan eden t\u00fcm \u015fehitlerimizi rahmet ve minnetle an\u0131yoruz. Ba\u015fta Gazi Mustafa Kemal Atat\u00fcrk olmak \u00fczere vatanlar\u0131, bayraklar\u0131 u\u011fruna canlar\u0131n\u0131 feda eden \u015fehitlerimizin ruhlar\u0131 \u015fad olsun. 30 A\u011fustos zaferi bizim, \u00c7anakkale bizim, Malazgirt bizim, Sakarya bizim, Anafartalar bizim. Hepimiz bu topraklar\u0131n \u00e7ocuklar\u0131 olarak zaferlerimize sahip \u00e7\u0131k\u0131yoruz. Kurtulu\u015f Sava\u015f\u0131 istiklalimiz i\u00e7in verildi. Milli m\u00fccadele ruhu, istiklal ruhu ve bizzat Kurtulu\u015f Sava\u015f\u0131\u2019n\u0131n simgesi olan \u0130stiklal Caddesi\u2019ni bug\u00fcn 30 A\u011fustos Zafer Bayram\u0131\u2019nda T\u00fcrk bayra\u011f\u0131yla s\u00fcsledik. Her bayramda bunu yap\u0131yoruz ve b\u00fct\u00fcn \u0130stanbul\u2019u, T\u00fcrkiye\u2019yi, milletimizi, Beyo\u011flu\u2019muzu bu bayraklar aras\u0131nda foto\u011fraf \u00e7ektirmeye davet ediyorum. 15 Temmuz, \u00c7anakkale ruhu, Milli m\u00fccadele ruhu bu topraklarda canl\u0131. Bunu bizzat hissedece\u011fimiz yer de Beyo\u011flu \u0130stiklal Caddesi. Herkesi \u0130stiklal Caddesi, Beyo\u011flu\u2019na davet ediyorum\u201d dedi.<\/span><\/p>\n","protected":false},"excerpt":{"rendered":"<p>Beyo\u011flu \u0130stiklal Caddesi Zafer Bayram\u0131 kutlamalar\u0131 sebebiyle T\u00fcrk bayraklar\u0131 ile donat\u0131ld\u0131. Beyo\u011flu \u0130stiklal Caddesi, Zafer Bayram\u0131&#8217;n\u0131n 101. y\u0131ld\u00f6n\u00fcm\u00fc kutlamalar\u0131 kapsam\u0131nda<\/p>\n","protected":false},"author":3,"featured_media":14573,"comment_status":"open","ping_status":"open","sticky":false,"template":"","format":"standard","meta":{"colormag_page_container_layout":"default_layout","colormag_page_sidebar_layout":"default_layout","footnotes":""},"categories":[1,5],"tags":[],"class_list":["post-14571","post","type-post","status-publish","format-standard","has-post-thumbnail","hentry","category-genel","category-gundem"],"_links":{"self":[{"href":"https:\/\/marmarayerelhizmet.com\/index.php\/wp-json\/wp\/v2\/posts\/14571","targetHints":{"allow":["GET"]}}],"collection":[{"href":"https:\/\/marmarayerelhizmet.com\/index.php\/wp-json\/wp\/v2\/posts"}],"about":[{"href":"https:\/\/marmarayerelhizmet.com\/index.php\/wp-json\/wp\/v2\/types\/post"}],"author":[{"embeddable":true,"href":"https:\/\/marmarayerelhizmet.com\/index.php\/wp-json\/wp\/v2\/users\/3"}],"replies":[{"embeddable":true,"href":"https:\/\/marmarayerelhizmet.com\/index.php\/wp-json\/wp\/v2\/comments?post=14571"}],"version-history":[{"count":0,"href":"https:\/\/marmarayerelhizmet.com\/index.php\/wp-json\/wp\/v2\/posts\/14571\/revisions"}],"wp:featuredmedia":[{"embeddable":true,"href":"https:\/\/marmarayerelhizmet.com\/index.php\/wp-json\/wp\/v2\/media\/14573"}],"wp:attachment":[{"href":"https:\/\/marmarayerelhizmet.com\/index.php\/wp-json\/wp\/v2\/media?parent=14571"}],"wp:term":[{"taxonomy":"category","embeddable":true,"href":"https:\/\/marmarayerelhizmet.com\/index.php\/wp-json\/wp\/v2\/categories?post=14571"},{"taxonomy":"post_tag","embeddable":true,"href":"https:\/\/marmarayerelhizmet.com\/index.php\/wp-json\/wp\/v2\/tags?post=14571"}],"curies":[{"name":"wp","href":"https:\/\/api.w.org\/{rel}","templated":true}]}}