{"id":14554,"date":"2023-08-30T14:50:26","date_gmt":"2023-08-30T11:50:26","guid":{"rendered":"https:\/\/marmarayerelhizmet.com\/?p=14554"},"modified":"2023-08-30T14:50:26","modified_gmt":"2023-08-30T11:50:26","slug":"rafet-el-roman-genclik-festivalinde","status":"publish","type":"post","link":"https:\/\/marmarayerelhizmet.com\/index.php\/2023\/08\/30\/rafet-el-roman-genclik-festivalinde\/","title":{"rendered":"Rafet El Roman Gen\u00e7lik Festivali&#8217;nde"},"content":{"rendered":"<p><strong><span style=\"font-family: arial, helvetica, sans-serif; font-size: 14px;\">Esenyurt\u2019ta d\u00fczenlenen Gen\u00e7lik Festivali\u2019nde sanat\u00e7\u0131 Rafet El Roman, sevilen \u015fark\u0131lar\u0131n\u0131 Esenyurtlular i\u00e7in s\u00f6yledi.<br \/>\n<\/span><\/strong><br \/>\n<span style=\"font-family: arial, helvetica, sans-serif; font-size: 14px;\">Esenyurt Belediyesi taraf\u0131ndan d\u00fczenlenen Gen\u00e7lik Festivali, d\u00fcn ak\u015fam Cumhuriyet Meydan\u0131&#8217;nda Rafet El Roman konseri ile sona erdi. Konser \u00f6ncesi festivaldeki turnuvalarda derece yapan gen\u00e7ler madalya ve kupalar\u0131n\u0131 d\u00fczenlenen t\u00f6renle al\u0131rken, birincilere ise \u00f6d\u00fcllerini Esenyurt Belediye Ba\u015fkan\u0131 Kemal Deniz Bozkurt takdim etti. Konserde sahneye \u00e7\u0131kan Rafet El Roman, en sevilen \u015fark\u0131lar\u0131n\u0131 s\u00f6yledi. Konser s\u0131ras\u0131nda sahneye \u00e7\u0131kan Ba\u015fkan Bozkurt sanat\u00e7\u0131ya te\u015fekk\u00fcr ederek \u00e7i\u00e7ek takdim ederken, cep telefonu ile \u00f6z\u00e7ekim de yapt\u0131.<\/span><\/p>\n<p><strong><span style=\"font-family: arial, helvetica, sans-serif; font-size: 14px;\">\u201cBundan sonra in\u015fallah Esenyurt her \u015feyde oldu\u011fu gibi festivallerde de \u00f6rnek olacak\u201d<\/span><\/strong><br \/>\n<span style=\"font-family: arial, helvetica, sans-serif; font-size: 14px;\">Turnuvalarda birinci olan gen\u00e7lere ve g\u00f6rev yapan hakemlere \u00f6d\u00fcllerini veren Ba\u015fkan Bozkurt, \u201cEsenyurt, T\u00fcrkiye\u2019nin en gen\u00e7 n\u00fcfusuna sahip bir il\u00e7edir. Bu il\u00e7ede gen\u00e7lere \u00f6zel bir festivalin olmamas\u0131 \u00e7ok b\u00fcy\u00fck bir eksiklik olurdu. Art\u0131k bundan sonra in\u015fallah Esenyurt her \u015feyde oldu\u011fu gibi festivallerde de \u00f6rnek olacak. Her \u015feyden \u00f6nemlisi gen\u00e7lerine sahip \u00e7\u0131kacak. G\u00fcc\u00fcn\u00fc gen\u00e7lerinden alacak. Gen\u00e7leri ile beraber y\u00fccelecek ve bunu hep beraber ba\u015faraca\u011f\u0131z in\u015fallah. Yeter ki sizler ba\u015farma duygunuzu kaybetmeyin. Yeter ki disiplinli bir \u015fekilde \u00e7al\u0131\u015f\u0131n. Birlik ve beraberlik i\u00e7inde herkesin hak etti\u011fini almas\u0131 i\u00e7in beraber m\u00fccadele edece\u011fiz. Bu zafer haftas\u0131nda gen\u00e7lerle beraber bu festivali yapmak istedik. Zira zaferin alt\u0131ndaki en b\u00fcy\u00fck neden de birlik ve beraberli\u011fin bozulmamas\u0131yd\u0131. Bar\u0131\u015f, karde\u015flik, huzur, dayan\u0131\u015fma ve ele ele gelece\u011fe umutla ve g\u00fcvenle girece\u011fiz\u201d dedi.<\/span><\/p>\n<p><strong><span style=\"font-family: arial, helvetica, sans-serif; font-size: 14px;\">\u201cD\u00fcnyan\u0131n en g\u00fczel co\u011frafyas\u0131n\u0131n \u00e7ocuklar\u0131y\u0131z\u201d<\/span><\/strong><br \/>\n<span style=\"font-family: arial, helvetica, sans-serif; font-size: 14px;\">Konser s\u0131ras\u0131nda sahneye \u00e7\u0131karak konu\u015fan Bozkurt, 30 A\u011fustos Zafer Bayram\u0131\u2019n\u0131n \u00f6nemine de\u011finerek, \u201cBug\u00fcn B\u00fcy\u00fck Taaruz\u2019un arifesi. \u00dczerinden 101 y\u0131l ge\u00e7ti ama hala unutulmad\u0131. \u0130n\u015fallah bin y\u0131l da ge\u00e7se unutulmayacak. Zira \u00f6yle bir zafer ki Anadolu\u2019nun her bir k\u00f6\u015fesindeki insan\u0131n can\u0131n\u0131 ortaya koydu\u011fu \u00fclkesinin gelece\u011fi i\u00e7in. En ba\u015fta Gazi Mustafa Kemal Atat\u00fcrk\u2019\u00fcn \u00f6nderli\u011finde ve silah arkada\u015flar\u0131 bu \u00fclkeyi bize arma\u011fan ettiler. Bunun k\u0131ymetini bilmemiz laz\u0131m. Atalar\u0131m\u0131z nas\u0131l ki cephede omuz omuza sava\u015ft\u0131ysa, bizler de her birimizi e\u015fit yurtta\u015f olarak g\u00f6r\u00fcp kar\u015f\u0131m\u0131zdakini ba\u011fr\u0131m\u0131za bast\u0131\u011f\u0131m\u0131zda ancak bunu yapabiliriz. D\u00fcnyan\u0131n en g\u00fczel co\u011frafyas\u0131n\u0131n \u00e7ocuklar\u0131y\u0131z. Kadim dostluklarla birbirimize ba\u011fl\u0131y\u0131z. Ba\u015fta Gazi Mustafa Kemal Atat\u00fcrk ve silah arkada\u015flar\u0131 olmak \u00fczere bu \u00fclke i\u00e7in can\u0131n\u0131 ortaya koyan herkesi sayg\u0131 ve rahmetle an\u0131yorum. \u00d6mr\u00fcm\u00fcn sonuna kadar anmaya devam edece\u011fimi taahh\u00fct ediyorum\u201d ifadelerini kulland\u0131.<\/span><\/p>\n","protected":false},"excerpt":{"rendered":"<p>Esenyurt\u2019ta d\u00fczenlenen Gen\u00e7lik Festivali\u2019nde sanat\u00e7\u0131 Rafet El Roman, sevilen \u015fark\u0131lar\u0131n\u0131 Esenyurtlular i\u00e7in s\u00f6yledi. Esenyurt Belediyesi taraf\u0131ndan d\u00fczenlenen Gen\u00e7lik Festivali, d\u00fcn<\/p>\n","protected":false},"author":3,"featured_media":14556,"comment_status":"open","ping_status":"open","sticky":false,"template":"","format":"standard","meta":{"colormag_page_container_layout":"default_layout","colormag_page_sidebar_layout":"default_layout","footnotes":""},"categories":[1,5,6,8],"tags":[],"class_list":["post-14554","post","type-post","status-publish","format-standard","has-post-thumbnail","hentry","category-genel","category-gundem","category-kultur-sanat","category-siyaset"],"_links":{"self":[{"href":"https:\/\/marmarayerelhizmet.com\/index.php\/wp-json\/wp\/v2\/posts\/14554","targetHints":{"allow":["GET"]}}],"collection":[{"href":"https:\/\/marmarayerelhizmet.com\/index.php\/wp-json\/wp\/v2\/posts"}],"about":[{"href":"https:\/\/marmarayerelhizmet.com\/index.php\/wp-json\/wp\/v2\/types\/post"}],"author":[{"embeddable":true,"href":"https:\/\/marmarayerelhizmet.com\/index.php\/wp-json\/wp\/v2\/users\/3"}],"replies":[{"embeddable":true,"href":"https:\/\/marmarayerelhizmet.com\/index.php\/wp-json\/wp\/v2\/comments?post=14554"}],"version-history":[{"count":0,"href":"https:\/\/marmarayerelhizmet.com\/index.php\/wp-json\/wp\/v2\/posts\/14554\/revisions"}],"wp:featuredmedia":[{"embeddable":true,"href":"https:\/\/marmarayerelhizmet.com\/index.php\/wp-json\/wp\/v2\/media\/14556"}],"wp:attachment":[{"href":"https:\/\/marmarayerelhizmet.com\/index.php\/wp-json\/wp\/v2\/media?parent=14554"}],"wp:term":[{"taxonomy":"category","embeddable":true,"href":"https:\/\/marmarayerelhizmet.com\/index.php\/wp-json\/wp\/v2\/categories?post=14554"},{"taxonomy":"post_tag","embeddable":true,"href":"https:\/\/marmarayerelhizmet.com\/index.php\/wp-json\/wp\/v2\/tags?post=14554"}],"curies":[{"name":"wp","href":"https:\/\/api.w.org\/{rel}","templated":true}]}}