{"id":14550,"date":"2023-08-30T14:47:59","date_gmt":"2023-08-30T11:47:59","guid":{"rendered":"https:\/\/marmarayerelhizmet.com\/?p=14550"},"modified":"2023-08-30T14:47:59","modified_gmt":"2023-08-30T11:47:59","slug":"buyuk-zaferin-101-yili","status":"publish","type":"post","link":"https:\/\/marmarayerelhizmet.com\/index.php\/2023\/08\/30\/buyuk-zaferin-101-yili\/","title":{"rendered":"B\u00fcy\u00fck Zafer&#8217;in 101. Y\u0131l\u0131"},"content":{"rendered":"<p><strong><span style=\"font-family: arial, helvetica, sans-serif; font-size: 14px;\">Vatan topra\u011f\u0131n\u0131n d\u00fc\u015fman i\u015fgalinden kurtulu\u015funu ve ba\u011f\u0131ms\u0131zl\u0131\u011f\u0131 m\u00fcjdeleyen, \u015fanl\u0131 tarihimizin alt\u0131n sayfalar\u0131ndan biri olan 30 A\u011fustos Zafer Bayram\u0131n\u0131n 101&#8217;nci y\u0131l d\u00f6n\u00fcm\u00fc d\u00fczenlenen t\u00f6renlerle kutland\u0131.<\/span><\/strong><\/p>\n<p><span style=\"font-family: arial, helvetica, sans-serif; font-size: 14px;\">Kutlama programlar\u0131 ilk olarak Atat\u00fcrk i\u00e7in \u00e7elenk sunma t\u00f6reni ger\u00e7ekle\u015ftirildi. T\u00f6rende Vali \u0130smail Ustao\u011flu, Garnizon Komutan\u0131 ve 9&#8217;uncu Ana Jet \u00dcs Komutan\u0131 Hv. Plt. Tu\u011fg. Cihangir Kemal Y\u00fcz\u00e7elik ve B\u00fcy\u00fck\u015fehir Belediye Ba\u015fkan\u0131 Y\u00fccel Y\u0131lmaz Atat\u00fcrk heykeline \u00e7elenk sundular. \u00c7elenklerin sunulmas\u0131n\u0131n ard\u0131ndan d\u00fczenlenen t\u00f6ren, sayg\u0131 duru\u015fu ve \u0130stiklal Mar\u015f\u0131n\u0131n okunmas\u0131 ile sona erdi. \u00c7elenk Sunma T\u00f6reninin ard\u0131ndan Vali \u0130smail Ustao\u011flu beraberinde Garnizon Komutan\u0131 ve 9&#8217;uncu Ana Jet \u00dcs Komutan\u0131 Hv.Plt.Tu\u011fg. Cihangir Kemal Y\u00fcz\u00e7elik, B\u00fcy\u00fck\u015fehir Belediye Ba\u015fkan\u0131 Y\u00fccel Y\u0131lmaz ile birlikte Valilik Kuvayi Milliye Salonunda 30 A\u011fustos Zafer Bayram\u0131 tebriklerini kabul etti.<\/span><\/p>\n<p><strong><span style=\"font-family: arial, helvetica, sans-serif; font-size: 14px;\">B\u00fcy\u00fck co\u015fkuyla kutland\u0131<\/span><\/strong><br \/>\n<span style=\"font-family: arial, helvetica, sans-serif; font-size: 14px;\">Program, tebriklerin kabul\u00fcn\u00fcn ard\u0131ndan Kuvayi Milliye Meydan\u0131nda d\u00fczenlenen Kutlama T\u00f6reni ile devam etti. T\u00f6rende Vali \u0130smail Ustao\u011flu, Garnizon Komutan\u0131 ve 9&#8217;uncu Ana Jet \u00dcs Komutan\u0131 Hv.Plt.Tu\u011fg. Cihangir Kemal Y\u00fcz\u00e7elik ve B\u00fcy\u00fck\u015fehir Belediye Ba\u015fkan\u0131 Y\u00fccel Y\u0131lmaz ile vatanda\u015flar\u0131 selamlad\u0131. Sayg\u0131 duru\u015fu ve \u0130stiklal Mar\u015f\u0131&#8217;n\u0131n ard\u0131ndan Cumhurba\u015fkan\u0131 Recep Tayyip Erdo\u011fan&#8217;\u0131n g\u00fcn\u00fcn anlam ve \u00f6nemine ili\u015fkin mesaj\u0131 okundu. Daha sonra, Hava Savunma Binba\u015f\u0131 Mustafa Sa\u011flam, T\u00fcrk tarihinin en \u00f6nemli d\u00f6n\u00fcm noktalar\u0131ndan biri olan 30 A\u011fustos Zaferinin anlam ve \u00f6nemini belirten konu\u015fma yapt\u0131. Al bayraklar\u0131n co\u015fkuya ortak oldu\u011fu t\u00f6rende daha sonra Albay Cafer Tayyar Nuran O\u011fuz Anadolu Lisesi \u00f6\u011frencisi Ecem Karak\u0131l\u0131\u00e7; Bu Vatan Kimin? adl\u0131 \u015fiirini, Gen\u00e7lik Merkezi G\u00f6n\u00fcll\u00fc Genci Burak Salman ise Cumhuriyet isimli \u015fiirleriyle b\u00fcy\u00fck alk\u0131\u015f ald\u0131. T\u00f6ren Bal\u0131kesir Bak\u0131m, M\u00fchimmat Okulu ve E\u011fitim Merkezi B\u00f6lge Bandosu&#8217;nun ger\u00e7ekle\u015ftirdi\u011fi m\u00fczik dinltisi devam etti. Kat\u0131l\u0131mc\u0131lar\u0131n hep bir a\u011f\u0131zdan bayraklarla e\u015flik etti\u011fi ger\u00e7ekle\u015ftirildi.<\/span><\/p>\n<p><strong><span style=\"font-family: arial, helvetica, sans-serif; font-size: 14px;\">\u201cB\u00fcy\u00fck Zaferin 101&#8217;nci y\u0131l\u0131n\u0131 kutluyoruz\u201d<\/span><\/strong><br \/>\n<span style=\"font-family: arial, helvetica, sans-serif; font-size: 14px;\">30 A\u011fustos Zafer Bayram\u0131 kutlama t\u00f6reninde g\u00fcn\u00fcn anlam ve \u00f6nemine ili\u015fkin konu\u015fmay\u0131 yapan Hava Savunma Binba\u015f\u0131 Mustafa Sa\u011flam mazisi kahramanl\u0131kla dolu y\u00fcce T\u00fcrk Milleti&#8217;nin ve kahraman T\u00fcrk Ordusunun aziz vatan\u0131 i\u015fgal eden d\u00fc\u015fmanlara kar\u015f\u0131 t\u00fcm imkans\u0131zl\u0131klara ra\u011fmen Gazi Mustafa Kemal Atat\u00fcrk \u00f6nderli\u011finde kazand\u0131\u011f\u0131 30 A\u011fustos zaferinin 101&#8217;nci y\u0131ld\u00f6n\u00fcm\u00fcn\u00fc kutlaman\u0131n onurunu ve gururunu ya\u015fad\u0131\u011f\u0131n\u0131 dile getirdi. Albay S\u00fct konu\u015fmas\u0131nda \u015funlar\u0131 dile getirdi;<\/span><br \/>\n<span style=\"font-family: arial, helvetica, sans-serif; font-size: 14px;\">\u201cBug\u00fcn tarih sahnesinde var oldu\u011fu g\u00fcnden beri ba\u011f\u0131ms\u0131zl\u0131\u011f\u0131yla t\u00fcm d\u00fcnyaya \u00f6rnek olmu\u015f, mazisi kahramanl\u0131klarla dolu Y\u00fcce T\u00fcrk Milleti&#8217;nin ve Kahraman Ordumuzun kutsal vatan topraklar\u0131n\u0131 istila ederek milletimizi tarih sahnesinden silmeye kalk\u0131\u015fan d\u00fc\u015fmana kar\u015f\u0131 t\u00fcm imkans\u0131zl\u0131klara ra\u011fmen Gazi Mustafa Kemal Atat\u00fcrk \u00f6nderli\u011finde kazan\u0131lan b\u00fcy\u00fck zaferin 101&#8217;nci y\u0131ld\u00f6n\u00fcm\u00fcn\u00fc kutlaman\u0131n onuru ve gururunu ya\u015f\u0131yoruz.<\/span><br \/>\n<span style=\"font-family: arial, helvetica, sans-serif; font-size: 14px;\">T\u00f6ren resmi ge\u00e7it t\u00f6reni ile sona erdi.<\/span><\/p>\n","protected":false},"excerpt":{"rendered":"<p>Vatan topra\u011f\u0131n\u0131n d\u00fc\u015fman i\u015fgalinden kurtulu\u015funu ve ba\u011f\u0131ms\u0131zl\u0131\u011f\u0131 m\u00fcjdeleyen, \u015fanl\u0131 tarihimizin alt\u0131n sayfalar\u0131ndan biri olan 30 A\u011fustos Zafer Bayram\u0131n\u0131n 101&#8217;nci y\u0131l<\/p>\n","protected":false},"author":3,"featured_media":14552,"comment_status":"open","ping_status":"open","sticky":false,"template":"","format":"standard","meta":{"colormag_page_container_layout":"default_layout","colormag_page_sidebar_layout":"default_layout","footnotes":""},"categories":[1,5,8],"tags":[],"class_list":["post-14550","post","type-post","status-publish","format-standard","has-post-thumbnail","hentry","category-genel","category-gundem","category-siyaset"],"_links":{"self":[{"href":"https:\/\/marmarayerelhizmet.com\/index.php\/wp-json\/wp\/v2\/posts\/14550","targetHints":{"allow":["GET"]}}],"collection":[{"href":"https:\/\/marmarayerelhizmet.com\/index.php\/wp-json\/wp\/v2\/posts"}],"about":[{"href":"https:\/\/marmarayerelhizmet.com\/index.php\/wp-json\/wp\/v2\/types\/post"}],"author":[{"embeddable":true,"href":"https:\/\/marmarayerelhizmet.com\/index.php\/wp-json\/wp\/v2\/users\/3"}],"replies":[{"embeddable":true,"href":"https:\/\/marmarayerelhizmet.com\/index.php\/wp-json\/wp\/v2\/comments?post=14550"}],"version-history":[{"count":0,"href":"https:\/\/marmarayerelhizmet.com\/index.php\/wp-json\/wp\/v2\/posts\/14550\/revisions"}],"wp:featuredmedia":[{"embeddable":true,"href":"https:\/\/marmarayerelhizmet.com\/index.php\/wp-json\/wp\/v2\/media\/14552"}],"wp:attachment":[{"href":"https:\/\/marmarayerelhizmet.com\/index.php\/wp-json\/wp\/v2\/media?parent=14550"}],"wp:term":[{"taxonomy":"category","embeddable":true,"href":"https:\/\/marmarayerelhizmet.com\/index.php\/wp-json\/wp\/v2\/categories?post=14550"},{"taxonomy":"post_tag","embeddable":true,"href":"https:\/\/marmarayerelhizmet.com\/index.php\/wp-json\/wp\/v2\/tags?post=14550"}],"curies":[{"name":"wp","href":"https:\/\/api.w.org\/{rel}","templated":true}]}}