{"id":14546,"date":"2023-08-30T14:47:06","date_gmt":"2023-08-30T11:47:06","guid":{"rendered":"https:\/\/marmarayerelhizmet.com\/?p=14546"},"modified":"2023-08-30T14:47:06","modified_gmt":"2023-08-30T11:47:06","slug":"beykozlu-ciftciye-fide-destegi","status":"publish","type":"post","link":"https:\/\/marmarayerelhizmet.com\/index.php\/2023\/08\/30\/beykozlu-ciftciye-fide-destegi\/","title":{"rendered":"Beykozlu \u00c7ift\u00e7iye Fide Deste\u011fi"},"content":{"rendered":"<p><strong><span style=\"font-family: arial, helvetica, sans-serif; font-size: 14px;\">Beykoz\u2019da tar\u0131ma can suyu olan \u201c1 Milyon \u00dccretsiz Fide Deste\u011fi\u201d \u00e7er\u00e7evesinde \u00fcretilen fidelerin da\u011f\u0131t\u0131m\u0131 ba\u015flad\u0131.<\/span><\/strong><\/p>\n<p><span style=\"font-family: arial, helvetica, sans-serif; font-size: 14px;\">\u0130l\u00e7ede kent tar\u0131m\u0131n\u0131 kalk\u0131nd\u0131rmak, ekonomiyi canland\u0131rmak ve \u00e7ift\u00e7inin tarladaki \u00fcretim maliyetini azaltmak amac\u0131yla haz\u0131rlanan fideler, Beykoz K\u00f6y Pazar\u0131\u2019nda d\u00fczenlenen programla da\u011f\u0131t\u0131lmaya ba\u015flad\u0131.<\/span><br \/>\n<span style=\"font-family: arial, helvetica, sans-serif; font-size: 14px;\">K\u0131\u015f sezonu fide deste\u011finden, Tar\u0131m ve Orman Bakanl\u0131\u011f\u0131\u2019n\u0131n \u00c7ift\u00e7i Kay\u0131t Sistemi (\u00c7KS)\u2019de kayd\u0131 bulunan \u00e7ift\u00e7iler, Ziraat Odas\u0131\u2019nda kayd\u0131 bulunan \u00e7ift\u00e7iler ve il\u00e7ede \u00f6rt\u00fc alt\u0131 tar\u0131m yapan t\u00fcm \u00e7ift\u00e7iler yararlanacak. Beykoz K\u00f6y Pazar\u0131\u2019nda d\u00fczenlenen programla ba\u015flayan fide da\u011f\u0131t\u0131m\u0131 belirlenen s\u0131rayla mahalle ve k\u00f6ylerde devam edecek. Beykoz\u2019da kent tar\u0131m\u0131 alan\u0131nda modern yat\u0131r\u0131mlara imza atan Beykoz Belediyesi\u2019nin kendi seras\u0131nda yeti\u015ftirdi\u011fi fidelerle, k\u0131\u015f mevsimi itibariyle 7 kalem \u00fcr\u00fcnle verdi\u011fi \u201c1 Milyon \u00dccretsiz Fide Deste\u011fi\u201d \u00e7ift\u00e7inin y\u00fcz\u00fcn\u00fc g\u00fcld\u00fcr\u00fcyor.<\/span><\/p>\n<p><strong><span style=\"font-family: arial, helvetica, sans-serif; font-size: 14px;\">\u201c4.5 y\u0131ld\u0131r kol kola bir y\u00fcr\u00fcy\u00fc\u015f\u00fcn i\u00e7indeyiz\u201d<\/span><\/strong><br \/>\n<span style=\"font-family: arial, helvetica, sans-serif; font-size: 14px;\">D\u00fczenlenen programda konu\u015fan Beykoz Belediye Ba\u015fkan\u0131 Murat Ayd\u0131n, \u201cBeykoz&#8217;da kent tar\u0131m\u0131n\u0131 geli\u015ftirmek i\u00e7in Beykozlu hem\u015fehrilerimizle beraber kol kola girdik ve d\u00f6rt y\u0131ld\u0131r bir y\u00fcr\u00fcy\u00fc\u015f\u00fcn i\u00e7erisindeyiz. Bu y\u00fcr\u00fcy\u00fc\u015f bizi nereye getirdi \u015funu ifade edeyim, 130 tane ziraat odas\u0131na kay\u0131tl\u0131 \u00e7ift\u00e7imiz varken \u015fu an 600 tane ziraat odas\u0131na kay\u0131tl\u0131 \u00e7ift\u00e7imiz var. Beykoz&#8217;da yakla\u015f\u0131k 9.5 kilometrekarelik alan ekilip, dikilirken, \u015fimdi bu yakla\u015f\u0131k 12 kilometre kareye \u00e7\u0131kt\u0131. Daha y\u00fcr\u00fcyece\u011fimiz, kat edece\u011fimiz \u00e7ok mesafe var. Al\u0131m garantili \u00fcretimler yapt\u0131r\u0131yoruz. \u015eu an i\u00e7erisinde bulundu\u011fumuz k\u00f6y pazar\u0131m\u0131z ve benzeri yerlerde sat\u0131\u015f\u0131 kolayla\u015ft\u0131r\u0131yoruz. Onun \u00f6tesinde fideyle ilgili herhangi bir harcama yapt\u0131rm\u0131yoruz hem\u015fehrilerimize. A\u011f\u0131rl\u0131kla biz fideleri kendimiz belediye olarak tohumdan \u00fcretip \u00e7ift\u00e7ilerimize bunu veriyoruz. B\u00f6ylelikle kent tar\u0131m\u0131n\u0131n geli\u015fmesine katk\u0131 vermi\u015f oluyoruz. \u00d6zetle \u015funu s\u00f6yleyeyim Beykoz&#8217;da yakla\u015f\u0131k 31 kilometre karelik tar\u0131msal alan var. Bunun hen\u00fcz daha 12 kilometrekarelik k\u0131sm\u0131nda tar\u0131m yap\u0131labiliyor. Hedefimiz tamam\u0131na yak\u0131n, en az\u0131ndan bunun 25 kilometrekarelik k\u0131sm\u0131nda kent tar\u0131m\u0131n\u0131 ger\u00e7ekle\u015ftirmek\u201d diye konu\u015ftu.<\/span><\/p>\n","protected":false},"excerpt":{"rendered":"<p>Beykoz\u2019da tar\u0131ma can suyu olan \u201c1 Milyon \u00dccretsiz Fide Deste\u011fi\u201d \u00e7er\u00e7evesinde \u00fcretilen fidelerin da\u011f\u0131t\u0131m\u0131 ba\u015flad\u0131. \u0130l\u00e7ede kent tar\u0131m\u0131n\u0131 kalk\u0131nd\u0131rmak, ekonomiyi<\/p>\n","protected":false},"author":3,"featured_media":14548,"comment_status":"open","ping_status":"open","sticky":false,"template":"","format":"standard","meta":{"colormag_page_container_layout":"default_layout","colormag_page_sidebar_layout":"default_layout","footnotes":""},"categories":[1,5],"tags":[],"class_list":["post-14546","post","type-post","status-publish","format-standard","has-post-thumbnail","hentry","category-genel","category-gundem"],"_links":{"self":[{"href":"https:\/\/marmarayerelhizmet.com\/index.php\/wp-json\/wp\/v2\/posts\/14546","targetHints":{"allow":["GET"]}}],"collection":[{"href":"https:\/\/marmarayerelhizmet.com\/index.php\/wp-json\/wp\/v2\/posts"}],"about":[{"href":"https:\/\/marmarayerelhizmet.com\/index.php\/wp-json\/wp\/v2\/types\/post"}],"author":[{"embeddable":true,"href":"https:\/\/marmarayerelhizmet.com\/index.php\/wp-json\/wp\/v2\/users\/3"}],"replies":[{"embeddable":true,"href":"https:\/\/marmarayerelhizmet.com\/index.php\/wp-json\/wp\/v2\/comments?post=14546"}],"version-history":[{"count":0,"href":"https:\/\/marmarayerelhizmet.com\/index.php\/wp-json\/wp\/v2\/posts\/14546\/revisions"}],"wp:featuredmedia":[{"embeddable":true,"href":"https:\/\/marmarayerelhizmet.com\/index.php\/wp-json\/wp\/v2\/media\/14548"}],"wp:attachment":[{"href":"https:\/\/marmarayerelhizmet.com\/index.php\/wp-json\/wp\/v2\/media?parent=14546"}],"wp:term":[{"taxonomy":"category","embeddable":true,"href":"https:\/\/marmarayerelhizmet.com\/index.php\/wp-json\/wp\/v2\/categories?post=14546"},{"taxonomy":"post_tag","embeddable":true,"href":"https:\/\/marmarayerelhizmet.com\/index.php\/wp-json\/wp\/v2\/tags?post=14546"}],"curies":[{"name":"wp","href":"https:\/\/api.w.org\/{rel}","templated":true}]}}