{"id":14542,"date":"2023-08-30T14:44:20","date_gmt":"2023-08-30T11:44:20","guid":{"rendered":"https:\/\/marmarayerelhizmet.com\/?p=14542"},"modified":"2023-08-30T14:44:20","modified_gmt":"2023-08-30T11:44:20","slug":"korfez-atik-sulardan-arinacak","status":"publish","type":"post","link":"https:\/\/marmarayerelhizmet.com\/index.php\/2023\/08\/30\/korfez-atik-sulardan-arinacak\/","title":{"rendered":"K\u00f6rfez At\u0131k Sulardan Ar\u0131nacak"},"content":{"rendered":"<p><strong><span style=\"font-family: arial, helvetica, sans-serif; font-size: 14px;\">Bursa\u2019n\u0131n y\u00fczde 95\u2019ini kapsayacak \u015fekilde at\u0131k su ar\u0131t\u0131m\u0131 sa\u011flayan B\u00fcy\u00fck\u015fehir Belediyesi, \u00f6zellikle Gemlik K\u00f6rfezi\u2019ni kirlilikten ar\u0131nd\u0131racak bir yat\u0131r\u0131m\u0131n daha start\u0131n\u0131 verdi. Orhangazi il\u00e7esindeki g\u00fcnl\u00fck 17 bin metrek\u00fcp kapasiteli ar\u0131tma tesisinin kapasitesini 51 bin metrek\u00fcpe \u00e7\u0131kar\u0131lacak yat\u0131r\u0131m\u0131n temeli at\u0131l\u0131rken, \u00e7al\u0131\u015fma tamamland\u0131\u011f\u0131nda Karsak Deresi \u00fczerinden Gemlik K\u00f6rfezi\u2019ne ula\u015fan at\u0131k sular tamamen ar\u0131t\u0131lm\u0131\u015f olacak.<\/p>\n<p><\/span><\/strong><span style=\"font-family: arial, helvetica, sans-serif; font-size: 14px;\">B\u00fcy\u00fck\u015fehir Belediyesi\u2019nin yat\u0131r\u0131mlar\u0131yla sudaki kay\u0131p-ka\u00e7akta y\u00fczde 20 ile T\u00fcrkiye\u2019de lider olan Bursa, at\u0131ksu ar\u0131tma tesisi yat\u0131r\u0131mlar\u0131nda da zirveye oynuyor. B\u00fcy\u00fck\u015fehir Belediyesi, mevcut 16 adet at\u0131ksu ar\u0131tma tesisi, 51 adet paket at\u0131ksu ar\u0131tma tesisi, 63 adet do\u011fal at\u0131ksu ar\u0131tma tesisi, 108 adet terfi merkezi ve 1 adet \u00e7amur yakma tesisi ile birlikte Bursa\u2019n\u0131n y\u00fczde 95\u2019ini kapsayacak \u015fekilde at\u0131k su ar\u0131t\u0131m\u0131 sa\u011fl\u0131yor. Bir taraftan yeni ar\u0131tma tesislerini kente kazand\u0131ran B\u00fcy\u00fck\u015fehir Belediyesi, di\u011fer taraftan mevcut tesislerin kapasitesini art\u0131rma \u00e7al\u0131\u015fmalar\u0131na Orhangazi\u2019yi de ekledi. Orhangazi il\u00e7esinde ihtiyac\u0131 kar\u015f\u0131layamayan g\u00fcnl\u00fck 17 bin metrek\u00fcp kapasiteli tesisin kapasitesini 51 bin metrek\u00fcpe \u00e7\u0131kacak ilave tesisin temeli at\u0131l\u0131rken, yakla\u015f\u0131k 18 milyon Euro\u2019ya mal olacak yat\u0131r\u0131mla AB standartlar\u0131nda ileri biyolojik kentsel ar\u0131tma sonucunda ar\u0131t\u0131lm\u0131\u015f at\u0131k sular filtrasyon ve ultraviyole dezenfeksiyondan sonra Karsak Deresi\u2019ne verilecek.<br \/>\n<\/span><br \/>\n<strong><span style=\"font-family: arial, helvetica, sans-serif; font-size: 14px;\">Suyumuzu temiz tutmal\u0131y\u0131z<\/span><\/strong><br \/>\n<span style=\"font-family: arial, helvetica, sans-serif; font-size: 14px;\">Bursa B\u00fcy\u00fck\u015fehir Belediye Ba\u015fkan\u0131 Alinur Akta\u015f, t\u00f6rende yapt\u0131\u011f\u0131 konu\u015fmada, \u0130ller Bankas\u0131&#8217;ndan ald\u0131klar\u0131 g\u00fc\u00e7le, harika i\u015fler yapmaya devam ettiklerini, 17 il\u00e7ede dokunmad\u0131k yer b\u0131rakmad\u0131klar\u0131n\u0131 s\u00f6yledi. Y\u0131llard\u0131r tankerle su ta\u015f\u0131nan bir\u00e7ok k\u00f6y\u00fc kesintisiz i\u00e7me suyuna kavu\u015fturduklar\u0131n\u0131 dile getiren Ba\u015fkan Akta\u015f, \u201cBir park a\u00e7sak, derler ki: \u2018Belediye \u00e7al\u0131\u015f\u0131yor\u2019. Burada yapt\u0131\u011f\u0131m\u0131z i\u015fi t\u00f6rene kat\u0131lan sizler g\u00f6r\u00fcyorsunuz. Buraya 18 milyon Euro harcanacak. S\u00f6ylerken kolay s\u00f6yleniyor. 540 milyon TL civar\u0131nda bir paray\u0131 buraya harcayaca\u011f\u0131z. Harcamam\u0131z laz\u0131m \u00e7\u00fcnk\u00fc suyumuzu temiz tutmam\u0131z laz\u0131m. Derelerimizi temiz tutmam\u0131z laz\u0131m. Sa\u011fl\u0131\u011f\u0131m\u0131z\u0131n yerinde olmas\u0131 i\u00e7in altyap\u0131 \u00f6nemli. Ar\u0131tma sistemlerimizin d\u00fczg\u00fcn ve kapasitesinin y\u00fcksek olmas\u0131 laz\u0131m\u201d dedi.<br \/>\n<\/span><br \/>\n<strong><span style=\"font-family: arial, helvetica, sans-serif; font-size: 14px;\">30-40 y\u0131l sorun ya\u015fanmayacak<\/span><\/strong><br \/>\n<span style=\"font-family: arial, helvetica, sans-serif; font-size: 14px;\">Son 6 y\u0131lda Orhangazi altyap\u0131s\u0131na da \u00f6nemli yat\u0131r\u0131mlar yapt\u0131klar\u0131n\u0131 kaydeden Ba\u015fkan Akta\u015f, \u201c\u0130l\u00e7emizde 85 kilometre i\u00e7me suyu, ayr\u0131ca p\u0131nar kayna\u011f\u0131 ve isale hatt\u0131 olmak \u00fczere 112 kilometre i\u00e7me suyu \u00e7al\u0131\u015fmas\u0131 yapt\u0131k. 26 kilometre kanalizasyon, 14 kilometre ya\u011fmur suyu hatt\u0131 d\u00f6\u015fedik. Muhtemel sel ve su bask\u0131nlar\u0131na kar\u015f\u0131 1.200 metre dere temizli\u011fi yapt\u0131k. 8 adet i\u00e7me suyu deposu yaparak yaz aylar\u0131nda tankerle su ta\u015f\u0131nan pek \u00e7ok mahallede bu sorunu tamamen ortadan kald\u0131rd\u0131k. Ayr\u0131ca 4 adet do\u011fal at\u0131k su ar\u0131tma tesisi ve 6 adet paket at\u0131k su ar\u0131tma tesisini il\u00e7emize kazand\u0131rarak do\u011faya de\u015farj edilen t\u00fcm at\u0131k sular\u0131 ar\u0131tmadan ge\u00e7iriyoruz. Bug\u00fcn de at\u0131ksu ar\u0131tma tesisini 17 bin metrek\u00fcp kapasiteden 51.000 metrek\u00fcp kapasiteye \u00e7\u0131kar\u0131yoruz. \u00d6n\u00fcm\u00fczdeki en az 30-40 y\u0131l\u0131n ihtiyac\u0131n\u0131 kar\u015f\u0131layacak bir altyap\u0131y\u0131 olu\u015fturmu\u015f oluyoruz\u201d diye konu\u015ftu.<br \/>\n<\/span><br \/>\n<strong><span style=\"font-family: arial, helvetica, sans-serif; font-size: 14px;\">Gelece\u011fe yat\u0131r\u0131m<\/span><\/strong><br \/>\n<span style=\"font-family: arial, helvetica, sans-serif; font-size: 14px;\">T\u00f6rene kat\u0131lan Bursa Milletvekili Emel G\u00f6z\u00fckara Durmaz da teknolojik geli\u015fmelerin tehdidi alt\u0131ndaki do\u011fal ya\u015fam ve \u00e7evreyi koruyacak politikalar\u0131, \u00e7al\u0131\u015fmalar\u0131n\u0131n merkezine ald\u0131klar\u0131n\u0131 hat\u0131rlatt\u0131. \u00c7evre, su, g\u0131da gibi t\u00fcm imkan ve kaynaklar\u0131n sahibi de\u011fil emanet\u00e7isi olduklar\u0131n\u0131 kaydeden Durmaz, \u201c\u00c7evre kirlili\u011finin \u00f6nlenmesi amac\u0131yla belediyelerimiz ve bakanl\u0131klar\u0131m\u0131z\u0131n i\u015fbirli\u011fi ile \u00fclkemizin do\u011fal kaynaklar\u0131n\u0131 atalar\u0131m\u0131zdan devrald\u0131\u011f\u0131m\u0131z gibi koruyarak, g\u00f6zeterek ve b\u00fcy\u00fcterek bizden sonraki nesillere devredecek gerekli d\u00fczenlemeleri de hayata ge\u00e7iriyoruz. \u00c7evreye yap\u0131lan yat\u0131r\u0131m\u0131n gelece\u011fe yap\u0131lan yat\u0131r\u0131m oldu\u011fu bilinciyle topraklar\u0131m\u0131z ve su kaynaklar\u0131m\u0131z\u0131 gelecek nesillere daha temiz b\u0131rakmak i\u00e7in temelini att\u0131\u011f\u0131m\u0131z at\u0131k su ar\u0131tma tesislerin Bursa&#8217;m\u0131za hay\u0131rl\u0131 olmas\u0131n\u0131 diliyorum. Do\u011fal kaynaklar\u0131n korunmas\u0131 y\u00f6n\u00fcnde yapt\u0131klar\u0131 \u00e7al\u0131\u015fmalardan dolay\u0131 da ba\u015fta B\u00fcy\u00fck\u015fehir Belediye Ba\u015fkan\u0131m\u0131z olmak \u00fczere eme\u011fi ge\u00e7en herkese \u00e7ok te\u015fekk\u00fcr ediyorum\u201d dedi.<br \/>\n<\/span><br \/>\n<strong><span style=\"font-family: arial, helvetica, sans-serif; font-size: 14px;\">Cumhuriyet tarihinin en b\u00fcy\u00fc\u011f\u00fc<\/span><\/strong><br \/>\n<span style=\"font-family: arial, helvetica, sans-serif; font-size: 14px;\">Orhangazi Belediye Ba\u015fkan\u0131 Bekir Ayd\u0131n da Cumhuriyet tarihinde Orhangazi\u2019ye yap\u0131lan en b\u00fcy\u00fck yat\u0131r\u0131m\u0131n temelini att\u0131klar\u0131n\u0131 vurgulad\u0131. Zaman zaman g\u00fcndeme gelen Karsak Deresi\u2019nin denize ta\u015f\u0131d\u0131\u011f\u0131 kirlili\u011fin bu yat\u0131r\u0131mla son bulaca\u011f\u0131n\u0131 vurgulayan Ayd\u0131n, \u201c\u0130n\u015fallah bu ar\u0131tmam\u0131z sayesinde art\u0131k denizlerimiz de g\u00f6llerimiz de \u00e7ok daha temiz olacak. Ger\u00e7ekten son derece mutluyum. Bu t\u00fcr b\u00fcy\u00fck yat\u0131r\u0131mlar\u0131n bundan sonraki s\u00fcre\u00e7te de devam edece\u011fini biliyor, il\u00e7emize g\u00f6sterdi\u011fi yak\u0131n ilgi nedeniyle B\u00fcy\u00fck\u015fehir Belediye Ba\u015fkan\u0131m\u0131za te\u015fekk\u00fcr ediyorum\u201d dedi.<\/span><\/p>\n","protected":false},"excerpt":{"rendered":"<p>Bursa\u2019n\u0131n y\u00fczde 95\u2019ini kapsayacak \u015fekilde at\u0131k su ar\u0131t\u0131m\u0131 sa\u011flayan B\u00fcy\u00fck\u015fehir Belediyesi, \u00f6zellikle Gemlik K\u00f6rfezi\u2019ni kirlilikten ar\u0131nd\u0131racak bir yat\u0131r\u0131m\u0131n daha start\u0131n\u0131<\/p>\n","protected":false},"author":3,"featured_media":14544,"comment_status":"open","ping_status":"open","sticky":false,"template":"","format":"standard","meta":{"colormag_page_container_layout":"default_layout","colormag_page_sidebar_layout":"default_layout","footnotes":""},"categories":[1,5],"tags":[],"class_list":["post-14542","post","type-post","status-publish","format-standard","has-post-thumbnail","hentry","category-genel","category-gundem"],"_links":{"self":[{"href":"https:\/\/marmarayerelhizmet.com\/index.php\/wp-json\/wp\/v2\/posts\/14542","targetHints":{"allow":["GET"]}}],"collection":[{"href":"https:\/\/marmarayerelhizmet.com\/index.php\/wp-json\/wp\/v2\/posts"}],"about":[{"href":"https:\/\/marmarayerelhizmet.com\/index.php\/wp-json\/wp\/v2\/types\/post"}],"author":[{"embeddable":true,"href":"https:\/\/marmarayerelhizmet.com\/index.php\/wp-json\/wp\/v2\/users\/3"}],"replies":[{"embeddable":true,"href":"https:\/\/marmarayerelhizmet.com\/index.php\/wp-json\/wp\/v2\/comments?post=14542"}],"version-history":[{"count":0,"href":"https:\/\/marmarayerelhizmet.com\/index.php\/wp-json\/wp\/v2\/posts\/14542\/revisions"}],"wp:featuredmedia":[{"embeddable":true,"href":"https:\/\/marmarayerelhizmet.com\/index.php\/wp-json\/wp\/v2\/media\/14544"}],"wp:attachment":[{"href":"https:\/\/marmarayerelhizmet.com\/index.php\/wp-json\/wp\/v2\/media?parent=14542"}],"wp:term":[{"taxonomy":"category","embeddable":true,"href":"https:\/\/marmarayerelhizmet.com\/index.php\/wp-json\/wp\/v2\/categories?post=14542"},{"taxonomy":"post_tag","embeddable":true,"href":"https:\/\/marmarayerelhizmet.com\/index.php\/wp-json\/wp\/v2\/tags?post=14542"}],"curies":[{"name":"wp","href":"https:\/\/api.w.org\/{rel}","templated":true}]}}