{"id":14534,"date":"2023-08-30T14:41:18","date_gmt":"2023-08-30T11:41:18","guid":{"rendered":"https:\/\/marmarayerelhizmet.com\/?p=14534"},"modified":"2023-08-30T14:41:18","modified_gmt":"2023-08-30T11:41:18","slug":"cumhuriyet-anitina-celenk-birakildi","status":"publish","type":"post","link":"https:\/\/marmarayerelhizmet.com\/index.php\/2023\/08\/30\/cumhuriyet-anitina-celenk-birakildi\/","title":{"rendered":"Cumhuriyet An\u0131t\u0131\u2019na \u00c7elenk B\u0131rak\u0131ld\u0131"},"content":{"rendered":"<p><strong><span style=\"font-family: arial, helvetica, sans-serif; font-size: 14px;\">30 A\u011fustos Zafer Bayram\u0131\u2019n\u0131n 101\u2019inci y\u0131l d\u00f6n\u00fcm\u00fc kutlamalar\u0131 \u00e7er\u00e7evesinde \u0130stanbul Valili\u011fi, 1. Ordu Komutanl\u0131\u011f\u0131 ve \u0130stanbul B\u00fcy\u00fck\u015fehir Ba\u015fkanl\u0131\u011f\u0131 taraf\u0131ndan Taksim Meydan\u0131\u2019nda bulunan Cumhuriyet An\u0131t\u0131\u2019na \u00e7elenk b\u0131rak\u0131ld\u0131.<\/span><\/strong><\/p>\n<p><span style=\"font-family: arial, helvetica, sans-serif; font-size: 14px;\">Mustafa Kemal Atat\u00fcrk komutas\u0131ndaki T\u00fcrk ordusunun, 26 Temmuz 1922&#8217;de ba\u015flayan ve 30 A\u011fustos&#8217;ta b\u00fcy\u00fck bir zaferle sonu\u00e7lanan B\u00fcy\u00fck Taarruz ve Ba\u015fkomutanl\u0131k Meydan Muharebesi&#8217;nin 101\u2019inci y\u0131l d\u00f6n\u00fcm\u00fcnde \u0130stanbul Valili\u011fi, 1. Ordu Komutanl\u0131\u011f\u0131 ve \u0130stanbul B\u00fcy\u00fck\u015fehir Ba\u015fkanl\u0131\u011f\u0131 taraf\u0131ndan t\u00f6ren d\u00fczenlendi. T\u00f6rene \u0130stanbul Valisi Davut G\u00fcl, \u0130stanbul B\u00fcy\u00fck\u015fehir Belediye Ba\u015fkan\u0131 Ekrem \u0130mamo\u011flu, 1. Ordu Komutan\u0131 Orgeneral Ali Sivri ve pek \u00e7ok askeri personel kat\u0131ld\u0131. \u0130stanbul Valisi Davut G\u00fcl, \u0130stanbul B\u00fcy\u00fck\u015fehir Belediye Ba\u015fkan\u0131 Ekrem \u0130mamo\u011flu ve 1.Ordu Komutan\u0131 Orgeneral Ali Sivri Cumhuriyet An\u0131t\u0131\u2019na \u00e7elenk b\u0131rakt\u0131. T\u00f6ren, \u0130stiklal Mar\u015f\u0131\u2019n\u0131n okunmas\u0131 ve sayg\u0131 duru\u015funda bulunulmas\u0131yla sona erdi.<\/span><\/p>\n","protected":false},"excerpt":{"rendered":"<p>30 A\u011fustos Zafer Bayram\u0131\u2019n\u0131n 101\u2019inci y\u0131l d\u00f6n\u00fcm\u00fc kutlamalar\u0131 \u00e7er\u00e7evesinde \u0130stanbul Valili\u011fi, 1. Ordu Komutanl\u0131\u011f\u0131 ve \u0130stanbul B\u00fcy\u00fck\u015fehir Ba\u015fkanl\u0131\u011f\u0131 taraf\u0131ndan Taksim<\/p>\n","protected":false},"author":3,"featured_media":14536,"comment_status":"open","ping_status":"open","sticky":false,"template":"","format":"standard","meta":{"colormag_page_container_layout":"default_layout","colormag_page_sidebar_layout":"default_layout","footnotes":""},"categories":[1,5],"tags":[],"class_list":["post-14534","post","type-post","status-publish","format-standard","has-post-thumbnail","hentry","category-genel","category-gundem"],"_links":{"self":[{"href":"https:\/\/marmarayerelhizmet.com\/index.php\/wp-json\/wp\/v2\/posts\/14534","targetHints":{"allow":["GET"]}}],"collection":[{"href":"https:\/\/marmarayerelhizmet.com\/index.php\/wp-json\/wp\/v2\/posts"}],"about":[{"href":"https:\/\/marmarayerelhizmet.com\/index.php\/wp-json\/wp\/v2\/types\/post"}],"author":[{"embeddable":true,"href":"https:\/\/marmarayerelhizmet.com\/index.php\/wp-json\/wp\/v2\/users\/3"}],"replies":[{"embeddable":true,"href":"https:\/\/marmarayerelhizmet.com\/index.php\/wp-json\/wp\/v2\/comments?post=14534"}],"version-history":[{"count":0,"href":"https:\/\/marmarayerelhizmet.com\/index.php\/wp-json\/wp\/v2\/posts\/14534\/revisions"}],"wp:featuredmedia":[{"embeddable":true,"href":"https:\/\/marmarayerelhizmet.com\/index.php\/wp-json\/wp\/v2\/media\/14536"}],"wp:attachment":[{"href":"https:\/\/marmarayerelhizmet.com\/index.php\/wp-json\/wp\/v2\/media?parent=14534"}],"wp:term":[{"taxonomy":"category","embeddable":true,"href":"https:\/\/marmarayerelhizmet.com\/index.php\/wp-json\/wp\/v2\/categories?post=14534"},{"taxonomy":"post_tag","embeddable":true,"href":"https:\/\/marmarayerelhizmet.com\/index.php\/wp-json\/wp\/v2\/tags?post=14534"}],"curies":[{"name":"wp","href":"https:\/\/api.w.org\/{rel}","templated":true}]}}