{"id":14530,"date":"2023-08-30T00:13:40","date_gmt":"2023-08-29T21:13:40","guid":{"rendered":"https:\/\/marmarayerelhizmet.com\/?p=14530"},"modified":"2023-08-30T00:13:40","modified_gmt":"2023-08-29T21:13:40","slug":"galatasaray-2-molde-1","status":"publish","type":"post","link":"https:\/\/marmarayerelhizmet.com\/index.php\/2023\/08\/30\/galatasaray-2-molde-1\/","title":{"rendered":"Galatasaray: 2 &#8211; Molde: 1"},"content":{"rendered":"<p><span style=\"font-family: arial, helvetica, sans-serif; font-size: 14px;\"><strong>UEFA \u015eampiyonlar Ligi Play-Off turu r\u00f6van\u015f ma\u00e7\u0131nda Galatasaray, Norve\u00e7 ekibi Molde\u2019yi konuk etti. M\u00fccadeleyi 2-1\u2019lik skorla kazanan Galatasaray, UEFA \u015eampiyonlar Ligi gruplar\u0131na kald\u0131.<\/strong><\/span><\/p>\n<p><span style=\"font-family: arial, helvetica, sans-serif; font-size: 14px;\"><strong>Ma\u00e7tan dakikalar<br \/>\n<\/strong>5. dakikada Kerem Demirbay\u2019\u0131n sol taraftan kulland\u0131\u011f\u0131 serbest vuru\u015fta ceza sahas\u0131 i\u00e7inde Sivert Mannsverk\u2019in, Mauro Icardi\u2019yi \u00e7ekmesi sonucu hakem Szymon Marciniak direkt penalt\u0131 noktas\u0131n\u0131 g\u00f6sterdi.<\/span><br \/>\n<span style=\"font-family: arial, helvetica, sans-serif; font-size: 14px;\">7. dakikada penalt\u0131 at\u0131\u015f\u0131nda topun ba\u015f\u0131na ge\u00e7en Mauro Icardi, sa\u011f alt k\u00f6\u015feye yerden vuru\u015funda topu ve kaleci Jacob Karlstrom\u2019u ayr\u0131 k\u00f6\u015feler g\u00f6nderdi. 1-0<\/span><br \/>\n<span style=\"font-family: arial, helvetica, sans-serif; font-size: 14px;\">29. dakikada Emil Breivik\u2019in pas\u0131nda topla bulu\u015fan Kristoffer Haugen, ceza sahas\u0131 i\u00e7i sol \u00e7aprazdan yapt\u0131\u011f\u0131 vuru\u015fta me\u015fin yuvarlak uzak dire\u011fin yan\u0131nda auta gitti.<\/span><br \/>\n<span style=\"font-family: arial, helvetica, sans-serif; font-size: 14px;\">31. dakikada Airik Hestad\u2019\u0131n ceza yay\u0131 \u00fczerinde verdi\u011fi pasta savunman\u0131n uzakla\u015ft\u0131rmak istedi\u011fi top tekrar \u00f6n\u00fcnde kald\u0131. Bu oyuncu ceza alan\u0131 i\u00e7inde yapt\u0131\u011f\u0131 vuru\u015fta kaleci Fernando Muslera\u2019n\u0131n son anda m\u00fcdahalesiyle me\u015fin yuvarlak kornere \u00e7\u0131kt\u0131.<\/span><br \/>\n<span style=\"font-family: arial, helvetica, sans-serif; font-size: 14px;\">55. dakika Dries Mertens\u2019in ceza yay\u0131 \u00fczerinde pas\u0131nda topla bulu\u015fan Tete, ceza sahas\u0131 d\u0131\u015f\u0131 sa\u011f taraf\u0131ndan yapt\u0131\u011f\u0131 vuru\u015fta me\u015fin yuvarlak savunmaya \u00e7arp\u0131p kornere gitti.<\/span><br \/>\n<span style=\"font-family: arial, helvetica, sans-serif; font-size: 14px;\">66. dakikada Emil Breivik\u2019in rakiplerini ge\u00e7erek soldan ceza sahas\u0131 i\u00e7ine girdi. Bu oyuncunun i\u00e7eri \u00e7evirdi\u011fi topa ceza sahas\u0131 i\u00e7i sol \u00e7aprazdan Eirik Hestad\u2019\u0131n uzak k\u00f6\u015feye ayak i\u00e7i yapt\u0131\u011f\u0131 vuru\u015fta me\u015fin yuvarla\u011f\u0131 a\u011flara g\u00f6nderdi. 1-1<\/span><br \/>\n<span style=\"font-family: arial, helvetica, sans-serif; font-size: 14px;\">77. dakikada savunman\u0131n arkas\u0131na at\u0131lan pasta topu \u00f6n\u00fcne alan Veton Berisha, topla birlikte ceza sahas\u0131na girip sa\u011f \u00e7aprazdan yapt\u0131\u011f\u0131 vuru\u015fta kaleci Fernando Muslera me\u015fin yuvarla\u011f\u0131 kornere \u00e7eldi.<\/span><br \/>\n<span style=\"font-family: arial, helvetica, sans-serif; font-size: 14px;\">81. dakikada savunman\u0131n arkas\u0131na at\u0131lan pasta kar\u015f\u0131 kar\u015f\u0131ya pozisyonda Berisha\u2019n\u0131n vuru\u015funda me\u015fin yuvarlak a\u011flara gitti. Pozisyonun devam\u0131nda VAR\u2019\u0131n uyar\u0131s\u0131yla pozisyonun ofsayt oldu\u011fu tespit edildi.<\/span><br \/>\n<span style=\"font-family: arial, helvetica, sans-serif; font-size: 14px;\">90+3. dakikada sa\u011f taraftan Angelino\u2019nun kulland\u0131\u011f\u0131 serbest vuru\u015fta savunmaya da \u00e7arpan top a\u011flarla bulu\u015ftu. 2-1<\/span><\/p>\n<p><span style=\"font-family: arial, helvetica, sans-serif; font-size: 14px;\">Hakemler: Szymon Marciniak, Tomasz Listkiewicz, Adam Kupsik<\/span><br \/>\n<span style=\"font-family: arial, helvetica, sans-serif; font-size: 14px;\">Galatasaray: Fernando Muslera, Sacha Boey, Victor Nelsson, Abd\u00fclkerim Bardakc\u0131, Angelino, Lucas Torreira, Kerem Demirbay (Berkan Kutlu dk. 90), Tete (Cedric Bakambu dk. 80), Dries Mertens (Kaan Ayhan dk. 72), Kerem Akt\u00fcrko\u011flu (Bar\u0131\u015f Alper Y\u0131lmaz dk. 72), Mauro Icardi<\/span><br \/>\n<span style=\"font-family: arial, helvetica, sans-serif; font-size: 14px;\">Yedekler: G\u00fcney G\u00fcven\u00e7, Leo Dubois, Halil Dervi\u015fo\u011flu, Sergio Oliveira, Emin Bayram, Ali Turap B\u00fclb\u00fcl, Baran Aksaka, Kaz\u0131mcan Karata\u015f<\/span><br \/>\n<span style=\"font-family: arial, helvetica, sans-serif; font-size: 14px;\">Teknik Direkt\u00f6r: Okan Buruk<\/span><br \/>\n<span style=\"font-family: arial, helvetica, sans-serif; font-size: 14px;\">Molde: Jacob Karlstrom, Eirik Haugan, Martin Bjornbak, Martin Ellingsen, Erling Knudtzon (Mathias L\u00f6vik dk. 22 (Magnus Grodem dk. 85)), Markus Kaasa (Eirik Hestad dk. 21), Sivert Mannsverk, Emil Breivik (Kristian Eriksen dk. 76), Kristoffer Haugen, Magnus Eikrem (Veton Berisha dk. 76), Ola Brynhildsen<\/span><br \/>\n<span style=\"font-family: arial, helvetica, sans-serif; font-size: 14px;\">Yedekler: Oliver Petersen, Peder Levrik, Benjamin Hansen, Eric Kitolano, Anders Hagelskjaer, Harun Ibrahim, Niklos Odegard<\/span><br \/>\n<span style=\"font-family: arial, helvetica, sans-serif; font-size: 14px;\">Teknik Direkt\u00f6r: Erling Moe<\/span><br \/>\n<span style=\"font-family: arial, helvetica, sans-serif; font-size: 14px;\">Goller: Mauro Icardi (dk. 7 pen.), Angelino (90+3)(Galatasaray), Eirik Hestad (Molde)<\/span><br \/>\n<span style=\"font-family: arial, helvetica, sans-serif; font-size: 14px;\">Sar\u0131 kartlar: Abd\u00fclkerim Bardakc\u0131, Bar\u0131\u015f Alper Y\u0131lmaz (Galatasaray), Sivert Mannsverk, Erling Moe, Sivert Mannsverk, Veton Berisha (Molde)<\/span><\/p>\n","protected":false},"excerpt":{"rendered":"<p>UEFA \u015eampiyonlar Ligi Play-Off turu r\u00f6van\u015f ma\u00e7\u0131nda Galatasaray, Norve\u00e7 ekibi Molde\u2019yi konuk etti. M\u00fccadeleyi 2-1\u2019lik skorla kazanan Galatasaray, UEFA \u015eampiyonlar<\/p>\n","protected":false},"author":3,"featured_media":14532,"comment_status":"open","ping_status":"open","sticky":false,"template":"","format":"standard","meta":{"colormag_page_container_layout":"default_layout","colormag_page_sidebar_layout":"default_layout","footnotes":""},"categories":[1,5,9],"tags":[],"class_list":["post-14530","post","type-post","status-publish","format-standard","has-post-thumbnail","hentry","category-genel","category-gundem","category-spor"],"_links":{"self":[{"href":"https:\/\/marmarayerelhizmet.com\/index.php\/wp-json\/wp\/v2\/posts\/14530","targetHints":{"allow":["GET"]}}],"collection":[{"href":"https:\/\/marmarayerelhizmet.com\/index.php\/wp-json\/wp\/v2\/posts"}],"about":[{"href":"https:\/\/marmarayerelhizmet.com\/index.php\/wp-json\/wp\/v2\/types\/post"}],"author":[{"embeddable":true,"href":"https:\/\/marmarayerelhizmet.com\/index.php\/wp-json\/wp\/v2\/users\/3"}],"replies":[{"embeddable":true,"href":"https:\/\/marmarayerelhizmet.com\/index.php\/wp-json\/wp\/v2\/comments?post=14530"}],"version-history":[{"count":0,"href":"https:\/\/marmarayerelhizmet.com\/index.php\/wp-json\/wp\/v2\/posts\/14530\/revisions"}],"wp:featuredmedia":[{"embeddable":true,"href":"https:\/\/marmarayerelhizmet.com\/index.php\/wp-json\/wp\/v2\/media\/14532"}],"wp:attachment":[{"href":"https:\/\/marmarayerelhizmet.com\/index.php\/wp-json\/wp\/v2\/media?parent=14530"}],"wp:term":[{"taxonomy":"category","embeddable":true,"href":"https:\/\/marmarayerelhizmet.com\/index.php\/wp-json\/wp\/v2\/categories?post=14530"},{"taxonomy":"post_tag","embeddable":true,"href":"https:\/\/marmarayerelhizmet.com\/index.php\/wp-json\/wp\/v2\/tags?post=14530"}],"curies":[{"name":"wp","href":"https:\/\/api.w.org\/{rel}","templated":true}]}}