{"id":14524,"date":"2023-08-29T16:49:56","date_gmt":"2023-08-29T13:49:56","guid":{"rendered":"https:\/\/marmarayerelhizmet.com\/?p=14524"},"modified":"2023-08-29T16:50:44","modified_gmt":"2023-08-29T13:50:44","slug":"dundara-altin-pismaniye-odulu","status":"publish","type":"post","link":"https:\/\/marmarayerelhizmet.com\/index.php\/2023\/08\/29\/dundara-altin-pismaniye-odulu\/","title":{"rendered":"D\u00fcndar\u2019a Alt\u0131n Pi\u015fmaniye \u00d6d\u00fcl\u00fc"},"content":{"rendered":"<p><strong><span style=\"font-family: arial, helvetica, sans-serif; font-size: 14px;\">\u0130zmit Belediye Ba\u015fkan\u0131 Fatma Kaplan H\u00fcrriyet, Alt\u0131n Pi\u015fmaniye \u00d6d\u00fclleri\u2019nde Duayen Gazeteci Onur \u00d6d\u00fcl\u00fc\u2019ne lay\u0131k g\u00f6r\u00fclen U\u011fur D\u00fcndar&#8217;\u0131 makam\u0131nda konuk ederek hem \u00f6d\u00fcl\u00fcn\u00fc verdi, hem de ya\u015f pastas\u0131 ile do\u011fum g\u00fcn\u00fcn\u00fc kutlad\u0131.<br \/>\n<\/span><\/strong><br \/>\n<span style=\"font-family: arial, helvetica, sans-serif; font-size: 14px;\">\u0130zmit Belediye Ba\u015fkan\u0131 Fatma Kaplan H\u00fcrriyet, Gazeteci U\u011fur D\u00fcndar\u2019\u0131 a\u011f\u0131rlad\u0131. \u0130zmit Belediyesi&#8217;nin d\u00fczenledi\u011fi 12. Uluslararas\u0131 \u0130zmit Pi\u015fmaniye, M\u00fczik ve Dans Festivali Alt\u0131n Pi\u015fmaniye \u00d6d\u00fclleri\u2019nde Duayen Gazeteci Onur \u00d6d\u00fcl\u00fc\u2019ne lay\u0131k g\u00f6r\u00fclen U\u011fur D\u00fcndar, Kocaeli&#8217;ye geldi. D\u00fcndar, \u00f6d\u00fcl\u00fcn\u00fc Ba\u015fkan H\u00fcrriyet ve pi\u015fmaniye \u00fcreticilerinin elinden ald\u0131. Ziyarette ayr\u0131ca U\u011fur D\u00fcndar\u2019a do\u011fum g\u00fcn\u00fc s\u00fcrprizi yap\u0131larak pasta kesildi. 12. Uluslararas\u0131 \u0130zmit Pi\u015fmaniye, M\u00fczik ve Dans Festivali\u2019ni yak\u0131ndan takip etti\u011fini belirten U\u011fur D\u00fcndar, \u00f6d\u00fclden dolay\u0131 Ba\u015fkan H\u00fcrriyet ile pi\u015fmaniye \u00fcreticilerine te\u015fekk\u00fcrlerini iletti. Ziyarette Ba\u015fkan H\u00fcrriyet, U\u011fur D\u00fcndar\u2019a &#8220;Kay\u0131p Roma Ba\u015fkenti Nikomedia\u2019n\u0131n Renkli R\u00f6lyefleri&#8221; adl\u0131 kitab\u0131, \u00c7ukurba\u011f Kaz\u0131lar\u0131\u2019ndan \u00e7\u0131kart\u0131lan \u0130mparator R\u00f6lyefi&#8217;nin replikas\u0131n\u0131 ve karakalem ile \u00e7izilen portresini hediye etti.<\/span><br \/>\n<span style=\"font-family: arial, helvetica, sans-serif; font-size: 14px;\">Yurt i\u00e7i ve yurtd\u0131\u015f\u0131ndan bine yak\u0131n misafir a\u011f\u0131rland\u0131\u011f\u0131n\u0131 s\u00f6yleyen Ba\u015fkan H\u00fcrriyet, \u201cKaymakaml\u0131k, \u00fcniversite, sivil toplum kurulu\u015flar\u0131, dernekler, pi\u015fmaniye \u00fcreticileri ve daha bir\u00e7ok sivil toplum kurulu\u015fu ile ortakla\u015fa pi\u015fmaniye festivali d\u00fczenledik. TURSAB gibi \u00f6nemli kurulu\u015flar s\u00fcrecin i\u00e7erisinde yer ald\u0131. Kentin d\u00f6rt bir yan\u0131nda 3 g\u00fcn boyunca halk oyunlar\u0131 ve bando ekipleri g\u00f6steri ger\u00e7ekle\u015ftirdik. Festival boyunca pi\u015fmaniye \u00e7ekimi yapt\u0131k. \u00c7ok b\u00fcy\u00fck bir organizasyon yapt\u0131k. Normalde bu kadar geni\u015f bir festivalin organizasyon \u015firketi ile yap\u0131lmas\u0131 gerekiyordu. Ama biz \u00f6z kaynaklar\u0131m\u0131z ve kent bile\u015fenleri ile birlikte bu festivali \u00e7ok g\u00fczel bir \u015fekilde ger\u00e7ekle\u015ftirdik. &#8220;En Tatl\u0131 Festival&#8221; slogan\u0131m\u0131z\u0131 koyduk. Emek veren, katk\u0131 sunan herkese te\u015fekk\u00fcr ediyorum. Pi\u015fmaniye kentin en \u00f6nemli gastro \u00fcr\u00fcn\u00fc. Pi\u015fmaniye denince akla sadece \u0130zmit geliyor. Bu markay\u0131 daha fazla tan\u0131tabilmek i\u00e7in uluslararas\u0131 organizasyon yapt\u0131k. Bu sene ba\u015flatt\u0131\u011f\u0131m\u0131z alt\u0131n Pi\u015fmaniye \u00f6d\u00fclleri de k\u0131ymetliydi. T\u00fcrkiye ve d\u00fcnya \u00f6l\u00e7e\u011finde ba\u015far\u0131l\u0131 olmu\u015f insanlar\u0131 onore etmeye \u00e7al\u0131\u015ft\u0131k&#8221; ifadelerini kulland\u0131.<\/span><\/p>\n","protected":false},"excerpt":{"rendered":"<p>\u0130zmit Belediye Ba\u015fkan\u0131 Fatma Kaplan H\u00fcrriyet, Alt\u0131n Pi\u015fmaniye \u00d6d\u00fclleri\u2019nde Duayen Gazeteci Onur \u00d6d\u00fcl\u00fc\u2019ne lay\u0131k g\u00f6r\u00fclen U\u011fur D\u00fcndar&#8217;\u0131 makam\u0131nda konuk ederek<\/p>\n","protected":false},"author":3,"featured_media":14526,"comment_status":"open","ping_status":"open","sticky":false,"template":"","format":"standard","meta":{"colormag_page_container_layout":"default_layout","colormag_page_sidebar_layout":"default_layout","footnotes":""},"categories":[1,5,6],"tags":[],"class_list":["post-14524","post","type-post","status-publish","format-standard","has-post-thumbnail","hentry","category-genel","category-gundem","category-kultur-sanat"],"_links":{"self":[{"href":"https:\/\/marmarayerelhizmet.com\/index.php\/wp-json\/wp\/v2\/posts\/14524","targetHints":{"allow":["GET"]}}],"collection":[{"href":"https:\/\/marmarayerelhizmet.com\/index.php\/wp-json\/wp\/v2\/posts"}],"about":[{"href":"https:\/\/marmarayerelhizmet.com\/index.php\/wp-json\/wp\/v2\/types\/post"}],"author":[{"embeddable":true,"href":"https:\/\/marmarayerelhizmet.com\/index.php\/wp-json\/wp\/v2\/users\/3"}],"replies":[{"embeddable":true,"href":"https:\/\/marmarayerelhizmet.com\/index.php\/wp-json\/wp\/v2\/comments?post=14524"}],"version-history":[{"count":0,"href":"https:\/\/marmarayerelhizmet.com\/index.php\/wp-json\/wp\/v2\/posts\/14524\/revisions"}],"wp:featuredmedia":[{"embeddable":true,"href":"https:\/\/marmarayerelhizmet.com\/index.php\/wp-json\/wp\/v2\/media\/14526"}],"wp:attachment":[{"href":"https:\/\/marmarayerelhizmet.com\/index.php\/wp-json\/wp\/v2\/media?parent=14524"}],"wp:term":[{"taxonomy":"category","embeddable":true,"href":"https:\/\/marmarayerelhizmet.com\/index.php\/wp-json\/wp\/v2\/categories?post=14524"},{"taxonomy":"post_tag","embeddable":true,"href":"https:\/\/marmarayerelhizmet.com\/index.php\/wp-json\/wp\/v2\/tags?post=14524"}],"curies":[{"name":"wp","href":"https:\/\/api.w.org\/{rel}","templated":true}]}}