{"id":14511,"date":"2023-08-29T14:25:58","date_gmt":"2023-08-29T11:25:58","guid":{"rendered":"https:\/\/marmarayerelhizmet.com\/?p=14511"},"modified":"2023-08-29T14:25:58","modified_gmt":"2023-08-29T11:25:58","slug":"kuraklik-uydudan-goruntulendi","status":"publish","type":"post","link":"https:\/\/marmarayerelhizmet.com\/index.php\/2023\/08\/29\/kuraklik-uydudan-goruntulendi\/","title":{"rendered":"Kurakl\u0131k Uydudan G\u00f6r\u00fcnt\u00fclendi"},"content":{"rendered":"<p><strong><span style=\"font-family: arial, helvetica, sans-serif; font-size: 14px;\">\u0130stanbul\u2019a su sa\u011flayan barajlar\u0131n y\u0131llar i\u00e7erisindeki kurakl\u0131k nedeniyle de\u011fi\u015fimi uydu g\u00f6r\u00fcnt\u00fcleri ile g\u00f6zler \u00f6n\u00fcne serildi. Barajlarda y\u00fczlerce metre suyun \u00e7ekildi\u011fi uydu g\u00f6r\u00fcnt\u00fcleri ile net bir \u015fekilde ay\u0131rt edilebiliyor. \u0130SK\u0130 verilerine g\u00f6re \u0130stanbul\u2019daki barajlar\u0131n genel doluluk oran\u0131 bug\u00fcn itibariyle ise y\u00fczde 30\u2019un alt\u0131na d\u00fc\u015ft\u00fc.<br \/>\n<\/span><\/strong><br \/>\n<span style=\"font-family: arial, helvetica, sans-serif; font-size: 14px;\">K\u00fcresel \u0131s\u0131nma nedeniyle mevsim normallerinin \u00fczerine \u00e7\u0131kan a\u015f\u0131r\u0131 s\u0131cakl\u0131k ve nem \u0130stanbul\u2019daki Barajlar\u0131n son 9 y\u0131l\u0131n en d\u00fc\u015f\u00fck seviyesine gerilemesine neden oldu. Uzmanlara g\u00f6re s\u0131cakl\u0131k nedeniyle her g\u00fcn barajlarda y\u00fczbinlerce ton su buharla\u015f\u0131yor. \u015eehrin barajlar\u0131ndan Alibey, Elmal\u0131, Darl\u0131k, B\u00fcy\u00fck\u00e7ekmece ve Sazl\u0131dere Barajlar\u0131n\u0131n 2003 y\u0131l\u0131ndan 2023 y\u0131l\u0131na kadar 20 y\u0131ll\u0131k s\u00fcre boyunca nas\u0131l de\u011fi\u015fti\u011fi uydu g\u00f6r\u00fcnt\u00fcleri ile ortaya \u00e7\u0131kt\u0131. \u0130stanbul en kurak y\u0131llar\u0131n\u0131 2014 y\u0131l\u0131nda ve 2023 y\u0131l\u0131nda ya\u015fad\u0131\u011f\u0131 \u00e7ekilen su seviyesi ile anla\u015f\u0131l\u0131yor. Ayr\u0131ca \u0130stanbul Su ve Kanalizasyon \u0130daresi Verileri de kurakl\u0131\u011f\u0131n ya\u015fand\u0131\u011f\u0131 y\u0131llar\u0131 do\u011fruluyor. 2014 y\u0131l\u0131nda ve 2023 y\u0131llar\u0131nda en kurak ya\u015fan\u0131lan y\u0131llar olarak kay\u0131tlara ge\u00e7ti. Alibey Baraj\u0131nda Kurakl\u0131k nedeniyle su seviyesi d\u00fc\u015fmesiyle Ma\u011flova ve G\u00fczelce Kemerleri g\u00fcn y\u00fcz\u00fcne \u00e7\u0131kt\u0131\u011f\u0131 daha sonra ya\u011f\u0131\u015flarla birlikte yeniden su alt\u0131nda kal\u0131yor. Barajda bu y\u0131l su seviyesinin \u00e7ok d\u00fc\u015fmesi ile birlikte arabalar \u00e7\u0131kart\u0131lm\u0131\u015ft\u0131. Elmal\u0131 Baraj\u0131\u2019n\u0131n 2014 y\u0131llar\u0131nda neredeyse tamamen kurudu\u011fu daha sonra tekrara suyla doldu\u011fu g\u00f6r\u00fcnt\u00fclere yans\u0131d\u0131.<\/span><\/p>\n<p><strong><span style=\"font-family: arial, helvetica, sans-serif; font-size: 14px;\">Barajlardaki su seviyesi y\u00fczde 30\u2019un alt\u0131na d\u00fc\u015ft\u00fc<\/span><\/strong><br \/>\n<span style=\"font-family: arial, helvetica, sans-serif; font-size: 14px;\">\u0130SK\u0130 verilerine g\u00f6re \u0130stanbul\u2019daki barajlar\u0131n genel doluluk oran\u0131 y\u00fczde 30 oran\u0131n alt\u0131na d\u00fc\u015ferek y\u00fczde 29.78 seviyesine d\u00fc\u015ft\u00fc. \u0130SK\u0130 verilerine g\u00f6re en d\u00fc\u015f\u00fck Papu\u00e7dere y\u00fczde 3.84 seviyesinde ve Kazandere ise y\u00fczde 9.35 seviyesinde. Doluluk oran\u0131 y\u00fczde 9.16 seviyesine gerileyen B\u00fcy\u00fck\u00e7ekmece Baraj\u0131n doluluk oran\u0131 y\u00fczde 14.38 seviyesine d\u00fc\u015fen Sazl\u0131dere Baraj\u0131 takip ediyor. Alibey Baraj\u0131nda y\u00fczde 12,64 seviyelerine kadar d\u00fc\u015fen doluluk oran\u0131n\u0131 Istrancalar Baraj\u0131 y\u00fczde 19.23 ile takip ediyor. Terkos Baraj\u0131\u2019nda y\u00fczde 15.97 oran\u0131na kadar su seviyesi geriledi. Elmal\u0131 Baraj\u0131nda doluluk y\u00fczde 19.67 oran\u0131na d\u00fc\u015ft\u00fc\u011f\u00fc belirlendi. Darl\u0131k Baraj\u0131\u2019nda ise y\u00fczde 44.37 seviyesine kadar d\u00fc\u015ft\u00fc. \u0130stanbul\u2019un y\u00fczde 50 seviyesini ge\u00e7en tek baraj\u0131 olan \u00d6merli Baraj\u0131nda ise doluluk y\u00fczde 62.62 olarak \u00f6l\u00e7\u00fcld\u00fc.<\/span><\/p>\n","protected":false},"excerpt":{"rendered":"<p>\u0130stanbul\u2019a su sa\u011flayan barajlar\u0131n y\u0131llar i\u00e7erisindeki kurakl\u0131k nedeniyle de\u011fi\u015fimi uydu g\u00f6r\u00fcnt\u00fcleri ile g\u00f6zler \u00f6n\u00fcne serildi. Barajlarda y\u00fczlerce metre suyun \u00e7ekildi\u011fi<\/p>\n","protected":false},"author":3,"featured_media":14513,"comment_status":"open","ping_status":"open","sticky":false,"template":"","format":"standard","meta":{"colormag_page_container_layout":"default_layout","colormag_page_sidebar_layout":"default_layout","footnotes":""},"categories":[1,5],"tags":[],"class_list":["post-14511","post","type-post","status-publish","format-standard","has-post-thumbnail","hentry","category-genel","category-gundem"],"_links":{"self":[{"href":"https:\/\/marmarayerelhizmet.com\/index.php\/wp-json\/wp\/v2\/posts\/14511","targetHints":{"allow":["GET"]}}],"collection":[{"href":"https:\/\/marmarayerelhizmet.com\/index.php\/wp-json\/wp\/v2\/posts"}],"about":[{"href":"https:\/\/marmarayerelhizmet.com\/index.php\/wp-json\/wp\/v2\/types\/post"}],"author":[{"embeddable":true,"href":"https:\/\/marmarayerelhizmet.com\/index.php\/wp-json\/wp\/v2\/users\/3"}],"replies":[{"embeddable":true,"href":"https:\/\/marmarayerelhizmet.com\/index.php\/wp-json\/wp\/v2\/comments?post=14511"}],"version-history":[{"count":0,"href":"https:\/\/marmarayerelhizmet.com\/index.php\/wp-json\/wp\/v2\/posts\/14511\/revisions"}],"wp:featuredmedia":[{"embeddable":true,"href":"https:\/\/marmarayerelhizmet.com\/index.php\/wp-json\/wp\/v2\/media\/14513"}],"wp:attachment":[{"href":"https:\/\/marmarayerelhizmet.com\/index.php\/wp-json\/wp\/v2\/media?parent=14511"}],"wp:term":[{"taxonomy":"category","embeddable":true,"href":"https:\/\/marmarayerelhizmet.com\/index.php\/wp-json\/wp\/v2\/categories?post=14511"},{"taxonomy":"post_tag","embeddable":true,"href":"https:\/\/marmarayerelhizmet.com\/index.php\/wp-json\/wp\/v2\/tags?post=14511"}],"curies":[{"name":"wp","href":"https:\/\/api.w.org\/{rel}","templated":true}]}}