{"id":14505,"date":"2023-08-29T11:35:01","date_gmt":"2023-08-29T08:35:01","guid":{"rendered":"https:\/\/marmarayerelhizmet.com\/?p=14505"},"modified":"2023-08-29T11:35:01","modified_gmt":"2023-08-29T08:35:01","slug":"atli-cirit-turkiye-sampiyonasi-sindirgida","status":"publish","type":"post","link":"https:\/\/marmarayerelhizmet.com\/index.php\/2023\/08\/29\/atli-cirit-turkiye-sampiyonasi-sindirgida\/","title":{"rendered":"Atl\u0131 Cirit T\u00fcrkiye \u015eampiyonas\u0131, S\u0131nd\u0131rg\u0131\u2019da"},"content":{"rendered":"<p><strong><span style=\"font-family: arial, helvetica, sans-serif; font-size: 14px;\">Ge\u00e7ti\u011fimiz y\u0131llarda U\u015fak&#8217;ta cirit antrenman\u0131 s\u0131ras\u0131nda iki atl\u0131n\u0131n \u00e7arp\u0131\u015fmas\u0131 sonucu hayat\u0131n\u0131 kaybeden 19 ya\u015f\u0131ndaki Hasan Sarol ad\u0131na d\u00fczenlenen Atl\u0131 Cirit 2023 T\u00fcrkiye \u015eampiyonas\u0131&#8217;n\u0131n \u00e7eyrek final y\u00fckselme m\u00fcsabakalar\u0131nda b\u00fcy\u00fck heyecan ya\u015fand\u0131.<br \/>\n<\/span><\/strong><br \/>\n<span style=\"font-family: arial, helvetica, sans-serif; font-size: 14px;\">Bal\u0131kesir S\u0131nd\u0131rg\u0131 Geleneksel T\u00fcrk Sporlar\u0131 Merkezi&#8217;nde ger\u00e7ekle\u015fen T\u00fcrkiye Geleneksel Atl\u0131 Spor Dallar\u0131 Federasyonu Hasan Sarol Atl\u0131 Cirit T\u00fcrkiye \u015eampiyonas\u0131&#8217;n\u0131n \u00e7eyrek final \u00f6n eleme C grubu m\u00fcsabakalar\u0131nda Ankara Toprak Mahsulleri Atl\u0131 Cirit Spor Kul\u00fcb\u00fc \u015fampiyon olarak, yar\u0131 finale y\u00fckseldi.<\/span><br \/>\n<span style=\"font-family: arial, helvetica, sans-serif; font-size: 14px;\">D\u00f6rt tak\u0131m\u0131n ter d\u00f6kt\u00fc\u011f\u00fc yar\u0131\u015flarda ata sporuna yak\u0131ndan ilgi duyan taraftarlar da kat\u0131ld\u0131. Kad\u0131nlar da m\u00fcsabakalar\u0131 heyecanla izledi. \u00dc\u00e7 g\u00fcn s\u00fcren ma\u00e7lar sonucuna g\u00f6re Ankara Toprak Mahsulleri Atl\u0131 Cirit Spor Kul\u00fcb\u00fc yan\u0131 s\u0131ra U\u015fak Yolda\u015f Atl\u0131 Spor Kul\u00fcb\u00fc de yar\u0131 finalde yar\u0131\u015facak.<\/span><br \/>\n<span style=\"font-family: arial, helvetica, sans-serif; font-size: 14px;\">M\u00fccadelelerde Ankara Toprak Mahsulleri Atl\u0131 Cirit Spor Kul\u00fcb\u00fc birinci, U\u015fak Yolda\u015f Atl\u0131 Spor Kul\u00fcb\u00fc ikinci, S\u0131nd\u0131rg\u0131 Atl\u0131 Cirit Spor kul\u00fcb\u00fc \u00fc\u00e7\u00fcnc\u00fc, Eski\u015fehir Ak\u0131nc\u0131lar Birli\u011fi Atl\u0131 Cirit Spor Kul\u00fcb\u00fc d\u00f6rd\u00fcnc\u00fc oldu. Yar\u0131\u015fmada dereceye giren tak\u0131mlara \u00f6d\u00fclleri T\u00fcrkiye Geleneksel Atl\u0131 Spor Dallar\u0131 Federasyonu Ba\u015fkan Vekili ve S\u0131nd\u0131rg\u0131 Belediye Ba\u015fkan\u0131 Ekrem Yava\u015f, il temsilcisi Ziya \u00c7ak\u0131r ve Hasan Sarol\u2019un babas\u0131 S\u00fcleyman Sarol taraf\u0131ndan verildi.<\/span><br \/>\n<span style=\"font-family: arial, helvetica, sans-serif; font-size: 14px;\">S\u0131nd\u0131rg\u0131 Atl\u0131 Cirit Spor Kul\u00fcb\u00fc Ba\u015fkan\u0131 Mehmet Erbek, \u201cBurada geleneksel spor dallar\u0131 federasyonumuzun C grubunun y\u00fckselme grubunu ger\u00e7ekle\u015ftirdik. 3 tane tak\u0131m\u0131m\u0131z geldi. Ankara\u2019dan, Eski\u015fehir\u2019den ve U\u015fak&#8217;tan olmak \u00fczere onlarla g\u00fczel bir m\u00fcsabaka ger\u00e7ekle\u015ftirdik burada. Bizi desteklemeye gelen ve m\u00fccadeleyi izlemeye gelen t\u00fcm S\u0131nd\u0131rg\u0131 halk\u0131m\u0131za te\u015fekk\u00fcr ederiz. G\u00fczel ma\u00e7lar\u0131m\u0131z oldu, bug\u00fcn son ma\u00e7\u0131m\u0131z, arkada\u015flar son ma\u00e7lar\u0131n\u0131 oynuyor. Onlar\u0131nda ellerine kollar\u0131na sa\u011fl\u0131k. Cirit oyunumuzu in\u015fallah \u00f6n\u00fcm\u00fczdeki senelerde \u00f6n\u00fcm\u00fczdeki nesillere yeti\u015ftirmeye \u00e7al\u0131\u015f\u0131yoruz. S\u0131nd\u0131rg\u0131&#8217;da da 1 tak\u0131m\u0131m\u0131z var. S\u0131nd\u0131rg\u0131 da burada oynad\u0131, 4 tak\u0131mla beraber. Bizim S\u0131nd\u0131rg\u0131&#8217;da g\u00fczel bir tak\u0131m\u0131m\u0131z var. \u0130n\u015fallah onlara da \u00f6zverilerine \u00e7ok te\u015fekk\u00fcr ediyorum. Bize bu imkanlar\u0131 sa\u011flayan b\u00fcy\u00fck\u015fehir ba\u015fkanl\u0131\u011f\u0131 olsun, S\u0131nd\u0131rg\u0131 Belediye Ba\u015fkanl\u0131\u011f\u0131 olsun, ba\u015fkan\u0131m\u0131za olsun onlara da \u00e7ok te\u015fekk\u00fcr ediyorum\u201d dedi.<\/span><br \/>\n<span style=\"font-family: arial, helvetica, sans-serif; font-size: 14px;\">\u0130lk kez atl\u0131 cirit m\u00fcsabakalar\u0131n\u0131 izledi\u011fini ve farkl\u0131 bir deneyim kazand\u0131\u011f\u0131n\u0131 belirten Elif Azra, \u201cBug\u00fcn ailemin iste\u011fiyle cirit izlemeye geldik ilk kez. Benim i\u00e7in \u00e7ok de\u011fi\u015fik bir deneyim oldu. \u00c7ok be\u011fendim, yani belediyeden devam\u0131n\u0131 bekliyorum\u201d ifadelerini kulland\u0131.<\/span><br \/>\n<span style=\"font-family: arial, helvetica, sans-serif; font-size: 14px;\">S\u0131nd\u0131rg\u0131 Atl\u0131 Cirit Spor Kul\u00fcb\u00fc taraftar\u0131 Burak Atl\u0131 da, \u201cEv sahibi bizdik, g\u00fczel bir m\u00fccadele oldu, iyi olan kazand\u0131, diyelim. Herkes hakk\u0131nca burada m\u00fccadelesini yapt\u0131\u201d c\u00fcmlelerine yer verdi.<\/span><br \/>\n<span style=\"font-family: arial, helvetica, sans-serif; font-size: 14px;\">T\u00fcrkiye \u015eampiyonas\u0131nda Hasan Sarol ad\u0131n\u0131n verilmesinin bir vefa \u00f6rne\u011fi oldu\u011funu belirten Geleneksel Atl\u0131 Sporlar Federasyonu Bal\u0131kesir \u0130l Temsilcisi Ziya \u00c7ak\u0131r, \u201cBu t\u00fcr karde\u015flerimizin spor camias\u0131na katm\u0131\u015f olduklar\u0131 ba\u015far\u0131lar var. Umuyorum arkada\u015flar bug\u00fcn oldu\u011fu gibi gelecekte de ismini ya\u015fat\u0131c\u0131 ve federasyonumuzun b\u00f6yle bir vefal\u0131 y\u00f6n\u00fc var. \u00c7\u00fcnk\u00fc gelenek buradan geliyor. Gelenekselde \u015fuaradan geliyor kazand\u0131\u011f\u0131 de\u011ferleri hi\u00e7bir zaman unutmuyor unutturmuyor\u201d diye konu\u015ftu.<\/span><br \/>\n<span style=\"font-family: arial, helvetica, sans-serif; font-size: 14px;\">Ata sporlar\u0131n\u0131 ya\u015fatmak ge\u00e7mi\u015fle gelece\u011fi bulu\u015fturmak \u00fczere \u00e7al\u0131\u015fmalar\u0131n\u0131n devam edece\u011fini belirten T\u00fcrkiye Geleneksel Atl\u0131 Spor Dallar\u0131 Federasyon Ba\u015fkan Vekili ve S\u0131nd\u0131rg\u0131 Belediye Ba\u015fkan\u0131 Ekrem Yava\u015f, \u201cBug\u00fcn de S\u0131nd\u0131rg\u0131\u2019da, ciritle alakal\u0131 T\u00fcrkiye Geleneksel Atl\u0131 Sporlar Federasyonu uhdesinde yap\u0131lan cirit m\u00fcsabakalar\u0131n\u0131n \u00e7eyrek finali vard\u0131. Burada Eski\u015fehir\u2019den, Ankara\u2019dan, U\u015fak\u2019tan tak\u0131mlar S\u0131nd\u0131rg\u0131\u2019da bulu\u015ftular. K\u0131yas\u0131ya m\u00fccadelede iki tak\u0131m\u0131m\u0131z yar\u0131 final olarak T\u00fcrkiye finallerine gitmeye hak kazand\u0131. Gelene\u011fi gelece\u011fe ta\u015f\u0131yabilmek ve bunun i\u00e7in de gayret edebilmek bizim \u015fiar\u0131m\u0131z. S\u0131nd\u0131rg\u0131\u2019da belediye olarak bunlara y\u0131llar boyunca destek verdik ve \u015fu anda federasyon olarak da orada bir g\u00f6revimiz de olmas\u0131 hasebiyle bu geleneksel sporlar\u0131 T\u00fcrkiye hatta d\u00fcnya \u015fampiyonalar\u0131na ta\u015f\u0131mak en b\u00fcy\u00fck idealimiz. Eme\u011fi ge\u00e7en, ata sporumuzu ya\u015fatmak ad\u0131na her alanda var olan Z\u00fcbeyir ba\u015fkan\u0131m\u0131za, Bal\u0131kesir B\u00fcy\u00fck\u015fehir Belediye Ba\u015fkan\u0131m\u0131z Y\u00fccel Y\u0131lmaz\u2019a, destek veren herkese te\u015fekk\u00fcr ediyorum\u201d \u015feklinde konu\u015ftu.<\/span><\/p>\n","protected":false},"excerpt":{"rendered":"<p>Ge\u00e7ti\u011fimiz y\u0131llarda U\u015fak&#8217;ta cirit antrenman\u0131 s\u0131ras\u0131nda iki atl\u0131n\u0131n \u00e7arp\u0131\u015fmas\u0131 sonucu hayat\u0131n\u0131 kaybeden 19 ya\u015f\u0131ndaki Hasan Sarol ad\u0131na d\u00fczenlenen Atl\u0131 Cirit<\/p>\n","protected":false},"author":3,"featured_media":14507,"comment_status":"open","ping_status":"open","sticky":false,"template":"","format":"standard","meta":{"colormag_page_container_layout":"default_layout","colormag_page_sidebar_layout":"default_layout","footnotes":""},"categories":[1,5,9],"tags":[],"class_list":["post-14505","post","type-post","status-publish","format-standard","has-post-thumbnail","hentry","category-genel","category-gundem","category-spor"],"_links":{"self":[{"href":"https:\/\/marmarayerelhizmet.com\/index.php\/wp-json\/wp\/v2\/posts\/14505","targetHints":{"allow":["GET"]}}],"collection":[{"href":"https:\/\/marmarayerelhizmet.com\/index.php\/wp-json\/wp\/v2\/posts"}],"about":[{"href":"https:\/\/marmarayerelhizmet.com\/index.php\/wp-json\/wp\/v2\/types\/post"}],"author":[{"embeddable":true,"href":"https:\/\/marmarayerelhizmet.com\/index.php\/wp-json\/wp\/v2\/users\/3"}],"replies":[{"embeddable":true,"href":"https:\/\/marmarayerelhizmet.com\/index.php\/wp-json\/wp\/v2\/comments?post=14505"}],"version-history":[{"count":0,"href":"https:\/\/marmarayerelhizmet.com\/index.php\/wp-json\/wp\/v2\/posts\/14505\/revisions"}],"wp:featuredmedia":[{"embeddable":true,"href":"https:\/\/marmarayerelhizmet.com\/index.php\/wp-json\/wp\/v2\/media\/14507"}],"wp:attachment":[{"href":"https:\/\/marmarayerelhizmet.com\/index.php\/wp-json\/wp\/v2\/media?parent=14505"}],"wp:term":[{"taxonomy":"category","embeddable":true,"href":"https:\/\/marmarayerelhizmet.com\/index.php\/wp-json\/wp\/v2\/categories?post=14505"},{"taxonomy":"post_tag","embeddable":true,"href":"https:\/\/marmarayerelhizmet.com\/index.php\/wp-json\/wp\/v2\/tags?post=14505"}],"curies":[{"name":"wp","href":"https:\/\/api.w.org\/{rel}","templated":true}]}}