{"id":14501,"date":"2023-08-29T11:33:21","date_gmt":"2023-08-29T08:33:21","guid":{"rendered":"https:\/\/marmarayerelhizmet.com\/?p=14501"},"modified":"2023-08-29T11:33:21","modified_gmt":"2023-08-29T08:33:21","slug":"istiklal-madalyasi-verilecek","status":"publish","type":"post","link":"https:\/\/marmarayerelhizmet.com\/index.php\/2023\/08\/29\/istiklal-madalyasi-verilecek\/","title":{"rendered":"&#8216;\u0130stiklal Madalyas\u0131&#8217; Verilecek"},"content":{"rendered":"<p><strong><span style=\"font-family: arial, helvetica, sans-serif; font-size: 14px;\">Kurtulu\u015f Sava\u015f\u0131\u2019na kat\u0131lan 4 gazinin miras\u00e7\u0131s\u0131na \u201c\u0130stiklal Madalyas\u0131\u201d verilmesine ili\u015fkin Cumhurba\u015fkan\u0131 Karar\u0131, Resmi Gazete\u2019de yay\u0131mland\u0131.<br \/>\n<\/span><\/strong><br \/>\n<span style=\"font-family: arial, helvetica, sans-serif; font-size: 14px;\">Cumhurba\u015fkan\u0131 Recep Tayyip Erdo\u011fan\u2019\u0131n imzas\u0131yla Resmi Gazete\u2019de yay\u0131mlanan karara g\u00f6re Kurtulu\u015f Sava\u015f\u0131 gazisi 4 askerin miras\u00e7\u0131lar\u0131na \u201c\u0130stiklal Madalyas\u0131\u201d verilecek.<\/span><br \/>\n<span style=\"font-family: arial, helvetica, sans-serif; font-size: 14px;\">Karara g\u00f6re, \u0130stiklal Madalyas\u0131 verilecek \u015fehit ve gaziler ile miras\u00e7\u0131lar\u0131n\u0131n isimleri, &#8220;5. Kafkas T\u00fcmeni 10. Alay 3. Tabur 10. B\u00f6l\u00fck; 1900 do\u011fumlu Merzifonlu Mehmet O\u011flu K\u0131demli Ser\u00e7avu\u015f (Ba\u015f\u00e7avu\u015f) Arslan Hasan Utubak\u2019\u0131n o\u011flu Halil S\u00fcheyl Utubak, 8. T\u00fcmen 189. Alay 1. Tabur 3. B\u00f6l\u00fck; 1900 do\u011fumlu K\u0131r\u015fehirli Halil o\u011flu Er Salih G\u00fcner\u2019in o\u011flu Salih G\u00fcner, 3. T\u00fcmen 8. Alay 3. Makineli Tabur; 1900 do\u011fumlu \u015eenkayal\u0131 Ali O\u011flu er Ad\u0131g\u00fczel Y\u0131ld\u0131z\u2019\u0131n k\u0131z\u0131 Elmas Sezer (Y\u0131ld\u0131z), 190. Alay 1 .Tabur Karargah\u0131 efrad\u0131ndan; 1886 do\u011fumlu Ilgazl\u0131 Ahmet o\u011flu er Ahmetali Er\u2019in torunu Ahmet Er&#8221; \u015feklinde s\u0131raland\u0131.<\/span><\/p>\n","protected":false},"excerpt":{"rendered":"<p>Kurtulu\u015f Sava\u015f\u0131\u2019na kat\u0131lan 4 gazinin miras\u00e7\u0131s\u0131na \u201c\u0130stiklal Madalyas\u0131\u201d verilmesine ili\u015fkin Cumhurba\u015fkan\u0131 Karar\u0131, Resmi Gazete\u2019de yay\u0131mland\u0131. Cumhurba\u015fkan\u0131 Recep Tayyip Erdo\u011fan\u2019\u0131n imzas\u0131yla<\/p>\n","protected":false},"author":3,"featured_media":14503,"comment_status":"open","ping_status":"open","sticky":false,"template":"","format":"standard","meta":{"colormag_page_container_layout":"default_layout","colormag_page_sidebar_layout":"default_layout","footnotes":""},"categories":[1,5],"tags":[],"class_list":["post-14501","post","type-post","status-publish","format-standard","has-post-thumbnail","hentry","category-genel","category-gundem"],"_links":{"self":[{"href":"https:\/\/marmarayerelhizmet.com\/index.php\/wp-json\/wp\/v2\/posts\/14501","targetHints":{"allow":["GET"]}}],"collection":[{"href":"https:\/\/marmarayerelhizmet.com\/index.php\/wp-json\/wp\/v2\/posts"}],"about":[{"href":"https:\/\/marmarayerelhizmet.com\/index.php\/wp-json\/wp\/v2\/types\/post"}],"author":[{"embeddable":true,"href":"https:\/\/marmarayerelhizmet.com\/index.php\/wp-json\/wp\/v2\/users\/3"}],"replies":[{"embeddable":true,"href":"https:\/\/marmarayerelhizmet.com\/index.php\/wp-json\/wp\/v2\/comments?post=14501"}],"version-history":[{"count":0,"href":"https:\/\/marmarayerelhizmet.com\/index.php\/wp-json\/wp\/v2\/posts\/14501\/revisions"}],"wp:featuredmedia":[{"embeddable":true,"href":"https:\/\/marmarayerelhizmet.com\/index.php\/wp-json\/wp\/v2\/media\/14503"}],"wp:attachment":[{"href":"https:\/\/marmarayerelhizmet.com\/index.php\/wp-json\/wp\/v2\/media?parent=14501"}],"wp:term":[{"taxonomy":"category","embeddable":true,"href":"https:\/\/marmarayerelhizmet.com\/index.php\/wp-json\/wp\/v2\/categories?post=14501"},{"taxonomy":"post_tag","embeddable":true,"href":"https:\/\/marmarayerelhizmet.com\/index.php\/wp-json\/wp\/v2\/tags?post=14501"}],"curies":[{"name":"wp","href":"https:\/\/api.w.org\/{rel}","templated":true}]}}