{"id":14489,"date":"2023-08-29T11:27:18","date_gmt":"2023-08-29T08:27:18","guid":{"rendered":"https:\/\/marmarayerelhizmet.com\/?p=14489"},"modified":"2023-08-29T11:27:18","modified_gmt":"2023-08-29T08:27:18","slug":"bozcaada-karavan-isgali-altinda","status":"publish","type":"post","link":"https:\/\/marmarayerelhizmet.com\/index.php\/2023\/08\/29\/bozcaada-karavan-isgali-altinda\/","title":{"rendered":"Bozcaada, Karavan \u0130\u015fgali Alt\u0131nda"},"content":{"rendered":"<p><strong><span style=\"font-family: arial, helvetica, sans-serif; font-size: 14px;\">\u00c7anakkale&#8217;nin Kuzey Ege&#8217;deki merkezi Bozcaada il\u00e7esinde sahiller ve koylar son y\u0131llarda karavanlar\u0131n i\u015fgaline u\u011fruyor. Adal\u0131lar, \u00f6zellikle uzun s\u00fcreli karavan konaklamalar\u0131n\u0131n adan\u0131n \u00f6zg\u00fcn dokusunu bozdu\u011funu d\u00fc\u015f\u00fcn\u00fcyor.<br \/>\n<\/span><\/strong><br \/>\n<span style=\"font-family: arial, helvetica, sans-serif; font-size: 14px;\">\u00c7anakkale\u2019nin Kuzey Ege Denizi\u2019ndeki turizm merkezi Bozcaada il\u00e7esi, her y\u0131l yerli ve yabanc\u0131 turistlerin ak\u0131n\u0131na u\u011fruyor. Adan\u0131n do\u011fal g\u00fczellikleri ve tarihi dokusu, tatilcilerin ilgisini \u00e7ekmeye devam ediyor. Havas\u0131yla k\u00fc\u00e7\u00fck bir kasabay\u0131 yans\u0131tan, dar sokaklar\u0131nda farkl\u0131 mimarideki eski Rum evleri, deniz \u00fcr\u00fcnleri restoranlar\u0131, T\u00fcrkiye\u2019nin en iyi korunmu\u015f tarihi kalesi, bakir koylar\u0131, temiz ve buz gibi denizi yan\u0131nda, bir de \u0130stanbul&#8217;a olan yak\u0131nl\u0131\u011f\u0131 nedeniyle pek \u00e7ok ki\u015finin tercih nedeni olan turizm merkezi Bozcaada, tatilcilerin g\u00f6zdesi olmay\u0131 s\u00fcrd\u00fcr\u00fcyor.<\/span><br \/>\n<span style=\"font-family: arial, helvetica, sans-serif; font-size: 14px;\">Bozcaada&#8217;da son y\u0131llarda sahiller ve koylar karavan i\u015fgaline u\u011fruyor. Baz\u0131 karavanlar\u0131n sahillerde ve koylarda g\u00fcnlerce, haftalarca, hatta sezon boyunca konu\u015fland\u0131\u011f\u0131 belirtilirken, adal\u0131lar &#8220;Bunun ad\u0131 \u00f6zg\u00fcrl\u00fck de\u011fil&#8221; diyerek \u00e7\u00f6z\u00fcm i\u00e7in karavanlara alt yap\u0131s\u0131 olan alanlar olu\u015fturulmas\u0131 gerekti\u011fini s\u00f6yl\u00fcyor.<\/span><br \/>\n<span style=\"font-family: arial, helvetica, sans-serif; font-size: 14px;\">\u0130l\u00e7ede yeni bir \u00e7\u00f6z\u00fcme gidilerek, yakla\u015f\u0131k iki haftad\u0131r kolluk g\u00fc\u00e7leri karavanlar\u0131 Ayazma&#8217;da bulunan otoparka y\u00f6nlendiriyor. S\u00f6z konusu alanda ise tuvalet ve du\u015f imkan\u0131 olsa da elektrik, su, ayd\u0131nlatma gibi altyap\u0131 eksikli\u011fi nedeniyle baz\u0131 karavanc\u0131lar g\u00f6sterilen alan\u0131 terk ediyor.<\/span><br \/>\n<span style=\"font-family: arial, helvetica, sans-serif; font-size: 14px;\">Al\u0131nan kararla ge\u00e7ici \u00e7\u00f6z\u00fcm\u00fcn b\u00fcy\u00fck oranda ba\u015far\u0131ya ula\u015ft\u0131\u011f\u0131n\u0131 ifade eden Bozcaada Belediye Ba\u015fkan\u0131 Hakan Can Y\u0131lmaz, &#8220;\u00d6zellikle Ayazma ve Sulubah\u00e7e\u2019deki karavan y\u00fck\u00fc b\u00fcy\u00fck oranda rahatlad\u0131. Ama baz\u0131 karavanc\u0131lar orada da durmak istemiyorlar, baz\u0131lar\u0131 aday\u0131 terk etmi\u015f&#8221; dedi.<\/span><br \/>\n<span style=\"font-family: arial, helvetica, sans-serif; font-size: 14px;\">\u00d6n\u00fcm\u00fczdeki d\u00f6nemler i\u00e7in Kaymakam Muhammet Mustafa Kara ile birlikte karavanlar i\u00e7in birka\u00e7 hazine arazisi \u00fczerinde konu\u015ftuklar\u0131n\u0131 belirten Ba\u015fkan Y\u0131lmaz, &#8220;\u0130n\u015fallah imar plan\u0131na ekleyerek adada birka\u00e7 karavan ve \u00e7ad\u0131r kamping alan\u0131 olu\u015fturulmas\u0131 d\u00fc\u015f\u00fcn\u00fcl\u00fcyor&#8221; \u015feklinde konu\u015ftu.<\/span><br \/>\n<span style=\"font-family: arial, helvetica, sans-serif; font-size: 14px;\">Bozcaada Turizm \u0130\u015fletmecileri Derne\u011fi Ba\u015fkan\u0131 Erkan Yavuz ise &#8220;Son y\u0131llarda karavanlar adan\u0131n en b\u00fcy\u00fck sorunlar\u0131ndan biri oldu. Bu durum orada vakit ge\u00e7iren insanlar\u0131 da etkiliyor, \u00e7evreyi de etkiliyor. Bir an \u00f6nce karavanlar i\u00e7in alanlar olu\u015fturulmal\u0131&#8221; diye konu\u015ftu.<\/span><\/p>\n","protected":false},"excerpt":{"rendered":"<p>\u00c7anakkale&#8217;nin Kuzey Ege&#8217;deki merkezi Bozcaada il\u00e7esinde sahiller ve koylar son y\u0131llarda karavanlar\u0131n i\u015fgaline u\u011fruyor. Adal\u0131lar, \u00f6zellikle uzun s\u00fcreli karavan konaklamalar\u0131n\u0131n<\/p>\n","protected":false},"author":3,"featured_media":14491,"comment_status":"open","ping_status":"open","sticky":false,"template":"","format":"standard","meta":{"colormag_page_container_layout":"default_layout","colormag_page_sidebar_layout":"default_layout","footnotes":""},"categories":[1,5],"tags":[],"class_list":["post-14489","post","type-post","status-publish","format-standard","has-post-thumbnail","hentry","category-genel","category-gundem"],"_links":{"self":[{"href":"https:\/\/marmarayerelhizmet.com\/index.php\/wp-json\/wp\/v2\/posts\/14489","targetHints":{"allow":["GET"]}}],"collection":[{"href":"https:\/\/marmarayerelhizmet.com\/index.php\/wp-json\/wp\/v2\/posts"}],"about":[{"href":"https:\/\/marmarayerelhizmet.com\/index.php\/wp-json\/wp\/v2\/types\/post"}],"author":[{"embeddable":true,"href":"https:\/\/marmarayerelhizmet.com\/index.php\/wp-json\/wp\/v2\/users\/3"}],"replies":[{"embeddable":true,"href":"https:\/\/marmarayerelhizmet.com\/index.php\/wp-json\/wp\/v2\/comments?post=14489"}],"version-history":[{"count":0,"href":"https:\/\/marmarayerelhizmet.com\/index.php\/wp-json\/wp\/v2\/posts\/14489\/revisions"}],"wp:featuredmedia":[{"embeddable":true,"href":"https:\/\/marmarayerelhizmet.com\/index.php\/wp-json\/wp\/v2\/media\/14491"}],"wp:attachment":[{"href":"https:\/\/marmarayerelhizmet.com\/index.php\/wp-json\/wp\/v2\/media?parent=14489"}],"wp:term":[{"taxonomy":"category","embeddable":true,"href":"https:\/\/marmarayerelhizmet.com\/index.php\/wp-json\/wp\/v2\/categories?post=14489"},{"taxonomy":"post_tag","embeddable":true,"href":"https:\/\/marmarayerelhizmet.com\/index.php\/wp-json\/wp\/v2\/tags?post=14489"}],"curies":[{"name":"wp","href":"https:\/\/api.w.org\/{rel}","templated":true}]}}