{"id":14485,"date":"2023-08-29T11:25:13","date_gmt":"2023-08-29T08:25:13","guid":{"rendered":"https:\/\/marmarayerelhizmet.com\/?p=14485"},"modified":"2023-08-29T11:25:13","modified_gmt":"2023-08-29T08:25:13","slug":"balikesirin-tarihi-anlatildi","status":"publish","type":"post","link":"https:\/\/marmarayerelhizmet.com\/index.php\/2023\/08\/29\/balikesirin-tarihi-anlatildi\/","title":{"rendered":"Bal\u0131kesir\u2019in Tarihi Anlat\u0131ld\u0131"},"content":{"rendered":"<p><strong><span style=\"font-family: arial, helvetica, sans-serif; font-size: 14px;\">Bal\u0131kesir&#8217;de, K\u00fclt\u00fcr ve Turizm Bakanl\u0131\u011f\u0131 taraf\u0131ndan roman vatanda\u015flar\u0131n, k\u00fclt\u00fcrel miras ve fark\u0131ndal\u0131k d\u00fczeyini artt\u0131rmak amac\u0131yla Kuv\u00e2-yi Milliye M\u00fczesi\u2019nde gezi d\u00fczenlendi.<br \/>\n<\/span><\/strong><br \/>\n<span style=\"font-family: arial, helvetica, sans-serif; font-size: 14px;\">Roman vatanda\u015flar\u0131n sosyal hayatta e\u015fit bir \u015fekilde yer alabilmesi ad\u0131na, Cumhurba\u015fkanl\u0131\u011f\u0131 ve K\u00fclt\u00fcr ve Turizm Bakanl\u0131\u011f\u0131\u2019n\u0131n destekleriyle Bal\u0131kesir\u2019de ya\u015fayan roman \u00e7ocuklara Bal\u0131kesir\u2019in tarihini \u00f6\u011fretmek amac\u0131yla \u00e7\u0131k\u0131lan projede ilk durak Kuv\u00e2-yi Milliye M\u00fczesi oldu. M\u00fczede roman \u00e7ocuklara Kuv\u00e2-yi Milliye ruhu ve Bal\u0131kesir\u2019in tarihi anlat\u0131ld\u0131. M\u00fcze ziyaretinde Bal\u0131kesir Roman Kad\u0131nlar Derne\u011fi Ba\u015fkan\u0131 Ya\u011fmur \u00d6ren, \u201cBal\u0131kesir Romanlar Derne\u011fi Ba\u015fkan\u0131 \u0130smail Arslan\u2019\u0131n b\u00fcy\u00fck bir u\u011fra\u015f verdi\u011fi bir proje. Roman \u00e7ocuklar\u0131n\u0131n sosyal hayatta e\u015fit bir \u015fekilde yer alabilmeleri ve tarihimizi \u00f6\u011frenmeleri amac\u0131yla b\u00f6yle bir projeye ad\u0131m att\u0131k. \u0130lk gezimizi Kuv\u00e2-yi Milliye M\u00fczesi\u2019nde ger\u00e7ekle\u015ftirdik. Bundan sonrada Bal\u0131kesir\u2019in tarihi g\u00fczelliklerini roman \u00e7ocuklar\u0131na aktarabilmek ve onlara daha g\u00fczel bir sosyal hayat sunabilmek ad\u0131na \u00e7al\u0131\u015fmalar\u0131m\u0131z devam edecek. Cumhurba\u015fkan\u0131m\u0131za ve Turizm Bakanl\u0131\u011f\u0131na bu projede bizlere destek verdikleri i\u00e7in \u00e7ok te\u015fekk\u00fcr ediyoruz\u201d dedi.<\/span><\/p>\n","protected":false},"excerpt":{"rendered":"<p>Bal\u0131kesir&#8217;de, K\u00fclt\u00fcr ve Turizm Bakanl\u0131\u011f\u0131 taraf\u0131ndan roman vatanda\u015flar\u0131n, k\u00fclt\u00fcrel miras ve fark\u0131ndal\u0131k d\u00fczeyini artt\u0131rmak amac\u0131yla Kuv\u00e2-yi Milliye M\u00fczesi\u2019nde gezi d\u00fczenlendi.<\/p>\n","protected":false},"author":3,"featured_media":14487,"comment_status":"open","ping_status":"open","sticky":false,"template":"","format":"standard","meta":{"colormag_page_container_layout":"default_layout","colormag_page_sidebar_layout":"default_layout","footnotes":""},"categories":[1,5,6],"tags":[],"class_list":["post-14485","post","type-post","status-publish","format-standard","has-post-thumbnail","hentry","category-genel","category-gundem","category-kultur-sanat"],"_links":{"self":[{"href":"https:\/\/marmarayerelhizmet.com\/index.php\/wp-json\/wp\/v2\/posts\/14485","targetHints":{"allow":["GET"]}}],"collection":[{"href":"https:\/\/marmarayerelhizmet.com\/index.php\/wp-json\/wp\/v2\/posts"}],"about":[{"href":"https:\/\/marmarayerelhizmet.com\/index.php\/wp-json\/wp\/v2\/types\/post"}],"author":[{"embeddable":true,"href":"https:\/\/marmarayerelhizmet.com\/index.php\/wp-json\/wp\/v2\/users\/3"}],"replies":[{"embeddable":true,"href":"https:\/\/marmarayerelhizmet.com\/index.php\/wp-json\/wp\/v2\/comments?post=14485"}],"version-history":[{"count":0,"href":"https:\/\/marmarayerelhizmet.com\/index.php\/wp-json\/wp\/v2\/posts\/14485\/revisions"}],"wp:featuredmedia":[{"embeddable":true,"href":"https:\/\/marmarayerelhizmet.com\/index.php\/wp-json\/wp\/v2\/media\/14487"}],"wp:attachment":[{"href":"https:\/\/marmarayerelhizmet.com\/index.php\/wp-json\/wp\/v2\/media?parent=14485"}],"wp:term":[{"taxonomy":"category","embeddable":true,"href":"https:\/\/marmarayerelhizmet.com\/index.php\/wp-json\/wp\/v2\/categories?post=14485"},{"taxonomy":"post_tag","embeddable":true,"href":"https:\/\/marmarayerelhizmet.com\/index.php\/wp-json\/wp\/v2\/tags?post=14485"}],"curies":[{"name":"wp","href":"https:\/\/api.w.org\/{rel}","templated":true}]}}