{"id":14481,"date":"2023-08-29T11:23:54","date_gmt":"2023-08-29T08:23:54","guid":{"rendered":"https:\/\/marmarayerelhizmet.com\/?p=14481"},"modified":"2023-08-29T11:23:54","modified_gmt":"2023-08-29T08:23:54","slug":"ceviz-goz-asisi-islemi-basladi","status":"publish","type":"post","link":"https:\/\/marmarayerelhizmet.com\/index.php\/2023\/08\/29\/ceviz-goz-asisi-islemi-basladi\/","title":{"rendered":"Ceviz G\u00f6z A\u015f\u0131s\u0131 \u0130\u015flemi Ba\u015flad\u0131"},"content":{"rendered":"<p><strong><span style=\"font-family: arial, helvetica, sans-serif; font-size: 14px;\">A\u015f\u0131l\u0131 ceviz fidan\u0131 \u00fcretiminde \u015fu an T\u00fcrkiye\u2019de birinci s\u0131rada yer alan Bal\u0131kesir&#8217;in Band\u0131rma il\u00e7esinde y\u0131lda ortalama 10 milyonun \u00fczerinde ceviz fidan\u0131 yeti\u015ftiriliyor.<br \/>\n<\/span><\/strong><br \/>\n<span style=\"font-family: arial, helvetica, sans-serif; font-size: 14px;\">Band\u0131rma\u2019ya 25 kilometre mesafede bulunan ceviz \u00fcss\u00fc olarak bilinen k\u0131rsal mahalleler, T\u00fcrkiye\u2019de ve D\u00fcnya&#8217;da ad\u0131ndan ceviz fidan\u0131 ile s\u00f6z ettiriliyor. T\u00fcrkiye\u2019deki toplam ceviz fidan\u0131 ihtiyac\u0131n\u0131n b\u00fcy\u00fck \u00e7o\u011funlu\u011funu kar\u015f\u0131layan bir\u00e7ok i\u015fletme i\u00e7 piyasan\u0131n yan\u0131nda bir\u00e7ok \u00fclkelere ceviz fidan\u0131 ihracat\u0131 yap\u0131yor. Erikli k\u0131rsal Mahallesi\u2019nde ikamet eden yakla\u015f\u0131k 10 y\u0131la a\u015fk\u0131n ceviz fidan\u0131 \u00fcretimi yapan ortaklar\u0131ndan Mustafa Kurt ve Durdu Y\u00fcceda\u011f ceviz fidan\u0131 ticaretinde son durumu anlatt\u0131.<\/span><br \/>\n<span style=\"font-family: arial, helvetica, sans-serif; font-size: 14px;\">T\u00fcrkiye&#8217;nin \u00f6nemli ceviz fidan\u0131 \u00fcretim yeri olan Erikli, Dedeoba ve Sahil Yenice&#8217;de, y\u0131lda ortalama 10 milyonun \u00fczerinde ceviz fidan\u0131 yeti\u015ftiriliyor. A\u015f\u0131lama ve bak\u0131m i\u015flemlerinin ard\u0131ndan s\u00f6k\u00fclen fidanlar, son a\u015famada sat\u0131\u015f i\u00e7in iplerle ba\u011flanarak t\u0131rlara y\u00fcklenerek i\u00e7 piyasada da\u011f\u0131t\u0131l\u0131yor. Cevizin ba\u015fkenti konumuna gelen b\u00f6lgede belli ba\u015fl\u0131 noktalarda kurulmu\u015f olan yapay g\u00f6letlerden sulanma usul\u00fcyle en verimli ceviz fidanlar\u0131 elde ediliyor. 2 ortakl\u0131 k\u00f6kl\u00fc \u00fcreticilerden olan Mustafa Kurt ve Durdu Y\u00fcceda\u011f, Band\u0131rma&#8217;n\u0131n Ayy\u0131ld\u0131z, Dedeoba ve Erikli Mahallelerinden, b\u00f6l\u00fcm\u00fcnde uzmanla\u015fm\u0131\u015f a\u015f\u0131 ekipleriyle birlikte Dedeoba Mahallesi&#8217;nde 10 d\u00f6n\u00fcm araziye ekilmi\u015f 60 bin ceviz fidan\u0131na a\u015f\u0131lama i\u015flemlerini titizlikle a\u015f\u0131 i\u015flemlerini s\u00fcrd\u00fcr\u00fcyor.<\/span><br \/>\n<span style=\"font-family: arial, helvetica, sans-serif; font-size: 14px;\">Ceviz fidan\u0131 \u00fcreticisi Durdu Y\u00fcceda\u011f, Band\u0131rma&#8217;da \u00fcretilen ceviz fidanlar\u0131n\u0131n \u00fclke ekonomisine b\u00fcy\u00fck katk\u0131 sa\u011flad\u0131\u011f\u0131n\u0131 ve bu b\u00f6lgede ge\u00e7en y\u0131l fidan \u00fcretiminin 10 milyona yakla\u015ft\u0131\u011f\u0131n\u0131 belirtti. Y\u00fcceda\u011f, \u201cDedeoda Mahallesi\u2019nde Ceviz Fidan\u0131 a\u015f\u0131 sezonumuz ba\u015flad\u0131.10 d\u00f6n\u00fcml\u00fck arazi \u00fczerine 60 bin adet ana\u00e7 cevizimiz bulunmaktad\u0131r. T\u00fcrkiye\u2019nin \u00e7e\u015fitli rak\u0131mlar\u0131nda yeti\u015fmesi i\u00e7in cins de\u011fi\u015fikli\u011fi i\u00e7in a\u015f\u0131lar\u0131m\u0131z\u0131 yap\u0131yoruz. Ceviz fidanlar\u0131m\u0131z\u0131n a\u015f\u0131lama s\u00fcreci yakla\u015f\u0131k olarak 10 g\u00fcn s\u00fcrmektedir. Yapm\u0131\u015f oldu\u011fumuz a\u015f\u0131 \u00e7e\u015fitleri tamamen Tar\u0131m ve Orman Bakanl\u0131\u011f\u0131n\u0131n kontrol\u00fcnde olup 5553 say\u0131l\u0131 tohumluk yasas\u0131na uyumlu bir \u015fekilde \u00fcretim yap\u0131lmaktad\u0131r. T\u00fcm fidanlar\u0131m\u0131z mavi sertifikal\u0131 olup, Tar\u0131m bakanl\u0131\u011f\u0131nca denetimleri de yap\u0131lmaktad\u0131r. A\u015f\u0131lar\u0131n tamamlanmas\u0131ndan sonra fidanlar\u0131n b\u00fcy\u00fct\u00fclmesi, bak\u0131mlar\u0131 ve s\u00f6k\u00fcm i\u015flemleri yap\u0131larak, T\u00fcrkiye\u2019nin \u00e7e\u015fitli b\u00f6lgelerine ortalama 15 ila 20 ay gibi bir s\u00fcre de sevkiyat s\u00fcreci tamamlanmaktad\u0131r. \u00dclke ekonomisine katk\u0131 sa\u011flamak i\u00e7in sa\u011fl\u0131kl\u0131, verimli ceviz fidanlar\u0131 \u00fcretiyoruz \u201ddedi.<br \/>\n<\/span><br \/>\n<strong><span style=\"font-family: arial, helvetica, sans-serif; font-size: 14px;\">Kurt: \u201cTaze ve g\u00fcnl\u00fck g\u00f6zlerden a\u015f\u0131 yap\u0131yoruz\u201d<\/span><\/strong><br \/>\n<span style=\"font-family: arial, helvetica, sans-serif; font-size: 14px;\">\u00dcreticisi Mustafa Kurt, kaliteli ve verimli bir ceviz fidan\u0131n ayn\u0131 zamanda da istihdama b\u00fcy\u00fck katk\u0131 sa\u011flad\u0131\u011f\u0131n\u0131 ifade etti. Kurt, \u201cMart ay\u0131nda toprakla bulu\u015fturdu\u011fumuz tohumlar\u0131m\u0131z, 5 ayl\u0131k s\u00fcre\u00e7te a\u015f\u0131 yap\u0131lacak duruma geldi. A\u015f\u0131lama \u00f6nce bir tak\u0131m haz\u0131rl\u0131klar\u0131 incelikleri bulunmaktad\u0131r. A\u015f\u0131 zaman\u0131nda su dengesini \u00e7ok iyi yapmak gerekiyor. Ana\u00e7 ceviz fidanlar\u0131m\u0131z\u0131n a\u015f\u0131 \u00f6ncesi tepe kesimi ve a\u015f\u0131 alan\u0131ndaki yapraklar\u0131 temizliyoruz. A\u015f\u0131 yapaca\u011f\u0131m\u0131z alan\u0131n en temiz yerini tercih ediyoruz. Temiz ve steril etti\u011fimiz a\u015f\u0131 b\u0131\u00e7a\u011f\u0131m\u0131z\u0131 paralel bir \u015fekilde tutup temiz bir kesim yaparak ana\u00e7 \u00fczerinden kabu\u011funu \u00e7\u0131kartmam\u0131z gerekiyor. Yoksa a\u015f\u0131 tutma oran\u0131n\u0131 ve kalitesini zay\u0131flatmak istemiyoruz. Ceviz a\u015f\u0131m\u0131z\u0131n g\u00f6zlerini g\u00fcnl\u00fck topluyoruz. Genellikle Ceviz Fidan\u0131 olarak Chandler cinsi yap\u0131yoruz. Ana\u00e7 \u00fczerinde \u00e7\u0131kard\u0131\u011f\u0131m\u0131z k\u0131sma kaliteli verimli olan ceviz cinsini a\u015f\u0131 yap\u0131yoruz. Cins de\u011fi\u015fikli\u011fine gitti\u011fimiz a\u015f\u0131n\u0131n band\u0131 yakla\u015f\u0131k 20 g\u00fcn boyunca duracakt\u0131r. G\u00f6rd\u00fc\u011f\u00fcm\u00fcz \u015fu ki ceviz fidan\u0131 a\u015f\u0131s\u0131 sadece bu b\u00f6lgede tutuyor. Burada de\u011fi\u015fik bir iklim h\u00e2kim. Ceviz meyvesinde Hakk\u00e2ri birinci, Kahramanmara\u015f ikinci, Denizli \u00fc\u00e7\u00fcnc\u00fc s\u0131rada yer al\u0131yor. Bizler istihdama katk\u0131 sa\u011fl\u0131yoruz. Band\u0131rma\u2019n\u0131n k\u00f6ylerine bak\u0131n insan kalmad\u0131. Ama burada bir tane d\u0131\u015far\u0131ya g\u00f6\u00e7 yok. Yapm\u0131\u015f oldu\u011fumuz sertifikal\u0131 ve a\u015f\u0131l\u0131 cevizlerimizi en k\u0131sa zamanda i\u00e7 ve d\u0131\u015f piyasada satmam\u0131z gerekiyor\u201d dedi.<\/span><\/p>\n","protected":false},"excerpt":{"rendered":"<p>A\u015f\u0131l\u0131 ceviz fidan\u0131 \u00fcretiminde \u015fu an T\u00fcrkiye\u2019de birinci s\u0131rada yer alan Bal\u0131kesir&#8217;in Band\u0131rma il\u00e7esinde y\u0131lda ortalama 10 milyonun \u00fczerinde ceviz<\/p>\n","protected":false},"author":3,"featured_media":14483,"comment_status":"open","ping_status":"open","sticky":false,"template":"","format":"standard","meta":{"colormag_page_container_layout":"default_layout","colormag_page_sidebar_layout":"default_layout","footnotes":""},"categories":[1,5],"tags":[],"class_list":["post-14481","post","type-post","status-publish","format-standard","has-post-thumbnail","hentry","category-genel","category-gundem"],"_links":{"self":[{"href":"https:\/\/marmarayerelhizmet.com\/index.php\/wp-json\/wp\/v2\/posts\/14481","targetHints":{"allow":["GET"]}}],"collection":[{"href":"https:\/\/marmarayerelhizmet.com\/index.php\/wp-json\/wp\/v2\/posts"}],"about":[{"href":"https:\/\/marmarayerelhizmet.com\/index.php\/wp-json\/wp\/v2\/types\/post"}],"author":[{"embeddable":true,"href":"https:\/\/marmarayerelhizmet.com\/index.php\/wp-json\/wp\/v2\/users\/3"}],"replies":[{"embeddable":true,"href":"https:\/\/marmarayerelhizmet.com\/index.php\/wp-json\/wp\/v2\/comments?post=14481"}],"version-history":[{"count":0,"href":"https:\/\/marmarayerelhizmet.com\/index.php\/wp-json\/wp\/v2\/posts\/14481\/revisions"}],"wp:featuredmedia":[{"embeddable":true,"href":"https:\/\/marmarayerelhizmet.com\/index.php\/wp-json\/wp\/v2\/media\/14483"}],"wp:attachment":[{"href":"https:\/\/marmarayerelhizmet.com\/index.php\/wp-json\/wp\/v2\/media?parent=14481"}],"wp:term":[{"taxonomy":"category","embeddable":true,"href":"https:\/\/marmarayerelhizmet.com\/index.php\/wp-json\/wp\/v2\/categories?post=14481"},{"taxonomy":"post_tag","embeddable":true,"href":"https:\/\/marmarayerelhizmet.com\/index.php\/wp-json\/wp\/v2\/tags?post=14481"}],"curies":[{"name":"wp","href":"https:\/\/api.w.org\/{rel}","templated":true}]}}