{"id":14477,"date":"2023-08-29T11:21:04","date_gmt":"2023-08-29T08:21:04","guid":{"rendered":"https:\/\/marmarayerelhizmet.com\/?p=14477"},"modified":"2023-08-29T11:21:04","modified_gmt":"2023-08-29T08:21:04","slug":"yurt-basvurulari-basladi","status":"publish","type":"post","link":"https:\/\/marmarayerelhizmet.com\/index.php\/2023\/08\/29\/yurt-basvurulari-basladi\/","title":{"rendered":"Yurt Ba\u015fvurular\u0131 Ba\u015flad\u0131"},"content":{"rendered":"<p><strong><span style=\"font-family: arial, helvetica, sans-serif; font-size: 14px;\">Gen\u00e7lik ve Spor Bakan\u0131 Osman A\u015fk\u0131n Bak, 2023-2024 y\u0131l\u0131 e\u011fitim \u00f6\u011fretim y\u0131l\u0131 yurt ba\u015fvurular\u0131n\u0131n ba\u015flad\u0131\u011f\u0131n\u0131 duyurdu.<br \/>\n<\/span><\/strong><br \/>\n<span style=\"font-family: arial, helvetica, sans-serif; font-size: 14px;\">Bakan Bak, Ankara\u2019da bulunan Cebeci Site Yurdu Gen\u00e7lik ve Spor Bakanl\u0131\u011f\u0131 Yurt Koordinasyon Merkezi\u2019nde d\u00fczenlenen bas\u0131n toplant\u0131s\u0131nda, yeni bir e\u011fitim \u00f6\u011fretim y\u0131l\u0131n\u0131n ba\u015flad\u0131\u011f\u0131n\u0131 ifade etti.<\/span><br \/>\n<span style=\"font-family: arial, helvetica, sans-serif; font-size: 14px;\">Bu e\u011fitim \u00f6\u011fretim y\u0131l\u0131nda 950 bin yatak kapasitesi ile \u00f6\u011frencilere hizmet vereceklerini dile getiren Bakan Bak, \u201cCovid-19 pandemisinde 150 bini a\u015fk\u0131n misafirimize yurtlarda ev sahipli\u011fi yapt\u0131k. Yang\u0131nlarda, sellerde, depremlerde ivedilikle \u00e7\u00f6z\u00fcm ortaya koyarak vatanda\u015flar i\u00e7in yurtlar\u0131 haz\u0131r hale getirdik. En son ya\u015fad\u0131\u011f\u0131m\u0131z 6 \u015eubat Kahramanmara\u015f depreminde toplamda 483 bin 179 vatanda\u015f\u0131m\u0131za yurtlarda hizmet verdik\u201d dedi.<\/span><br \/>\n<span style=\"font-family: arial, helvetica, sans-serif; font-size: 14px;\">Bakan Bak, GSB yurtlar\u0131nda yaln\u0131zca bar\u0131nma ihtiyac\u0131n\u0131 merkeze alan bir anlay\u0131\u015fla de\u011fil, ayn\u0131 zamanda beslenme, sa\u011fl\u0131k, sosyal, k\u00fclt\u00fcrel ve sportif konularda da b\u00fct\u00fcnc\u00fcl bir anlay\u0131\u015fla gen\u00e7lere hizmet verdiklerini aktard\u0131.<\/span><br \/>\n<span style=\"font-family: arial, helvetica, sans-serif; font-size: 14px;\">2022-2023 e\u011fitim \u00f6\u011fretim y\u0131l\u0131nda ba\u015fvuran adaylar\u0131n y\u00fczde 96\u2019s\u0131n\u0131 yurtlara yerle\u015ftirdiklerini belirten Bakan Bak, \u201cBug\u00fcn de yurt ba\u015fvuru s\u00fcrecini an itibari ile ba\u015flat\u0131yoruz. D\u00fcn itibari ile \u00fcniversite kay\u0131tlar\u0131 ba\u015flad\u0131. Biz de \u015fu anda yurtlardaki ba\u015fvurular\u0131 ba\u015flat\u0131yoruz. Ba\u015fvuru s\u00fcreci, 2 Eyl\u00fcl tarihi, saat 23.59 itibari ile sona erecek. Yerle\u015ftirme s\u00fcrecimiz her zaman oldu\u011fu gibi adil, \u015feffaf ve g\u00fcvenilir \u015fekilde ger\u00e7ekle\u015fecek. Bundan kimsenin \u015f\u00fcphesi olmas\u0131n\u201d dedi.<\/span><br \/>\n<span style=\"font-family: arial, helvetica, sans-serif; font-size: 14px;\">Yurt ba\u015fvurular\u0131 s\u00fcrecine dair bilgilendirme yapan Bakan Bak, yurtlara gelen ba\u015fvurular\u0131n 12 kamu kurumlar\u0131 taraf\u0131ndan dijital olarak analiz edilece\u011fini ifade etti.<\/span><br \/>\n<span style=\"font-family: arial, helvetica, sans-serif; font-size: 14px;\">Ba\u015fvurusu ge\u00e7ersiz say\u0131lan \u00f6\u011frencilerin, gelir, ba\u015far\u0131 ve sosyal durum kriterleri esas al\u0131narak dijital ortamda puanlama ile tespit edilecek ve buna g\u00f6re bir s\u0131ralama olu\u015fturularak okullar\u0131na en yak\u0131n yurtlara yerle\u015ftirilmesi sa\u011flanacak.<\/span><\/p>\n","protected":false},"excerpt":{"rendered":"<p>Gen\u00e7lik ve Spor Bakan\u0131 Osman A\u015fk\u0131n Bak, 2023-2024 y\u0131l\u0131 e\u011fitim \u00f6\u011fretim y\u0131l\u0131 yurt ba\u015fvurular\u0131n\u0131n ba\u015flad\u0131\u011f\u0131n\u0131 duyurdu. Bakan Bak, Ankara\u2019da bulunan<\/p>\n","protected":false},"author":3,"featured_media":14479,"comment_status":"open","ping_status":"open","sticky":false,"template":"","format":"standard","meta":{"colormag_page_container_layout":"default_layout","colormag_page_sidebar_layout":"default_layout","footnotes":""},"categories":[45,1,5],"tags":[],"class_list":["post-14477","post","type-post","status-publish","format-standard","has-post-thumbnail","hentry","category-egitim","category-genel","category-gundem"],"_links":{"self":[{"href":"https:\/\/marmarayerelhizmet.com\/index.php\/wp-json\/wp\/v2\/posts\/14477","targetHints":{"allow":["GET"]}}],"collection":[{"href":"https:\/\/marmarayerelhizmet.com\/index.php\/wp-json\/wp\/v2\/posts"}],"about":[{"href":"https:\/\/marmarayerelhizmet.com\/index.php\/wp-json\/wp\/v2\/types\/post"}],"author":[{"embeddable":true,"href":"https:\/\/marmarayerelhizmet.com\/index.php\/wp-json\/wp\/v2\/users\/3"}],"replies":[{"embeddable":true,"href":"https:\/\/marmarayerelhizmet.com\/index.php\/wp-json\/wp\/v2\/comments?post=14477"}],"version-history":[{"count":0,"href":"https:\/\/marmarayerelhizmet.com\/index.php\/wp-json\/wp\/v2\/posts\/14477\/revisions"}],"wp:featuredmedia":[{"embeddable":true,"href":"https:\/\/marmarayerelhizmet.com\/index.php\/wp-json\/wp\/v2\/media\/14479"}],"wp:attachment":[{"href":"https:\/\/marmarayerelhizmet.com\/index.php\/wp-json\/wp\/v2\/media?parent=14477"}],"wp:term":[{"taxonomy":"category","embeddable":true,"href":"https:\/\/marmarayerelhizmet.com\/index.php\/wp-json\/wp\/v2\/categories?post=14477"},{"taxonomy":"post_tag","embeddable":true,"href":"https:\/\/marmarayerelhizmet.com\/index.php\/wp-json\/wp\/v2\/tags?post=14477"}],"curies":[{"name":"wp","href":"https:\/\/api.w.org\/{rel}","templated":true}]}}