{"id":14473,"date":"2023-08-30T00:05:58","date_gmt":"2023-08-29T21:05:58","guid":{"rendered":"https:\/\/marmarayerelhizmet.com\/?p=14473"},"modified":"2023-08-30T00:09:47","modified_gmt":"2023-08-29T21:09:47","slug":"kurtdere-guresleri-1-3-eylulde","status":"publish","type":"post","link":"https:\/\/marmarayerelhizmet.com\/index.php\/2023\/08\/30\/kurtdere-guresleri-1-3-eylulde\/","title":{"rendered":"Kurtdere G\u00fcre\u015fleri 1-3 Eyl\u00fcl&#8217;de"},"content":{"rendered":"<p><span style=\"font-family: arial, helvetica, sans-serif; font-size: 14px;\">Bu y\u0131l 63.s\u00fc d\u00fczenlenecek olan Kurtdereli Mehmet Pehlivan G\u00fcre\u015fleri, 1-3 Eyl\u00fcl tarihleri aras\u0131nda Bal\u0131kesir\u2019in merkez Karesi il\u00e7esi k\u0131rsal Kurtdere Mahallesi\u2019nde d\u00fczenlenecek. 1000\u2019e yak\u0131n pehlivan\u0131n er meydan\u0131na \u00e7\u0131kaca\u011f\u0131 g\u00fcre\u015fler CW Enerji T\u00fcrkiye Ya\u011fl\u0131 G\u00fcre\u015fleri Ligi 1. Sezon finallerine de ev sahipli\u011fi yapacak.<\/span><\/p>\n<p><span style=\"font-family: arial, helvetica, sans-serif; font-size: 14px;\">Bal\u0131kesir B\u00fcy\u00fck\u015fehir ile Karesi Belediyesi\u2019nin i\u015f birli\u011fi ile bu y\u0131l 63\u2019\u00fcnc\u00fcs\u00fc d\u00fczenlenecek olan geleneksel Kurtdereli Mehmet Pehlivan G\u00fcre\u015fleri 1 Eyl\u00fcl Cuma g\u00fcn\u00fc ba\u015fl\u0131yor. 3 Eyl\u00fcl Pazar G\u00fcn\u00fc ba\u015fpehlivanl\u0131k ve CW Enerji T\u00fcrkiye Ya\u011fl\u0131 G\u00fcre\u015fleri Ligi 1. Sezon finallerine ev sahipli\u011fi yapacak olan g\u00fcre\u015flerde 1000\u2019e yak\u0131n sporcu er meydan\u0131nda k\u0131yas\u0131ya m\u00fccadele edecek. <\/span><br \/>\n<span style=\"font-family: arial, helvetica, sans-serif; font-size: 14px;\">1 Eyl\u00fcl Cuma g\u00fcn\u00fc saat 08.00\u2019da Kurtdere Mahallesi\u2019nde minik 1, minik 2, te\u015fvik 1, te\u015fvik 2, tozkoparan, ayak, deste 1, deste 2, deste 3 ve orta boylar\u0131n boy ayr\u0131m\u0131yla ba\u015flayacak Kurtdereli G\u00fcre\u015fleri; 12.30\u2019da Kurtdereli Mehmet Pehlivan\u2019\u0131n an\u0131t mezar\u0131n\u0131 ziyaret ile devam edecek. 12.45\u2019te Mevlid-i \u015eerif\u2019in okutulaca\u011f\u0131 programda 14.00\u2019da mevlit yeme\u011fi verilecek. 14.30\u2019da resmi a\u00e7\u0131l\u0131\u015f\u0131 yap\u0131lacak olan g\u00fcre\u015fler de mehter tak\u0131m\u0131 g\u00f6sterisi ard\u0131ndan ya\u011fl\u0131 g\u00fcre\u015f m\u00fcsabakalar\u0131 ba\u015flayacak.<br \/>\n<\/span><br \/>\n<strong><span style=\"font-family: arial, helvetica, sans-serif; font-size: 14px;\">PAZAR G\u00dcN\u00dc SON BULACAK<\/span><\/strong><br \/>\n<span style=\"font-family: arial, helvetica, sans-serif; font-size: 14px;\">18.00\u2019da \u015eeyh L\u00fctfullah Camii Meydan\u0131\u2019ndan kortej y\u00fcr\u00fcy\u00fc\u015f\u00fc ve 19.00\u2019de Kurtdereli Mehmet Pehlivan An\u0131t\u0131\u2019na \u00e7elenk sunulacak. 3 A\u011fustos Cumartesi g\u00fcn\u00fc ya\u011fl\u0131 g\u00fcre\u015f m\u00fcsabakalar\u0131n\u0131n 09.00\u2019da ba\u015flayaca\u011f\u0131 Kurtdereli G\u00fcre\u015fleri; Pazar g\u00fcn\u00fc ise 12.00\u2019da ba\u015fpehlivanlar\u0131n kura \u00e7ekimi, 18.30\u2019da Ba\u015fpehlivanl\u0131k final g\u00fcre\u015fi ve 19.00\u2019daki \u00f6d\u00fcl t\u00f6reni ile sona erecek.<\/span><\/p>\n<p>&nbsp;<\/p>\n","protected":false},"excerpt":{"rendered":"<p>Bu y\u0131l 63.s\u00fc d\u00fczenlenecek olan Kurtdereli Mehmet Pehlivan G\u00fcre\u015fleri, 1-3 Eyl\u00fcl tarihleri aras\u0131nda Bal\u0131kesir\u2019in merkez Karesi il\u00e7esi k\u0131rsal Kurtdere Mahallesi\u2019nde<\/p>\n","protected":false},"author":3,"featured_media":14475,"comment_status":"open","ping_status":"open","sticky":false,"template":"","format":"standard","meta":{"colormag_page_container_layout":"default_layout","colormag_page_sidebar_layout":"default_layout","footnotes":""},"categories":[1,5,8,9],"tags":[],"class_list":["post-14473","post","type-post","status-publish","format-standard","has-post-thumbnail","hentry","category-genel","category-gundem","category-siyaset","category-spor"],"_links":{"self":[{"href":"https:\/\/marmarayerelhizmet.com\/index.php\/wp-json\/wp\/v2\/posts\/14473","targetHints":{"allow":["GET"]}}],"collection":[{"href":"https:\/\/marmarayerelhizmet.com\/index.php\/wp-json\/wp\/v2\/posts"}],"about":[{"href":"https:\/\/marmarayerelhizmet.com\/index.php\/wp-json\/wp\/v2\/types\/post"}],"author":[{"embeddable":true,"href":"https:\/\/marmarayerelhizmet.com\/index.php\/wp-json\/wp\/v2\/users\/3"}],"replies":[{"embeddable":true,"href":"https:\/\/marmarayerelhizmet.com\/index.php\/wp-json\/wp\/v2\/comments?post=14473"}],"version-history":[{"count":0,"href":"https:\/\/marmarayerelhizmet.com\/index.php\/wp-json\/wp\/v2\/posts\/14473\/revisions"}],"wp:featuredmedia":[{"embeddable":true,"href":"https:\/\/marmarayerelhizmet.com\/index.php\/wp-json\/wp\/v2\/media\/14475"}],"wp:attachment":[{"href":"https:\/\/marmarayerelhizmet.com\/index.php\/wp-json\/wp\/v2\/media?parent=14473"}],"wp:term":[{"taxonomy":"category","embeddable":true,"href":"https:\/\/marmarayerelhizmet.com\/index.php\/wp-json\/wp\/v2\/categories?post=14473"},{"taxonomy":"post_tag","embeddable":true,"href":"https:\/\/marmarayerelhizmet.com\/index.php\/wp-json\/wp\/v2\/tags?post=14473"}],"curies":[{"name":"wp","href":"https:\/\/api.w.org\/{rel}","templated":true}]}}