{"id":14469,"date":"2023-08-28T22:35:06","date_gmt":"2023-08-28T19:35:06","guid":{"rendered":"https:\/\/marmarayerelhizmet.com\/?p=14469"},"modified":"2023-08-28T22:35:06","modified_gmt":"2023-08-28T19:35:06","slug":"mustafa-kemal-yolu-projesi","status":"publish","type":"post","link":"https:\/\/marmarayerelhizmet.com\/index.php\/2023\/08\/28\/mustafa-kemal-yolu-projesi\/","title":{"rendered":"\u2018Mustafa Kemal Yolu\u2019 Projesi"},"content":{"rendered":"<p><strong><span style=\"font-family: arial, helvetica, sans-serif; font-size: 14px;\">\u00c7anakkale Sava\u015flar\u0131 Gelibolu Tarihi Alan Ba\u015fkanl\u0131\u011f\u0131 taraf\u0131ndan haz\u0131rlanan \u2018Mustafa Kemal Yolu\u2019 projesiyle, Mustafa Kemal Atat\u00fcrk\u2019\u00fcn \u00c7anakkale Muharebelerindeki rol\u00fc anlat\u0131lacak. \u2018Mustafa Kemal Yolu\u2019 projesiyle, \u00c7anakkale Muharebelerinin bilinirlili\u011finin art\u0131r\u0131lmas\u0131, sava\u015f anlat\u0131mlar\u0131n\u0131n kapal\u0131 alanlardan \u00e7\u0131kar\u0131l\u0131p sava\u015f\u0131n ya\u015fand\u0131\u011f\u0131 alanlara y\u00f6nelik mekansal d\u00fczenlemeler yap\u0131lmas\u0131, bu alanlar\u0131n hikayelerinin ziyaret\u00e7ilere \u00e7e\u015fitlendirilerek sunulmas\u0131 amac\u0131yla Mustafa Kemal Atat\u00fcrk&#8217;\u00fcn, \u00c7anakkale&#8217;ye intikalinden ba\u015flanarak Eceabat\u2019ta harp sahas\u0131ndaki izlemi\u015f oldu\u011fu rotan\u0131n tarihsel veriler do\u011frultusunda ziyaret rotas\u0131 olarak d\u00fczenlenmesi ama\u00e7lan\u0131yor. \u00c7anakkale Sava\u015flar\u0131 Gelibolu Tarihi Alan Ba\u015fkan\u0131 \u0130smail Ka\u015fdemir, yap\u0131m \u00e7al\u0131\u015fmalar\u0131 devam eden yel de\u011firmeninde incelemelerde bulunarak, i\u015f\u00e7ilerle birlikte har\u00e7 att\u0131.<br \/>\n<\/span><\/strong><br \/>\n<span style=\"font-family: arial, helvetica, sans-serif; font-size: 14px;\">Tarihin en kanl\u0131 muharebelerinden birine sahne olan ve d\u00fcnya harp tarihine ge\u00e7en \u2018\u00c7anakkale Ge\u00e7ilmez\u2019 destan\u0131n\u0131n yaz\u0131ld\u0131\u011f\u0131 \u00c7anakkale Sava\u015flar\u0131&#8217;n\u0131n ya\u015fand\u0131\u011f\u0131 Tarihi Gelibolu Yar\u0131madas\u0131ndaki \u015eehitler Abidesi, Seyit Onba\u015f\u0131 Heykeli, 57\u2019nci Piyade Alay\u0131 \u015eehitli\u011fi, Conkbay\u0131r\u0131, \u00c7anakkale Destan\u0131 Tan\u0131t\u0131m Merkezi, Kilitbahir Kalesi, Bigal\u0131 Kalesi ve Sedd\u00fclbahir Kalesiyle her y\u0131l binlerce ziyaret\u00e7iye \u00c7anakkale Ruhu&#8217;nu ya\u015fatmaya devam ediyor.<\/span><br \/>\n<span style=\"font-family: arial, helvetica, sans-serif; font-size: 14px;\">Ad\u0131m at\u0131lan her noktas\u0131nda \u00c7anakkale Sava\u015flar\u0131\u2019n\u0131n izlerinin g\u00f6r\u00fclmesi m\u00fcmk\u00fcn olan, a\u00e7\u0131k hava m\u00fczesi niteli\u011fi ta\u015f\u0131yan Tarihi Gelibolu Yar\u0131madas\u0131\u2019nda, \u00c7anakkale Sava\u015flar\u0131 Gelibolu Tarihi Alan Ba\u015fkanl\u0131\u011f\u0131 hayata ge\u00e7irdi\u011fi ve ge\u00e7irece\u011fi yeni projelerle, \u00c7anakkale Ruhu&#8217;nu ve \u00c7anakkale Destan\u0131\u2019n\u0131 daha fazla ki\u015fiye ula\u015ft\u0131rmay\u0131 hedefliyor. Bu \u00e7er\u00e7evede Tarihi Alan Ba\u015fkanl\u0131\u011f\u0131 taraf\u0131ndan Mustafa Kemal Atat\u00fcrk&#8217;\u00fcn \u00c7anakkale Muharebelerindeki rol\u00fcn\u00fcn anlat\u0131lmas\u0131 i\u00e7in \u2018Mustafa Kemal Yolu\u2019 projesi hayata ge\u00e7irildi.<\/span><br \/>\n<span style=\"font-family: arial, helvetica, sans-serif; font-size: 14px;\">\u00c7anakkale Sava\u015flar\u0131&#8217;n\u0131n ya\u015fand\u0131\u011f\u0131 Tarihi Gelibolu Yar\u0131madas\u0131ndaki Eceabat il\u00e7esine ba\u011fl\u0131 Bigal\u0131 k\u00f6y\u00fc yak\u0131nlar\u0131nda tespit edilen Mustafa Kemal Atat\u00fcrk&#8217;\u00fcn \u00c7anakkale Sava\u015flar\u0131&#8217;ndaki ilk karargah\u0131 \u2018Mustafa Kemal Yolu\u2019 projesi, \u00c7anakkale Sava\u015flar\u0131 Gelibolu Tarihi Alan Ba\u015fkanl\u0131\u011f\u0131n\u0131n \u00e7al\u0131\u015fmas\u0131yla ihha edilecek. Tarihi Alan Ba\u015fkan\u0131 \u0130smail Ka\u015fdemir, hayata ge\u00e7irilecek proje alan\u0131 \u00fczerinde bas\u0131n a\u00e7\u0131klamas\u0131 d\u00fczenlendi. Tarihi Alan Ba\u015fkan\u0131 \u0130smail Ka\u015fdemir yapt\u0131\u011f\u0131 a\u00e7\u0131klamada, \u201cBiz \u00c7anakkale Sava\u015flar\u0131 Gelibolu Tarihi Alan Ba\u015fkanl\u0131\u011f\u0131 olarak bug\u00fcn \u00e7ok heyecanl\u0131y\u0131z. Tarihi topraklarda, tarihi bir projenin ilk ad\u0131m\u0131n\u0131 at\u0131yoruz. Mustafa Kemal Yolu projesinin ilk ad\u0131mlar\u0131n\u0131 Mustafa Kemal Atat\u00fcrk\u2019\u00fcn y\u00fcr\u00fcd\u00fc\u011f\u00fc, dinlendi\u011fi, askerlerini komuta etti\u011fi, \u2018Ben size taarruzu de\u011fil, \u00f6lmeyi emrediyorum\u2019 dedi\u011fi, \u2018silah\u0131n\u0131z yoksa, s\u00fcng\u00fcn\u00fcz var\u2019 dedi\u011fi, \u2018d\u00fc\u015fmandan ka\u00e7\u0131lmaz\u2019 dedi\u011fi topraklarday\u0131z. Ve 3 y\u0131ll\u0131k hummal\u0131 bir \u00e7al\u0131\u015fman\u0131n sonunda, \u2018Mustafa Kemal Yolu\u2019 projemizin ilk ad\u0131m\u0131 bug\u00fcn \u00c7anakkale Tarihi Alan\u2019da at\u0131yoruz. \u00c7ok heyecanl\u0131y\u0131z. Mustafa Kemal\u2019in ayak izlerinin oldu\u011fu bu topraklarda, buraya gelen ziyaret\u00e7ilere \u00c7anakkale Ruhunu, \u00c7anakkale kahramanl\u0131\u011f\u0131n\u0131 daha yak\u0131ndan hissettirmek istiyoruz. Mustafa Kemal bu topraklarda tarih sahnesine \u00e7\u0131kt\u0131. Bu topraklarda Mehmet\u00e7ikle, askerleriyle beraber bu topraklar\u0131 \u2018\u00c7anakkale Ge\u00e7ilmez\u2019 yapt\u0131. Bu yollarda y\u00fcr\u00fcd\u00fc. Mustafa Kemal bu yollarda yaln\u0131z y\u00fcr\u00fcmedi. Yan\u0131nda Mehmet\u00e7ik, Kaz\u0131m Karabekir Pa\u015fa, Fevzi \u00c7akmak Pa\u015fa, Cevat Pa\u015fa, Esat Pa\u015fa vard\u0131. Mustafa Kemal\u2019in yan\u0131nda Bigal\u0131 Mehmet \u00c7avu\u015f, Seyit Onba\u015f\u0131, Ezine\u2019li Yahya \u00c7avu\u015f, Y\u00fczba\u015f\u0131 Yusuf Kenan vard\u0131. Ve bu topraklarda \u00c7anakkale\u2019de Mustafa Kemal Atat\u00fcrk, silah arkada\u015flar\u0131yla, Mehmet\u00e7ikle, T\u00fcrk milletiyle beraber b\u00fcy\u00fck bir destana, zafere imza att\u0131lar. \u2018\u00c7anakkale\u2019yi Ge\u00e7ilmez\u2019 yapt\u0131lar. Bu topraklarda Kurtulu\u015f Sava\u015f\u0131\u2019n\u0131n ilk ad\u0131mlar\u0131 at\u0131ld\u0131. Bu topraklarda Cumhuriyetin ilk ad\u0131mlar\u0131 at\u0131ld\u0131 ve kurtulu\u015fa olan inan\u00e7 ortaya \u00e7\u0131kt\u0131. Yakla\u015f\u0131k 17 kilometrelik bu Mustafa Kemal yolu g\u00fczergah\u0131nda in\u015fallah hem \u00e7ocuklar\u0131m\u0131z \u00c7anakkale\u2019yi daha iyi anlama imkan\u0131na sahip olacaklar. Hem gen\u00e7lerimiz y\u00fcr\u00fcme, burada kamp kurma imkan\u0131na sahip olacaklar. Hem de b\u00fct\u00fcn ziyaret\u00e7ilerimiz \u00c7anakkale\u2019yi daha iyi anlama, \u00c7anakkale Muharebelerinin fedakarl\u0131\u011f\u0131n\u0131, \u00c7anakkale cefakarl\u0131\u011f\u0131n\u0131n, \u00c7anakkale kahramanl\u0131\u011f\u0131n\u0131 daha yak\u0131nda anlama, tan\u0131ma, hissetme imkan\u0131na sahip olacaklar. \u00c7anakkale bu milletin ortak de\u011feridir. \u00c7anakkale bu milletin, T\u00fcrk milletinin kalbidir. Ve in\u015fallah T\u00fcrk milletinin evlatlar\u0131 \u00c7anakkale\u2019de bulu\u015farak, bu yollarda y\u00fcr\u00fcyerek ecdad\u0131n\u0131 daha iyi anlayacaklar. Bu topraklar\u0131n nas\u0131l vatan yap\u0131ld\u0131\u011f\u0131n\u0131, daha iyi anlama imkan\u0131n sahip olacaklar. Bizde o b\u00fcy\u00fck kahramanlar\u0131n evlatlar\u0131 olarak onlar\u0131n tarihsel yolculukta nas\u0131l b\u00fcy\u00fck bir m\u00fccadele verdiklerini daha iyi anlatma imkan\u0131na sahip olaca\u011f\u0131z. Onlar\u0131 unutmad\u0131k, unutmayaca\u011f\u0131z ve onlar\u0131 unutturmayaca\u011f\u0131z. \u00c7anakkale ruhu nu topraklarda daima k\u0131yamete kadar var olacakt\u0131r. O y\u00fczden b\u00fct\u00fcn halk\u0131m\u0131z\u0131 \u00c7anakkale\u2019ye davet ediyoruz\u201d dedi.<\/span><br \/>\n<span style=\"font-family: arial, helvetica, sans-serif; font-size: 14px;\">\u2018Mustafa Kemal Yolu\u2019 projesinin ilk ba\u015flang\u0131\u00e7 noktas\u0131n\u0131n Bigal\u0131 k\u00f6y\u00fc yak\u0131nlar\u0131ndaki Yel de\u011firmeni oldu\u011funu da ifade ede Tarihi Alan Ba\u015fkan\u0131 \u0130smail Ka\u015fdemir, konu\u015fmas\u0131na \u015f\u00f6yle devam etti:<\/span><br \/>\n<span style=\"font-family: arial, helvetica, sans-serif; font-size: 14px;\">\u201c57\u2019nci Alay Anzak \u00e7\u0131karmas\u0131na kar\u015f\u0131 koymadan \u00f6nce konu\u015fland\u0131\u011f\u0131 ve istirahat etti\u011fi yerdeyiz. Ve buradan Mustafa Kemal\u2019in emriyle harekete ge\u00e7erek ilk \u00e7\u0131karmay\u0131 engelledi\u011fi ve d\u00fc\u015fman\u0131 durdurdu\u011fu yerin ba\u015flang\u0131\u00e7 noktas\u0131nday\u0131z. Mustafa Kemal Yolu yakla\u015f\u0131k 17 kilometrelik bir g\u00fczergahtan olu\u015fuyor. Bu g\u00fczergah, Gazi Mustafa Kemal Atat\u00fcrk&#8217;\u00fcn \u00c7anakkale&#8217;ye ilk ad\u0131m att\u0131\u011f\u0131 25 \u015eubat 1915 tarihinden itibaren, 289 g\u00fcn boyunca nerede y\u00fcr\u00fcd\u00fcyse, nerede karargah kurmu\u015fsa, nerede askerleriyle beraber d\u00fc\u015fmana kar\u015f\u0131 koymu\u015fsa b\u00fct\u00fcn o noktalar\u0131 i\u00e7eren bir g\u00fczergah olacak. Gazi Mustafa Kemal&#8217;in Mehmet\u00e7ik ve silah arkada\u015flar\u0131yla y\u00fcr\u00fcd\u00fc\u011f\u00fc bu yollarda T\u00fcrk milletinin evlatlar\u0131yla beraber y\u00fcr\u00fcyerek \u00c7anakkale ruhunu daha yak\u0131ndan hissetmek, buradaki kahramanl\u0131\u011f\u0131, fedakarl\u0131\u011f\u0131 daha iyi aktarmak istiyoruz.\u201d<\/span><br \/>\n<span style=\"font-family: arial, helvetica, sans-serif; font-size: 14px;\">\u00c7anakkale Sava\u015flar\u0131 Gelibolu Tarihi Alan Ba\u015fkan\u0131 \u0130smail Ka\u015fdemir, a\u00e7\u0131klamas\u0131n\u0131n ard\u0131ndan yap\u0131m \u00e7al\u0131\u015fmalar\u0131 devam eden yel de\u011firmeninde incelemelerde bulunarak, i\u015f\u00e7ilerle birlikte har\u00e7 att\u0131.<\/span><br \/>\n<span style=\"font-family: arial, helvetica, sans-serif; font-size: 14px;\">\u2018Mustafa Kemal Yolu\u2019 projesiyle, Mustafa Kemal Atat\u00fcrk&#8217;\u00fcn \u00c7anakkale Muharebelerindeki rol\u00fcn\u00fcn anlat\u0131lmas\u0131, \u00c7anakkale Muharebelerinin bilinirlili\u011finin art\u0131r\u0131lmas\u0131, sava\u015f anlat\u0131mlar\u0131n\u0131n kapal\u0131 alanlardan \u00e7\u0131kar\u0131l\u0131p sava\u015f\u0131n ya\u015fand\u0131\u011f\u0131 alanlara y\u00f6nelik mekansal d\u00fczenlemeler yap\u0131lmas\u0131, bu alanlar\u0131n hikayelerinin ziyaret\u00e7ilere \u00e7e\u015fitlendirilerek sunulmas\u0131 amac\u0131yla Mustafa Kemal Atat\u00fcrk&#8217;\u00fcn, \u00c7anakkale&#8217;ye intikalinden ba\u015flanarak Eceabat\u2019ta harp sahas\u0131ndaki izlemi\u015f oldu\u011fu rotan\u0131n tarihsel veriler do\u011frultusunda ziyaret rotas\u0131 olarak d\u00fczenlenmesi ama\u00e7lan\u0131yor. Kara sava\u015flar\u0131 \u00e7er\u00e7evesinde e\u015f zamanl\u0131 olu\u015fan savunma hatlar\u0131 ve mevzilerin sava\u015f\u0131n taraflar\u0131 a\u00e7\u0131s\u0131ndan \u00f6neminin kar\u015f\u0131la\u015ft\u0131rmalar yap\u0131larak anlat\u0131lmas\u0131 a\u00e7\u0131s\u0131ndan, mevcutta ihyas\u0131 yap\u0131lm\u0131\u015f olan y\u00fcr\u00fcy\u00fc\u015fe y\u00f6nelik Shrapnel Valley Mezarl\u0131\u011f\u0131&#8217;ndan ba\u015flay\u0131p, Shell Green Mezarl\u0131\u011f\u0131nda sonlanan Ar\u0131burnu Y\u00fcr\u00fcy\u00fc\u015f G\u00fczergah\u0131 ile etkile\u015fimi ve halen \u00e7al\u0131\u015fmalar\u0131na devam edilen dal\u0131\u015f turizmine y\u00f6nelik Sedd\u00fclbahir k\u00f6y\u00fc a\u00e7\u0131klar\u0131nda bulunan Majestik Bat\u0131\u011f\u0131&#8217;n\u0131n Dal\u0131\u015f Turizmine a\u00e7\u0131lmas\u0131 projesiyle deniz sava\u015flar\u0131na de\u011finilirken, Mustafa Kemal\u2019in rotas\u0131 ile kara sava\u015flar\u0131na dikkat \u00e7ekilerek, \u00c7anakkale\u2019de verilen m\u00fccadelenin denizde ve karada olmak \u00fczere iki aya\u011f\u0131n\u0131n ayr\u0131lmaz bir b\u00fct\u00fcn oldu\u011fu vurgulanacak.<\/span><br \/>\n<span style=\"font-family: arial, helvetica, sans-serif; font-size: 14px;\">\u2018Mustafa Kemal Yolu\u2019 projesiyle 3 farkl\u0131 kitlenin hedef al\u0131nmas\u0131 bekleniyor. Proje de, arabal\u0131 tur ile \u00e7ocuklar ve gen\u00e7ler i\u00e7in kurgulanan rota, Bigal\u0131 k\u00f6y\u00fcn\u00fcn bat\u0131s\u0131nda yer alan ve 19. T\u00fcmen Karargah\u0131n\u0131n kurulmu\u015f oldu\u011fu lokasyonda bulunan de\u011firmenin restorasyonun yap\u0131larak \u2018Sava\u015f Oyunlar\u0131 Alan\u0131\u2019 olarak d\u00fczenlenmesi planlan\u0131yor. Projenin ke\u015ffetmeye imkan sa\u011flamas\u0131, beden ve zihni ayn\u0131 anda \u00e7al\u0131\u015ft\u0131rmaya y\u00f6nelik kurgulanm\u0131\u015f olmas\u0131 nedeniyle se\u00e7ilen hedef kitle \u00e7ocuklar ve gen\u00e7lerden olu\u015fuyor.<\/span><br \/>\n<span style=\"font-family: arial, helvetica, sans-serif; font-size: 14px;\">Y\u00fcr\u00fcy\u00fc\u015f rotas\u0131yla 16-55 ya\u015f aral\u0131\u011f\u0131ndaki ziyaret\u00e7iler hedefleniyor. Bu rotada kendi i\u00e7inde iki \u00f6neride yer al\u0131rken, birinci \u00f6neri de yakla\u015f\u0131k 15 kilometre olan y\u00fcr\u00fcy\u00fc\u015f rotas\u0131, ziyaret\u00e7ilerin ara\u00e7lar\u0131n\u0131 Kocadere Kamp Alan\u0131na park etmesiyle ba\u015flayacak. Bigal\u0131 deresi boyunca y\u00fcr\u00fcnerek \u0130simsizdere-Ayazmadere\u2019, Matikdere, Koca\u00e7imentepe, Conkbay\u0131r\u0131, 9 Nolu Siper, D\u00fczdetepe, 180 Rak\u0131ml\u0131 Tepe, Kemalyeri, M\u00fcbarekdere \u015eehitli\u011fi hatt\u0131n\u0131 izleyerek Kocadere K\u00f6y\u00fcne ordan da Kocadere Kamp Alan\u0131na ula\u015f\u0131lacak. Rotay\u0131 yakla\u015f\u0131k 5 kilometre kadar k\u0131saltacak \u0130kinci \u00f6neri de ise, yine Kocadere Kamp alan\u0131ndan ba\u015flaty\u0131p, Matikdereye ula\u015f\u0131p, bu noktada di\u011fer rota ile kesi\u015fecek. Proje alan\u0131n\u0131n kendine \u00f6zg\u00fc ko\u015fullar\u0131n\u0131n (iklim, bitki \u00f6rt\u00fcs\u00fc, arazi vb.) avantaja \u00e7evrilmi\u015f olmas\u0131 sebebiyle, 16-55 ya\u015f aral\u0131\u011f\u0131nda olan ziyaret\u00e7iler se\u00e7ildi.<\/span><br \/>\n<span style=\"font-family: arial, helvetica, sans-serif; font-size: 14px;\">Proje de konaklamal\u0131 ziyaretiyle, Da\u011fc\u0131l\u0131k kul\u00fcpleri, hiking gruplar\u0131, \u00fcniversite \u00f6\u011frencileri hedefleniyor. Hedef gruplar\u0131n konaklamas\u0131na imkan sa\u011flayan \u00f6neride ziyaret s\u00fcreleri de uzat\u0131lm\u0131\u015f olacak.<\/span><\/p>\n","protected":false},"excerpt":{"rendered":"<p>\u00c7anakkale Sava\u015flar\u0131 Gelibolu Tarihi Alan Ba\u015fkanl\u0131\u011f\u0131 taraf\u0131ndan haz\u0131rlanan \u2018Mustafa Kemal Yolu\u2019 projesiyle, Mustafa Kemal Atat\u00fcrk\u2019\u00fcn \u00c7anakkale Muharebelerindeki rol\u00fc anlat\u0131lacak. \u2018Mustafa<\/p>\n","protected":false},"author":3,"featured_media":14471,"comment_status":"open","ping_status":"open","sticky":false,"template":"","format":"standard","meta":{"colormag_page_container_layout":"default_layout","colormag_page_sidebar_layout":"default_layout","footnotes":""},"categories":[1,5,8],"tags":[],"class_list":["post-14469","post","type-post","status-publish","format-standard","has-post-thumbnail","hentry","category-genel","category-gundem","category-siyaset"],"_links":{"self":[{"href":"https:\/\/marmarayerelhizmet.com\/index.php\/wp-json\/wp\/v2\/posts\/14469","targetHints":{"allow":["GET"]}}],"collection":[{"href":"https:\/\/marmarayerelhizmet.com\/index.php\/wp-json\/wp\/v2\/posts"}],"about":[{"href":"https:\/\/marmarayerelhizmet.com\/index.php\/wp-json\/wp\/v2\/types\/post"}],"author":[{"embeddable":true,"href":"https:\/\/marmarayerelhizmet.com\/index.php\/wp-json\/wp\/v2\/users\/3"}],"replies":[{"embeddable":true,"href":"https:\/\/marmarayerelhizmet.com\/index.php\/wp-json\/wp\/v2\/comments?post=14469"}],"version-history":[{"count":0,"href":"https:\/\/marmarayerelhizmet.com\/index.php\/wp-json\/wp\/v2\/posts\/14469\/revisions"}],"wp:featuredmedia":[{"embeddable":true,"href":"https:\/\/marmarayerelhizmet.com\/index.php\/wp-json\/wp\/v2\/media\/14471"}],"wp:attachment":[{"href":"https:\/\/marmarayerelhizmet.com\/index.php\/wp-json\/wp\/v2\/media?parent=14469"}],"wp:term":[{"taxonomy":"category","embeddable":true,"href":"https:\/\/marmarayerelhizmet.com\/index.php\/wp-json\/wp\/v2\/categories?post=14469"},{"taxonomy":"post_tag","embeddable":true,"href":"https:\/\/marmarayerelhizmet.com\/index.php\/wp-json\/wp\/v2\/tags?post=14469"}],"curies":[{"name":"wp","href":"https:\/\/api.w.org\/{rel}","templated":true}]}}