{"id":14461,"date":"2023-08-28T22:31:19","date_gmt":"2023-08-28T19:31:19","guid":{"rendered":"https:\/\/marmarayerelhizmet.com\/?p=14461"},"modified":"2023-08-28T22:31:19","modified_gmt":"2023-08-28T19:31:19","slug":"geri-donusum-tesisinde-yangin","status":"publish","type":"post","link":"https:\/\/marmarayerelhizmet.com\/index.php\/2023\/08\/28\/geri-donusum-tesisinde-yangin\/","title":{"rendered":"Geri D\u00f6n\u00fc\u015f\u00fcm Tesisinde Yang\u0131n"},"content":{"rendered":"<p><strong><span style=\"font-family: arial, helvetica, sans-serif; font-size: 14px;\">Kocaeli\u2019nin \u0130zmit il\u00e7esinde geri d\u00f6n\u00fc\u015f\u00fcm toplama ay\u0131rtma tesisinde \u00e7\u0131kan yang\u0131n 2 saatlik \u00e7al\u0131\u015fman\u0131n ard\u0131ndan kontrol alt\u0131na al\u0131nd\u0131. \u0130tfaiye ekiplerinin so\u011futma \u00e7al\u0131\u015fmas\u0131 devam ediyor.<br \/>\n<\/span><\/strong><br \/>\n<span style=\"font-family: arial, helvetica, sans-serif; font-size: 14px;\">Yang\u0131n, Sanayi Mahallesi Kad\u0131k\u00f6y Sokak\u2019ta bulunan Cant\u00fcrk Geri Kazan\u0131m Toplama Ay\u0131rtma Tesisinde \u00e7\u0131kt\u0131. Edinilen bilgiye g\u00f6re, pres makinesinin patlamas\u0131 \u00fczerine tesiste yang\u0131n \u00e7\u0131kt\u0131. Yang\u0131n\u0131 g\u00f6ren \u00e7al\u0131\u015fanlar can havli ile kendini d\u0131\u015far\u0131 att\u0131. Dumanlar g\u00f6ky\u00fcz\u00fcn\u00fc kaplarken, yang\u0131n sebebiyle tesiste patlamalar meydana geldi. Durum, 112 Acil \u00c7a\u011fr\u0131 Merkezine ihbar verildi. \u0130hbar \u00fczerine adrese \u00e7ok say\u0131da itfaiye, UMKE, AFAD, sa\u011fl\u0131k ve polis ekipleri sevk edildi. K\u0131sa s\u00fcrede ula\u015fan itfaiye ekipleri yang\u0131n\u0131 s\u00f6nd\u00fcrmek i\u00e7in \u00e7al\u0131\u015fma ba\u015flatt\u0131.<\/span><br \/>\n<span style=\"font-family: arial, helvetica, sans-serif; font-size: 14px;\">\u0130tfaiye ekiplerinin teleskobik merdiven kullanarak m\u00fcdahale etti\u011fi yang\u0131n 2 saatin ard\u0131ndan kontrol alt\u0131na al\u0131nd\u0131. Tesiste maddi hasar meydana gelirken at\u0131k ka\u011f\u0131t, \u015fi\u015fe ve plastik malzemeler k\u00fcle d\u00f6nd\u00fc. Fabrikada so\u011futma \u00e7al\u0131\u015fmalar\u0131 devam ediyor. Yang\u0131nda dumandan etkilenen ya da yaralanan olmad\u0131\u011f\u0131 kaydedildi.<\/span><\/p>\n","protected":false},"excerpt":{"rendered":"<p>Kocaeli\u2019nin \u0130zmit il\u00e7esinde geri d\u00f6n\u00fc\u015f\u00fcm toplama ay\u0131rtma tesisinde \u00e7\u0131kan yang\u0131n 2 saatlik \u00e7al\u0131\u015fman\u0131n ard\u0131ndan kontrol alt\u0131na al\u0131nd\u0131. \u0130tfaiye ekiplerinin so\u011futma<\/p>\n","protected":false},"author":3,"featured_media":14463,"comment_status":"open","ping_status":"open","sticky":false,"template":"","format":"standard","meta":{"colormag_page_container_layout":"default_layout","colormag_page_sidebar_layout":"default_layout","footnotes":""},"categories":[1,5],"tags":[],"class_list":["post-14461","post","type-post","status-publish","format-standard","has-post-thumbnail","hentry","category-genel","category-gundem"],"_links":{"self":[{"href":"https:\/\/marmarayerelhizmet.com\/index.php\/wp-json\/wp\/v2\/posts\/14461","targetHints":{"allow":["GET"]}}],"collection":[{"href":"https:\/\/marmarayerelhizmet.com\/index.php\/wp-json\/wp\/v2\/posts"}],"about":[{"href":"https:\/\/marmarayerelhizmet.com\/index.php\/wp-json\/wp\/v2\/types\/post"}],"author":[{"embeddable":true,"href":"https:\/\/marmarayerelhizmet.com\/index.php\/wp-json\/wp\/v2\/users\/3"}],"replies":[{"embeddable":true,"href":"https:\/\/marmarayerelhizmet.com\/index.php\/wp-json\/wp\/v2\/comments?post=14461"}],"version-history":[{"count":0,"href":"https:\/\/marmarayerelhizmet.com\/index.php\/wp-json\/wp\/v2\/posts\/14461\/revisions"}],"wp:featuredmedia":[{"embeddable":true,"href":"https:\/\/marmarayerelhizmet.com\/index.php\/wp-json\/wp\/v2\/media\/14463"}],"wp:attachment":[{"href":"https:\/\/marmarayerelhizmet.com\/index.php\/wp-json\/wp\/v2\/media?parent=14461"}],"wp:term":[{"taxonomy":"category","embeddable":true,"href":"https:\/\/marmarayerelhizmet.com\/index.php\/wp-json\/wp\/v2\/categories?post=14461"},{"taxonomy":"post_tag","embeddable":true,"href":"https:\/\/marmarayerelhizmet.com\/index.php\/wp-json\/wp\/v2\/tags?post=14461"}],"curies":[{"name":"wp","href":"https:\/\/api.w.org\/{rel}","templated":true}]}}