{"id":14453,"date":"2023-08-28T16:52:11","date_gmt":"2023-08-28T13:52:11","guid":{"rendered":"https:\/\/marmarayerelhizmet.com\/?p=14453"},"modified":"2023-08-28T16:52:11","modified_gmt":"2023-08-28T13:52:11","slug":"altieylulde-yesil-alanlar-artiyor","status":"publish","type":"post","link":"https:\/\/marmarayerelhizmet.com\/index.php\/2023\/08\/28\/altieylulde-yesil-alanlar-artiyor\/","title":{"rendered":"Alt\u0131eyl\u00fcl&#8217;de Ye\u015fil Alanlar Art\u0131yor"},"content":{"rendered":"<p><strong><span style=\"font-family: arial, helvetica, sans-serif; font-size: 14px;\">Alt\u0131eyl\u00fcl Belediyesi 7\u2019den 70\u2019e herkesin ye\u015fil alanlarda vakit ge\u00e7irmeleri i\u00e7in Park Bah\u00e7eler M\u00fcd\u00fcrl\u00fc\u011f\u00fc \u00e7al\u0131\u015fmalar\u0131n\u0131 s\u00fcrd\u00fcr\u00fcyor. Alt\u0131eyl\u00fcl Belediye Ba\u015fkan\u0131 Hasan Avc\u0131 ,\u201d Son 3 y\u0131lda 110 bin m ye\u015fil alan\u0131 Alt\u0131eyl\u00fcl\u2019e kazand\u0131rd\u0131k\u201d dedi.<br \/>\n<\/span><\/strong><br \/>\n<span style=\"font-family: arial, helvetica, sans-serif; font-size: 14px;\">Alt\u0131eyl\u00fcl Belediyesi, \u00e7ocuk oyun alanlar\u0131 ve dinlenme parklar\u0131n\u0131n say\u0131s\u0131n\u0131 ve ye\u015fil alan miktar\u0131n\u0131 art\u0131rmak i\u00e7in \u00e7al\u0131\u015f\u0131yor. Yeni parklar\u0131 vatanda\u015flar\u0131n hizmetine sunan Alt\u0131eyl\u00fcl Belediyesi 7 y\u0131lda ki\u015fi ba\u015f\u0131na d\u00fc\u015fen ye\u015fil alan miktar\u0131n\u0131 2 kat\u0131na \u00e7\u0131kard\u0131.<\/span><br \/>\n<span style=\"font-family: arial, helvetica, sans-serif; font-size: 14px;\">Vatanda\u015flar\u0131n nefes al\u0131p park ve ye\u015fil alanlarda vakit ge\u00e7irmesi i\u00e7in Park Bah\u00e7eler M\u00fcd\u00fcrl\u00fc\u011f\u00fc ekipleri parklar\u0131 ye\u015fil alanlar\u0131 temizleyerek vatanda\u015f\u0131n hizmetine sunmaya devam ediyor. Son 3 y\u0131lda Alt\u0131eyl\u00fcl\u2019e 36 adet park, 89 adet \u00e7ocuk oyun grubu, 3 Millet K\u0131raathanesi kazand\u0131ran Alt\u0131eyl\u00fcl Belediyesi vatanda\u015flar\u0131n daha \u00e7ok ye\u015fil alana sahip olmas\u0131 i\u00e7in \u00e7al\u0131\u015f\u0131yor.<br \/>\n<\/span><br \/>\n<strong><span style=\"font-family: arial, helvetica, sans-serif; font-size: 14px;\">\u201c\u0130l\u00e7eye yeni park ve ye\u015fil alanlar kazand\u0131r\u0131yoruz\u201d<\/span><\/strong><br \/>\n<span style=\"font-family: arial, helvetica, sans-serif; font-size: 14px;\">Ba\u015fkan Avc\u0131, \u201cG\u00f6reve geldi\u011fimiz g\u00fcnden bug\u00fcne kadar Belediyemiz Park Bah\u00e7eler M\u00fcd\u00fcrl\u00fc\u011f\u00fc ekipleri 2014 y\u0131l\u0131 \u00f6ncesine g\u00f6re son 7 y\u0131lda ye\u015fil alan oran\u0131 y\u00fczde 76, son 3 y\u0131lda ise y\u00fczde 45 artt\u0131rd\u0131. Park Bah\u00e7eler M\u00fcd\u00fcrl\u00fc\u011f\u00fc; 7 y\u0131lda 186 bin m, son 3 y\u0131l da ise 110 bin m ye\u015fil alan Alt\u0131eyl\u00fcl\u2019e kazand\u0131rd\u0131. Vatanda\u015flar\u0131m\u0131z\u0131n rahat nefes alabilmeleri, g\u00fcnl\u00fck ya\u015fam\u0131n ke\u015fmeke\u015finden uzakla\u015fmalar\u0131, \u00e7ocuklar\u0131m\u0131z\u0131n yapm\u0131\u015f oldu\u011fumuz parklarda rahat ve konforlu bir \u015feklide vakit ge\u00e7irmeleri i\u00e7in ekiplerimiz \u00e7al\u0131\u015f\u0131yor. \u0130l\u00e7emize yeni park ve ye\u015fil alanlar kazand\u0131rmaya devam edece\u011fiz\u201d diye konu\u015ftu.<\/span><\/p>\n","protected":false},"excerpt":{"rendered":"<p>Alt\u0131eyl\u00fcl Belediyesi 7\u2019den 70\u2019e herkesin ye\u015fil alanlarda vakit ge\u00e7irmeleri i\u00e7in Park Bah\u00e7eler M\u00fcd\u00fcrl\u00fc\u011f\u00fc \u00e7al\u0131\u015fmalar\u0131n\u0131 s\u00fcrd\u00fcr\u00fcyor. Alt\u0131eyl\u00fcl Belediye Ba\u015fkan\u0131 Hasan Avc\u0131<\/p>\n","protected":false},"author":3,"featured_media":14455,"comment_status":"open","ping_status":"open","sticky":false,"template":"","format":"standard","meta":{"colormag_page_container_layout":"default_layout","colormag_page_sidebar_layout":"default_layout","footnotes":""},"categories":[1,5,8],"tags":[],"class_list":["post-14453","post","type-post","status-publish","format-standard","has-post-thumbnail","hentry","category-genel","category-gundem","category-siyaset"],"_links":{"self":[{"href":"https:\/\/marmarayerelhizmet.com\/index.php\/wp-json\/wp\/v2\/posts\/14453","targetHints":{"allow":["GET"]}}],"collection":[{"href":"https:\/\/marmarayerelhizmet.com\/index.php\/wp-json\/wp\/v2\/posts"}],"about":[{"href":"https:\/\/marmarayerelhizmet.com\/index.php\/wp-json\/wp\/v2\/types\/post"}],"author":[{"embeddable":true,"href":"https:\/\/marmarayerelhizmet.com\/index.php\/wp-json\/wp\/v2\/users\/3"}],"replies":[{"embeddable":true,"href":"https:\/\/marmarayerelhizmet.com\/index.php\/wp-json\/wp\/v2\/comments?post=14453"}],"version-history":[{"count":0,"href":"https:\/\/marmarayerelhizmet.com\/index.php\/wp-json\/wp\/v2\/posts\/14453\/revisions"}],"wp:featuredmedia":[{"embeddable":true,"href":"https:\/\/marmarayerelhizmet.com\/index.php\/wp-json\/wp\/v2\/media\/14455"}],"wp:attachment":[{"href":"https:\/\/marmarayerelhizmet.com\/index.php\/wp-json\/wp\/v2\/media?parent=14453"}],"wp:term":[{"taxonomy":"category","embeddable":true,"href":"https:\/\/marmarayerelhizmet.com\/index.php\/wp-json\/wp\/v2\/categories?post=14453"},{"taxonomy":"post_tag","embeddable":true,"href":"https:\/\/marmarayerelhizmet.com\/index.php\/wp-json\/wp\/v2\/tags?post=14453"}],"curies":[{"name":"wp","href":"https:\/\/api.w.org\/{rel}","templated":true}]}}